{"id":94021,"date":"2025-11-19T04:56:08","date_gmt":"2025-11-19T04:56:08","guid":{"rendered":"https:\/\/www.europesays.com\/fi\/94021\/"},"modified":"2025-11-19T04:56:08","modified_gmt":"2025-11-19T04:56:08","slug":"250-syyta-rakastaa-kuopiota-petosen-mehevat-kebabit-pistavat-artun-suupielet-tirskumaan-tuomon-intohimon-takana-on-asuntovelka-savon-sanomat","status":"publish","type":"post","link":"https:\/\/www.europesays.com\/fi\/94021\/","title":{"rendered":"250 syyt\u00e4 rakastaa Kuopiota | Petosen mehev\u00e4t kebabit pist\u00e4v\u00e4t Artun suupielet tirskumaan \u2013 Tuomon intohimon takana on asuntovelka &#8211; Savon Sanomat"},"content":{"rendered":"<ol>\n<li><a href=\"https:\/\/news.google.com\/rss\/articles\/CBMiW0FVX3lxTFBwWG1TaVlqdnlSY2tUY29iMFpJSGwxdzdXUWtreE56MUI4X1FQTmtRRW9YT0ZZNWUyMVhpYlBNTHNncnI1V2RxMDJSTTJxUm9sQUlQcEl3S3hPb1U?oc=5\" target=\"_blank\" rel=\"nofollow noopener\">250 syyt\u00e4 rakastaa Kuopiota | Petosen mehev\u00e4t kebabit pist\u00e4v\u00e4t Artun suupielet tirskumaan \u2013 Tuomon intohimon takana on asuntovelka<\/a>&nbsp;&nbsp;Savon Sanomat<\/li>\n<li><a href=\"https:\/\/news.google.com\/rss\/articles\/CBMiW0FVX3lxTE5PdU50RlI0MkZXaVg4R1l6dVFReTNsQlhlcUdJQTMtZHdUbGpxYUVWTzYxUVVrbG9xNzJsMTJ0UHhhYmZIWW5Db3VCaHl2TnBzSnpvSUdFb0NZVzQ?oc=5\" target=\"_blank\" rel=\"nofollow noopener\">250 syyt\u00e4 rakastaa Kuopiota | &#8221;L\u00f6ysin savolaisen em\u00e4nn\u00e4n&#8221; ja &#8221;Tuskin on Suomessa parempaa&#8221; \u2013 Oi Kuopiomme, kiitos ja onnea!<\/a>&nbsp;&nbsp;Savon Sanomat<\/li>\n<li><a href=\"https:\/\/news.google.com\/rss\/articles\/CBMiQkFVX3lxTE1qdmxfQ0hVLXhJaGZuajJNN284SXpLbC1OQU0zNnoyNk5kek1QazBNTlFoSTdqMnczZUFJQ1hKVWZXUQ?oc=5\" target=\"_blank\" rel=\"nofollow noopener\">Kuopion valtuutetut juhlistivat kaupungin 250-vuotissyntym\u00e4p\u00e4iv\u00e4\u00e4 viitoittamalla tien kohti tulevaa<\/a>&nbsp;&nbsp;Yle<\/li>\n<li><a href=\"https:\/\/news.google.com\/rss\/articles\/CBMi8AFBVV95cUxPQzZzZmZUQ3FwaGhpNV9CR3lFV0NXcnNxNmtwWV82T0pOREYxa3hWUGlhaExjZEM5X1g5dnQyUWxZLXZpZGxJT21fNmx6Z20zODF1RC15ZW9qVzk2R2s4Qks0SmJGeDhlR2Y1eG44TURoYlo4SjZiYks5SUlpVmh2LXBkcGhDMVdlbkdwbnBlRy1valRvR0xNLTFSSTlZZ0xEOWNnNmdHQ0MtVWdnRWw1SU9WUmltNUFpS091RUVwa3NFWlItckVQRXBPOHE1b0R5d2ladGNlMEw5TUxLYkZuQkw4YWpSWV82akRCTmpMemQ?oc=5\" target=\"_blank\" rel=\"nofollow noopener\">Kuopion kaupunki palkitsi juhlavuonna viksuudessa, vapaaehtoisty\u00f6ss\u00e4, kulttuurissa, urheilussa ja turvallisuudessa ansioituneita<\/a>&nbsp;&nbsp;kuopio.fi<\/li>\n<li><a href=\"https:\/\/news.google.com\/rss\/articles\/CBMiakFVX3lxTE9PUFgxa1FaOU1aZ0F5VzZtRFJrUExGSmdnTUZLdmZ3Nks2QldYQ1NrWmllaWxzQ2UwdEdsRDZPQ2plNm9RRVNIMGtHS2FYaHRhYjI2Y3ZaM0RQSmI1TzNDSHl3WnVDR0lsQ0E?oc=5\" target=\"_blank\" rel=\"nofollow noopener\">P\u00e4\u00e4kirjoitus | Kukoistus kysyy veromalttia \u2013 Kuopiossa ei silti pid\u00e4 unohtaa hyv\u00e4n el\u00e4m\u00e4n p\u00e4\u00e4kaupungin ihannetta<\/a>&nbsp;&nbsp;Savon Sanomat<\/li>\n<\/ol>\n","protected":false},"excerpt":{"rendered":"250 syyt\u00e4 rakastaa Kuopiota | Petosen mehev\u00e4t kebabit pist\u00e4v\u00e4t Artun suupielet tirskumaan \u2013 Tuomon intohimon takana on asuntovelka&nbsp;&nbsp;Savon&hellip;\n","protected":false},"author":2,"featured_media":94022,"comment_status":"","ping_status":"","sticky":false,"template":"","format":"standard","meta":{"footnotes":""},"categories":[12],"tags":[22,23,26,27,33,31,30,17,1132,24,25,28,29,15,18,21,32,19,20,16],"class_list":{"0":"post-94021","1":"post","2":"type-post","3":"status-publish","4":"format-standard","5":"has-post-thumbnail","7":"category-suomi","8":"tag-breaking-news","9":"tag-breakingnews","10":"tag-featured-news","11":"tag-featurednews","12":"tag-fi","13":"tag-finland","14":"tag-finnish","15":"tag-headlines","16":"tag-kuopio","17":"tag-latest-news","18":"tag-latestnews","19":"tag-main-news","20":"tag-mainnews","21":"tag-news","22":"tag-otsikot","23":"tag-paauutiset","24":"tag-suomi","25":"tag-top-stories","26":"tag-topstories","27":"tag-uutiset"},"share_on_mastodon":{"url":"https:\/\/pubeurope.com\/@fi\/115574589669408970","error":""},"_links":{"self":[{"href":"https:\/\/www.europesays.com\/fi\/wp-json\/wp\/v2\/posts\/94021","targetHints":{"allow":["GET"]}}],"collection":[{"href":"https:\/\/www.europesays.com\/fi\/wp-json\/wp\/v2\/posts"}],"about":[{"href":"https:\/\/www.europesays.com\/fi\/wp-json\/wp\/v2\/types\/post"}],"author":[{"embeddable":true,"href":"https:\/\/www.europesays.com\/fi\/wp-json\/wp\/v2\/users\/2"}],"replies":[{"embeddable":true,"href":"https:\/\/www.europesays.com\/fi\/wp-json\/wp\/v2\/comments?post=94021"}],"version-history":[{"count":0,"href":"https:\/\/www.europesays.com\/fi\/wp-json\/wp\/v2\/posts\/94021\/revisions"}],"wp:featuredmedia":[{"embeddable":true,"href":"https:\/\/www.europesays.com\/fi\/wp-json\/wp\/v2\/media\/94022"}],"wp:attachment":[{"href":"https:\/\/www.europesays.com\/fi\/wp-json\/wp\/v2\/media?parent=94021"}],"wp:term":[{"taxonomy":"category","embeddable":true,"href":"https:\/\/www.europesays.com\/fi\/wp-json\/wp\/v2\/categories?post=94021"},{"taxonomy":"post_tag","embeddable":true,"href":"https:\/\/www.europesays.com\/fi\/wp-json\/wp\/v2\/tags?post=94021"}],"curies":[{"name":"wp","href":"https:\/\/api.w.org\/{rel}","templated":true}]}}