{"id":94039,"date":"2025-11-19T05:22:08","date_gmt":"2025-11-19T05:22:08","guid":{"rendered":"https:\/\/www.europesays.com\/fi\/94039\/"},"modified":"2025-11-19T05:22:08","modified_gmt":"2025-11-19T05:22:08","slug":"ne-piti-vakisin-mun-silmia-auki-oikeus-kuulee-tanaan-auerin-poikaa","status":"publish","type":"post","link":"https:\/\/www.europesays.com\/fi\/94039\/","title":{"rendered":"\u201dNe piti v\u00e4kisin mun silmi\u00e4 auki\u201d \u2013 Oikeus kuulee t\u00e4n\u00e4\u00e4n Auerin poikaa"},"content":{"rendered":"<p>Anneli Auerin tapaus|Auerin poika kuvasi oikeuspsykologille yli kymmenen vuotta sitten, miten h\u00e4nt\u00e4 oli pahoinpidelty, raiskattu ja sidottu. Oikeus kuulee nyt 26-vuotiasta poikaa t\u00e4n\u00e4\u00e4n. HS seuraa kuulemista kello 9 alkaen.<\/p>\n<p>Lue tiivistelm\u00e4<\/p>\n<p>Tiivistelm\u00e4 on teko\u00e4lyn tekem\u00e4 ja ihmisen tarkistama.<\/p>\n<p class=\"article-body mb-nof-24 px-nof-16 sndp-summary-bullet-point-font\">Varsinais-Suomen k\u00e4r\u00e4j\u00e4oikeus kuulee keskiviikkona Anneli Auerin 26-vuotiasta poikaa, joka on perunut aiemmat kertomuksensa seksuaali- ja v\u00e4kivaltarikoksista.<\/p>\n<p class=\"article-body mb-nof-24 px-nof-16 sndp-summary-bullet-point-font\">Poika kertoi vuonna 2011 oikeuspsykologisessa haastattelussa, ett\u00e4 Auer pakotti h\u00e4net katsomaan pornografiaa ja kuvasi v\u00e4itettyj\u00e4 raiskauksia ja sidontoja.<\/p>\n<p class=\"article-body mb-nof-24 px-nof-16 sndp-summary-bullet-point-font\">Poika kertoo nyt, ett\u00e4 sijaisvanhemmat kysyiv\u00e4t samoja asioita toistuvasti, kunnes lapset vastasivat my\u00f6nt\u00e4v\u00e4sti, ja ett\u00e4 tarinoiden kertominen johti parempaan kohteluun.<\/p>\n<p class=\"article-body mb-nof-24 px-nof-16 sndp-summary-bullet-point-font\">Korkein oikeus purki Auerin ja h\u00e4nen miesyst\u00e4v\u00e4ns\u00e4 Jens Kukan tuomiot joulukuussa 2024.<\/p>\n<p class=\"article-body mb-nof-24 px-nof-16\">\u201dNe piti v\u00e4kisin mun silmi\u00e4 auki ja jos m\u00e4 suljin ne, niin ne tukisti mua\u201d, kertoi<a class=\"article-personlink\" href=\"https:\/\/www.hs.fi\/haku\/?query=%20Anneli%20Auerin\" rel=\"nofollow noopener\" target=\"_blank\"> Anneli Auerin<\/a> poika oikeuspsykologisessa haastattelussa vuonna 2011. 12-vuotiaan pojan mukaan Auer pakotti h\u00e4net katsomaan pornografista materiaalia ja esti h\u00e4nt\u00e4 k\u00e4\u00e4nt\u00e4m\u00e4st\u00e4 katsettaan pois.<\/p>\n<p class=\"article-body mb-nof-24 px-nof-16\">Varsinais-Suomen k\u00e4r\u00e4j\u00e4oikeus palaa keskiviikkona n\u00e4ihin yli kymmenen vuoden takaisiin videokertomuksiin, kun Auerin poikaa kuullaan salissa. Vuonna 1999 syntynyt poika on nyt 26-vuotias. H\u00e4nen haastattelunsa olivat merkitt\u00e4v\u00e4 osa alkuper\u00e4ist\u00e4 n\u00e4ytt\u00f6\u00e4, jonka perusteella Auer ja h\u00e4nen entinen miesyst\u00e4v\u00e4ns\u00e4 <a class=\"article-personlink\" href=\"https:\/\/www.hs.fi\/haku\/?query=Jens%20Kukka\" rel=\"nofollow noopener\" target=\"_blank\">Jens Kukka<\/a> tuomittiin seksuaali- ja v\u00e4kivaltarikoksista ennen kuin korkein oikeus purki tuomiot joulukuussa 2024.<\/p>\n<p class=\"article-body mb-nof-24 px-nof-16\">Haastatteluissa poika kuvasi my\u00f6s muuta v\u00e4itetty\u00e4 v\u00e4kivaltaa, pakottamista ja raiskauksia. H\u00e4n kertoi tulleensa useita kertoja sidotuksi s\u00e4nkyyn k\u00e4siraudoilla ja remmeill\u00e4.<\/p>\n<p class=\"article-body mb-nof-24 px-nof-16\">\u201dNoin kahdeksan kertaa se sito mut k\u00e4siraudoilla s\u00e4nkyyn ja sitte se\u2026 ja sit siin oli kaks kertaa mul oli sellaset valkoiset hihnat jaloissa.\u201d<\/p>\n<p class=\"article-body mb-nof-24 px-nof-16\">Eri haastattelukerroilla h\u00e4n mainitsi my\u00f6s ilmastointiteipin ja k\u00f6ydet sitomisv\u00e4linein\u00e4.<\/p>\n<p class=\"article-body mb-nof-24 px-nof-16\">Poika my\u00f6s v\u00e4itti, ett\u00e4 Auer ja Kukka juottivat h\u00e4nelle kerralla useita olutt\u00f6lkkej\u00e4, mink\u00e4 j\u00e4lkeen h\u00e4n sanoi her\u00e4nneens\u00e4 lattialta muistamattomana.<\/p>\n<p class=\"article-body mb-nof-24 px-nof-16\">\u201dja kaikkialle s\u00e4rki kauheesti.\u201d<\/p>\n<p class=\"article-body mb-nof-24 px-nof-16\">Pojan kertomukset tallennettiin videolle vuonna 2011 Varsinais-Suomen sairaanhoitopiirin oikeuspsykiatrian yksik\u00f6ss\u00e4, jossa h\u00e4nt\u00e4 kuultiin useaan otteeseen samana syksyn\u00e4. Niihin liitettiin l\u00e4\u00e4k\u00e4rilausunnot, joissa h\u00e4nelt\u00e4 l\u00f6ytyi kertomuksiin sopivia vammoja.<\/p>\n<p class=\"article-body mb-nof-24 px-nof-16\">Tuomioistuimen enemmist\u00f6 katsoi vammal\u00f6yd\u00f6sten sopivan yhteen pojan kertoman kanssa ja piti n\u00e4ytt\u00f6\u00e4 niin vahvana, ett\u00e4 Auer ja Kukka tuomittiin useista seksuaali- ja v\u00e4kivaltarikoksista.<\/p>\n<p class=\"article-body mb-nof-24 px-nof-16\">Jo ensimm\u00e4isess\u00e4 oikeudenk\u00e4ynniss\u00e4 yksi k\u00e4r\u00e4j\u00e4tuomareista j\u00e4i eri linjoille. H\u00e4n piti pojan tarinaa ep\u00e4luotettavana kokonaisuutena ja kiinnitti huomiota siihen, ett\u00e4 kertomukseen sis\u00e4ltyi samoja ep\u00e4realistisia elementtej\u00e4 kuin muiden lasten tarinoihin.<\/p>\n<p class=\"article-body mb-nof-24 px-nof-16\">Puolustuksen vuonna 2011 tilaamassa asiantuntijalausunnossa oikeuspsykologit arvioivat pojan kertomuksia yksityiskohtaisesti ja p\u00e4\u00e4tyiv\u00e4t siihen, ett\u00e4 tarinat olivat kauttaaltaan ep\u00e4luotettavia ja monilta osin el\u00e4m\u00e4nkokemuksen ja tutkimustiedon valossa ep\u00e4realistisia.<\/p>\n<p class=\"article-body mb-nof-24 px-nof-16\">He katsoivat, ett\u00e4 kertomuksiin sis\u00e4ltyi runsaasti sis\u00e4isi\u00e4 ristiriitoja ja ett\u00e4 niit\u00e4 oli muokannut vuorovaikutus sijaisperheess\u00e4, jossa lasten kanssa oli k\u00e4yty tapahtumia l\u00e4pi toistuvasti.<\/p>\n<p class=\"article-body mb-nof-24 px-nof-16\">Keskeinen kysymys uudessa oikeudenk\u00e4ynniss\u00e4 on, miten paljon painoarvoa pojan vuoden 2011 kuulusteluille voidaan antaa nyt, kun h\u00e4n on aikuisena perunut kertomuksensa.<\/p>\n<p class=\"article-body mb-nof-24 px-nof-16\">Vuonna 2023 annetussa lausunnossa h\u00e4n kuvasi sijaisperheen tapaa kysy\u00e4 samoja asioita yh\u00e4 uudelleen, kunnes lapset vastasivat my\u00f6nt\u00e4v\u00e4sti, ja kertoi, ett\u00e4 tarinoiden kertominen johti parempaan kohteluun.<\/p>\n<p class=\"article-body mb-nof-24 px-nof-16\">&#8221;Me oltiin hirve\u00e4n traumatisoituneita lapsia&#8221;, h\u00e4n kuvaili tilannetta sijaisperheess\u00e4.<\/p>\n<p class=\"article-body mb-nof-24 px-nof-16\">H\u00e4nen mukaansa sijaisvanhemmat katkaisivat kaikki lasten sosiaaliset suhteet \u2013 he vieraannutettiin \u00e4idist\u00e4\u00e4n, vanhimmasta siskostaan, isovanhemmistaan ja yst\u00e4vist\u00e4\u00e4n.<\/p>\n<p class=\"article-body mb-nof-24 px-nof-16\">Poika asui sijaisperheess\u00e4 armeijaan l\u00e4ht\u00f6\u00f6n saakka ja piti muuttonsa j\u00e4lkeen yhteytt\u00e4 sijaisvanhempiin silloin t\u00e4ll\u00f6in.<\/p>\n","protected":false},"excerpt":{"rendered":"Anneli Auerin tapaus|Auerin poika kuvasi oikeuspsykologille yli kymmenen vuotta sitten, miten h\u00e4nt\u00e4 oli pahoinpidelty, raiskattu ja sidottu. Oikeus&hellip;\n","protected":false},"author":2,"featured_media":94040,"comment_status":"","ping_status":"","sticky":false,"template":"","format":"standard","meta":{"footnotes":""},"categories":[12],"tags":[22,23,26,27,33,31,30,17,46,24,25,28,29,15,18,21,32,19,20,16],"class_list":{"0":"post-94039","1":"post","2":"type-post","3":"status-publish","4":"format-standard","5":"has-post-thumbnail","7":"category-suomi","8":"tag-breaking-news","9":"tag-breakingnews","10":"tag-featured-news","11":"tag-featurednews","12":"tag-fi","13":"tag-finland","14":"tag-finnish","15":"tag-headlines","16":"tag-helsingin-sanomat","17":"tag-latest-news","18":"tag-latestnews","19":"tag-main-news","20":"tag-mainnews","21":"tag-news","22":"tag-otsikot","23":"tag-paauutiset","24":"tag-suomi","25":"tag-top-stories","26":"tag-topstories","27":"tag-uutiset"},"share_on_mastodon":{"url":"","error":""},"_links":{"self":[{"href":"https:\/\/www.europesays.com\/fi\/wp-json\/wp\/v2\/posts\/94039","targetHints":{"allow":["GET"]}}],"collection":[{"href":"https:\/\/www.europesays.com\/fi\/wp-json\/wp\/v2\/posts"}],"about":[{"href":"https:\/\/www.europesays.com\/fi\/wp-json\/wp\/v2\/types\/post"}],"author":[{"embeddable":true,"href":"https:\/\/www.europesays.com\/fi\/wp-json\/wp\/v2\/users\/2"}],"replies":[{"embeddable":true,"href":"https:\/\/www.europesays.com\/fi\/wp-json\/wp\/v2\/comments?post=94039"}],"version-history":[{"count":0,"href":"https:\/\/www.europesays.com\/fi\/wp-json\/wp\/v2\/posts\/94039\/revisions"}],"wp:featuredmedia":[{"embeddable":true,"href":"https:\/\/www.europesays.com\/fi\/wp-json\/wp\/v2\/media\/94040"}],"wp:attachment":[{"href":"https:\/\/www.europesays.com\/fi\/wp-json\/wp\/v2\/media?parent=94039"}],"wp:term":[{"taxonomy":"category","embeddable":true,"href":"https:\/\/www.europesays.com\/fi\/wp-json\/wp\/v2\/categories?post=94039"},{"taxonomy":"post_tag","embeddable":true,"href":"https:\/\/www.europesays.com\/fi\/wp-json\/wp\/v2\/tags?post=94039"}],"curies":[{"name":"wp","href":"https:\/\/api.w.org\/{rel}","templated":true}]}}