{"id":94056,"date":"2025-11-19T05:49:10","date_gmt":"2025-11-19T05:49:10","guid":{"rendered":"https:\/\/www.europesays.com\/fi\/94056\/"},"modified":"2025-11-19T05:49:10","modified_gmt":"2025-11-19T05:49:10","slug":"mt-hanet-suomalaiset-haluavat-paaministeriksi","status":"publish","type":"post","link":"https:\/\/www.europesays.com\/fi\/94056\/","title":{"rendered":"MT: H\u00e4net suomalaiset haluavat p\u00e4\u00e4ministeriksi"},"content":{"rendered":"<p>Kyselyn perusteella yksi oli ylitse muiden.<\/p>\n<p><img decoding=\"async\" class=\"image image-show image-preview\" src=\"https:\/\/www.europesays.com\/fi\/wp-content\/uploads\/2025\/11\/fb781df09ea571b4e83309bfde3d9f07139350fda1fdc04cf019481b1f6d1703.jpg\" alt=\"\"\/><img decoding=\"async\" class=\"image image-show\" src=\"https:\/\/www.europesays.com\/fi\/wp-content\/uploads\/2025\/11\/1763531350_789_fb781df09ea571b4e83309bfde3d9f07139350fda1fdc04cf019481b1f6d1703.jpg\" alt=\"\"\/><\/p>\n<p>Antti Lindtman (sd) nousi gallupin k\u00e4rkeen seuraavana p\u00e4\u00e4ministerivalintana. MATTI MATIKAINEN<\/p>\n<p class=\"paragraph\"><a href=\"https:\/\/www.iltalehti.fi\/henkilot\/Antti Lindtman\" class=\"article-link-person-page\" rel=\"nofollow noopener\" target=\"_blank\">Antti Lindtman<\/a> (sd) on suomalaisten suosikki seuraavaksi p\u00e4\u00e4ministeriksi, selvi\u00e4\u00e4 Maaseudun Tulevaisuuden kyselyst\u00e4.<\/p>\n<p class=\"paragraph\">Lindtmanin valitsi p\u00e4\u00e4ministeriksi 18 prosenttia kaikista vastaajista. H\u00e4n oli niin miesten kuin naistenkin keskuudessa ykk\u00f6svalinta. Toisella sijalla on keskustan <a href=\"https:\/\/www.iltalehti.fi\/henkilot\/Antti Kaikkonen\" class=\"article-link-person-page\" rel=\"nofollow noopener\" target=\"_blank\">Antti Kaikkonen<\/a> 12 prosentin kannatuksella.<\/p>\n<p class=\"paragraph\">Kolmantena on nykyinen p\u00e4\u00e4ministeri <a href=\"https:\/\/www.iltalehti.fi\/henkilot\/Petteri Orpo\" class=\"article-link-person-page\" rel=\"nofollow noopener\" target=\"_blank\">Petteri Orpo<\/a> (kok) 10 prosentilla ja nelj\u00e4nten\u00e4 <a href=\"https:\/\/www.iltalehti.fi\/henkilot\/Riikka Purra\" class=\"article-link-person-page\" rel=\"nofollow noopener\" target=\"_blank\">Riikka Purra<\/a> (ps) 9 prosentilla.<\/p>\n<p>Ik\u00e4ryhmien v\u00e4lill\u00e4 eroja<\/p>\n<p class=\"paragraph\">Vihreiden <a href=\"https:\/\/www.iltalehti.fi\/henkilot\/Sofia Virta\" class=\"article-link-person-page\" rel=\"nofollow noopener\" target=\"_blank\">Sofia Virta<\/a> sek\u00e4 vasemmistoliiton <a href=\"https:\/\/www.iltalehti.fi\/henkilot\/Minja Koskela\" class=\"article-link-person-page\" rel=\"nofollow noopener\" target=\"_blank\">Minja Koskela<\/a> saivat molemmat kuusi prosenttia maininnoista.<\/p>\n<p class=\"paragraph\">Kyselyss\u00e4 paljastui ik\u00e4luokkien v\u00e4lisi\u00e4 eroja. 18\u201330-vuotiaiden keskuudessa vihreiden Virta oli suosituin 20 prosentilla.<\/p>\n<p class=\"paragraph\">Alle 30-vuotiaista koko kyselyn suosikin Lindtmanin valitsisi 8 prosenttia, Kaikkosen taas 6 prosenttia. Mit\u00e4 vanhempia vastaajat olivat, sit\u00e4 enemm\u00e4n kannatusta Kaikkonen ja Lindtman saivat. Yli 65-vuotiaista vastaavat luvut olivat 28 ja 20 prosenttia.<\/p>\n<p class=\"paragraph\">Nuorten kakkossijalla oli perussuomalaisten Riikka Purra 12 prosentilla. Purra oli toisena my\u00f6s 55\u201364-vuotiaiden keskuudessa. Muiden puoluejohtajien kannatus ei sen sijaan juurikaan vaihdellut i\u00e4n perusteella.<\/p>\n<p class=\"paragraph\"><a href=\"https:\/\/www.iltalehti.fi\/henkilot\/Anders Adlercreutz\" class=\"article-link-person-page\" rel=\"nofollow noopener\" target=\"_blank\">Anders Adlercreutz<\/a> (r) ja <a href=\"https:\/\/www.iltalehti.fi\/henkilot\/Hjallis Harkimo\" class=\"article-link-person-page\" rel=\"nofollow noopener\" target=\"_blank\">Harry \u201dHjallis\u201d Harkimo<\/a> (liik) saivat nelj\u00e4 prosenttia maininnoista. Kristillisdemokraattien <a href=\"https:\/\/www.iltalehti.fi\/henkilot\/Sari Essayah\" class=\"article-link-person-page\" rel=\"nofollow noopener\" target=\"_blank\">Sari Essayahia<\/a> (kd) p\u00e4\u00e4ministerivalinnaksi piti kolme prosenttia.<\/p>\n<p>Vihreiden puheenjohtaja Sofia Virta oli nuorten keskuudessa suosituin valinta seuraavaksi p\u00e4\u00e4ministeriksi. Kaisa Vehkalahti<\/p>\n<p class=\"paragraph\">Vastaajista 14 prosenttia koki, ettei kukaan nykyisist\u00e4 puolueiden puheenjohtajista olisi sopiva p\u00e4\u00e4ministeri ja 15 prosenttia ei osannut sanoa kantaansa.<\/p>\n<p class=\"paragraph\">Kyselyn toteutti MT:n tilauksesta Kantar Agri oy. Kyselyyn vastasi yhteens\u00e4 1 018 suomalaista 24.\u201330. lokakuuta. Tulokset painotettiin vastaamaan Manner-Suomen yli 18-vuotiasta v\u00e4est\u00f6\u00e4. Otannan virhemarginaali on noin kolme prosenttiyksikk\u00f6\u00e4 suuntaansa. Osaotosten tulokset ovat suuntaa antavia.<\/p>\n","protected":false},"excerpt":{"rendered":"Kyselyn perusteella yksi oli ylitse muiden. Antti Lindtman (sd) nousi gallupin k\u00e4rkeen seuraavana p\u00e4\u00e4ministerivalintana. MATTI MATIKAINEN Antti Lindtman&hellip;\n","protected":false},"author":2,"featured_media":94057,"comment_status":"","ping_status":"","sticky":false,"template":"","format":"standard","meta":{"footnotes":""},"categories":[5],"tags":[35,22,23,26,27,33,31,30,17,24,25,28,29,15,18,21,637,886,888,885,887,32,19,20,16],"class_list":{"0":"post-94056","1":"post","2":"type-post","3":"status-publish","4":"format-standard","5":"has-post-thumbnail","7":"category-otsikot","8":"tag-24h","9":"tag-breaking-news","10":"tag-breakingnews","11":"tag-featured-news","12":"tag-featurednews","13":"tag-fi","14":"tag-finland","15":"tag-finnish","16":"tag-headlines","17":"tag-latest-news","18":"tag-latestnews","19":"tag-main-news","20":"tag-mainnews","21":"tag-news","22":"tag-otsikot","23":"tag-paauutiset","24":"tag-politiikka","25":"tag-puolueet","26":"tag-suomalaiset-poliitikot","27":"tag-suomen-poliittiset-puolueet","28":"tag-suomen-politiikka","29":"tag-suomi","30":"tag-top-stories","31":"tag-topstories","32":"tag-uutiset"},"share_on_mastodon":{"url":"https:\/\/pubeurope.com\/@fi\/115574798057073392","error":""},"_links":{"self":[{"href":"https:\/\/www.europesays.com\/fi\/wp-json\/wp\/v2\/posts\/94056","targetHints":{"allow":["GET"]}}],"collection":[{"href":"https:\/\/www.europesays.com\/fi\/wp-json\/wp\/v2\/posts"}],"about":[{"href":"https:\/\/www.europesays.com\/fi\/wp-json\/wp\/v2\/types\/post"}],"author":[{"embeddable":true,"href":"https:\/\/www.europesays.com\/fi\/wp-json\/wp\/v2\/users\/2"}],"replies":[{"embeddable":true,"href":"https:\/\/www.europesays.com\/fi\/wp-json\/wp\/v2\/comments?post=94056"}],"version-history":[{"count":0,"href":"https:\/\/www.europesays.com\/fi\/wp-json\/wp\/v2\/posts\/94056\/revisions"}],"wp:featuredmedia":[{"embeddable":true,"href":"https:\/\/www.europesays.com\/fi\/wp-json\/wp\/v2\/media\/94057"}],"wp:attachment":[{"href":"https:\/\/www.europesays.com\/fi\/wp-json\/wp\/v2\/media?parent=94056"}],"wp:term":[{"taxonomy":"category","embeddable":true,"href":"https:\/\/www.europesays.com\/fi\/wp-json\/wp\/v2\/categories?post=94056"},{"taxonomy":"post_tag","embeddable":true,"href":"https:\/\/www.europesays.com\/fi\/wp-json\/wp\/v2\/tags?post=94056"}],"curies":[{"name":"wp","href":"https:\/\/api.w.org\/{rel}","templated":true}]}}