{"id":94078,"date":"2025-11-19T06:27:09","date_gmt":"2025-11-19T06:27:09","guid":{"rendered":"https:\/\/www.europesays.com\/fi\/94078\/"},"modified":"2025-11-19T06:27:09","modified_gmt":"2025-11-19T06:27:09","slug":"video-julki-lauri-huttunen-ja-sari-anna-huttunen-avioituivat-tv-sarjassa","status":"publish","type":"post","link":"https:\/\/www.europesays.com\/fi\/94078\/","title":{"rendered":"Video julki: Lauri Huttunen ja Sari-Anna Huttunen avioituivat tv-sarjassa"},"content":{"rendered":"<p>Lauri ja Sari-Anna Huttusen h\u00e4\u00e4t n\u00e4hd\u00e4\u00e4n nyt tv:ss\u00e4.<\/p>\n<p>Video: Warner Bros Discovery<\/p>\n<p class=\"article-body mb-nof-24 px-nof-16\">Tosi-tv-sarja Laten ja Sarkun hurjat suunnitelmat huipentuu yll\u00e4tysh\u00e4ihin, kun <a class=\"article-personlink\" href=\"https:\/\/www.is.fi\/haku\/?query=Lauri%20%E2%80%9DLate%E2%80%9D%20Huttunen\" rel=\"nofollow noopener\" target=\"_blank\">Lauri \u201dLate\u201d Huttunen<\/a> ja <a class=\"article-personlink\" href=\"https:\/\/www.is.fi\/haku\/?query=Sari-Anna%20%E2%80%9DSarkku%E2%80%9D%20Huttunen\" rel=\"nofollow noopener\" target=\"_blank\">Sari-Anna \u201dSarkku\u201d Huttunen<\/a> vihit\u00e4\u00e4n ohjelmassa heid\u00e4n kotitilallaan K\u00e4kisaaressa.<\/p>\n<p class=\"article-body mb-nof-24 px-nof-16\">\u2013 T\u00e4n\u00e4\u00e4n saamme todistaa, kun synniss\u00e4 el\u00e4minen t\u00e4ll\u00e4 tontilla vihdoinkin p\u00e4\u00e4ttyy ja pariskunta saa toisensa. Vakka kantensa valitsee, parin vihkinyt merikapteeni sanailee jaksossa.<\/p>\n<p class=\"article-body mb-nof-24 px-nof-16\">Vieraille tapahtuman todellinen luonne paljastui vasta paikan p\u00e4\u00e4ll\u00e4 ja kun Sari-Anna asteli heid\u00e4n eteens\u00e4 valkoisessa h\u00e4\u00e4puvussa. Kutsuissa heid\u00e4t oli toivotettu tervetulleeksi latotansseihin.<\/p>\n<p class=\"article-body mb-nof-24 px-nof-16\">\u2013 Pistet\u00e4\u00e4nks nyt&#8230;? Huttunen kyselee vihkiseremoniassa ja haluaisi jo pujottaa sormuksen Sari-Annan nimett\u00f6m\u00e4\u00e4n. H\u00e4nt\u00e4 k\u00e4sket\u00e4\u00e4n malttamaan, sill\u00e4 seremonia jatkuu viel\u00e4.<\/p>\n<p class=\"article-body mb-nof-24 px-nof-16\">Lopulta pari sanoo \u201dtahdon\u201d ja he vaihtavat sormuksia.<\/p>\n<p class=\"article-body mb-nof-24 px-nof-16\">\u2013 Koska saa suudella? M\u00e4h\u00e4n oon odottanut kolme vuotta! Huttunen vitsailee ja muiskauttaa suudelman vaimolleen.<\/p>\n<p><img decoding=\"async\" src=\"https:\/\/www.europesays.com\/fi\/wp-content\/uploads\/2025\/09\/1756735629_872_468.jpg\" alt=\"Sari-Anna pukeutui mummansa vanhaan valkoiseen h\u00e4\u00e4pukuun, puku on vuodelta 1957. Lauri pukeutui h\u00e4\u00e4p\u00e4iv\u00e4n\u00e4\u00e4n herrasmiehen vaaleaan asuun, silinterihattuineen ja k\u00e4velykeppeineen.\" class=\"_Img_1rerz_1\" style=\"aspect-ratio:0.6666666666666666\" loading=\"eager\"\/><\/p>\n<p class=\"article-picture-caption\">Sari-Anna pukeutui mummansa vanhaan valkoiseen h\u00e4\u00e4pukuun, puku on vuodelta 1957. Lauri pukeutui h\u00e4\u00e4p\u00e4iv\u00e4n\u00e4\u00e4n herrasmiehen vaaleaan asuun, silinterihattuineen ja k\u00e4velykeppeineen. Kuva:\u00a0Vesa Holmala<\/p>\n<p class=\"article-body mb-nof-24 px-nof-16\">Huttuset vihittiin elokuussa heid\u00e4n kotitilallaan Siurossa. Vihkiseremonia j\u00e4rjestettiin rannalla parin kotitilan saunan edess\u00e4. Varsinainen h\u00e4\u00e4juhla pidettiin ladossa, jossa herkuteltiin possunniskalla, kermaperunoilla ja kakulla. Parin h\u00e4\u00e4valssi oli T\u00e4\u00e4ll\u00e4 pohjan t\u00e4hden alla.<\/p>\n<p class=\"article-body mb-nof-24 px-nof-16\">Vihkimisen suoritti naapurissa asuva vanha merikapteeni, jolla on oikeus vihki\u00e4 merill\u00e4. Huttunen kertoi tuolloin Ilta-Sanomille, ettei ole aivan varma onko vihkiminen lainvoimainen, joten varmuuden vuoksi pari k\u00e4vi etuk\u00e4teen hoitamassa avioitumisen virallisen osuuden k\u00e4r\u00e4j\u00e4oikeudessa.<\/p>\n<p class=\"article-body nof-ui-body-medium mb-nof-24 px-nof-16\">Laten ja Sarkun hurjat suunnitelmat p\u00e4\u00e4t\u00f6sjaksot TV5 ke klo 20.00 ja HBO Max.<\/p>\n","protected":false},"excerpt":{"rendered":"Lauri ja Sari-Anna Huttusen h\u00e4\u00e4t n\u00e4hd\u00e4\u00e4n nyt tv:ss\u00e4. Video: Warner Bros Discovery Tosi-tv-sarja Laten ja Sarkun hurjat suunnitelmat&hellip;\n","protected":false},"author":2,"featured_media":94079,"comment_status":"","ping_status":"","sticky":false,"template":"","format":"standard","meta":{"footnotes":""},"categories":[136],"tags":[407,137,33,31,30,34,408,32,109],"class_list":{"0":"post-94078","1":"post","2":"type-post","3":"status-publish","4":"format-standard","5":"has-post-thumbnail","7":"category-julkkikset","8":"tag-celebrities","9":"tag-entertainment","10":"tag-fi","11":"tag-finland","12":"tag-finnish","13":"tag-ilta-sanomat","14":"tag-julkkikset","15":"tag-suomi","16":"tag-viihde"},"share_on_mastodon":{"url":"https:\/\/pubeurope.com\/@fi\/115574947584419529","error":""},"_links":{"self":[{"href":"https:\/\/www.europesays.com\/fi\/wp-json\/wp\/v2\/posts\/94078","targetHints":{"allow":["GET"]}}],"collection":[{"href":"https:\/\/www.europesays.com\/fi\/wp-json\/wp\/v2\/posts"}],"about":[{"href":"https:\/\/www.europesays.com\/fi\/wp-json\/wp\/v2\/types\/post"}],"author":[{"embeddable":true,"href":"https:\/\/www.europesays.com\/fi\/wp-json\/wp\/v2\/users\/2"}],"replies":[{"embeddable":true,"href":"https:\/\/www.europesays.com\/fi\/wp-json\/wp\/v2\/comments?post=94078"}],"version-history":[{"count":0,"href":"https:\/\/www.europesays.com\/fi\/wp-json\/wp\/v2\/posts\/94078\/revisions"}],"wp:featuredmedia":[{"embeddable":true,"href":"https:\/\/www.europesays.com\/fi\/wp-json\/wp\/v2\/media\/94079"}],"wp:attachment":[{"href":"https:\/\/www.europesays.com\/fi\/wp-json\/wp\/v2\/media?parent=94078"}],"wp:term":[{"taxonomy":"category","embeddable":true,"href":"https:\/\/www.europesays.com\/fi\/wp-json\/wp\/v2\/categories?post=94078"},{"taxonomy":"post_tag","embeddable":true,"href":"https:\/\/www.europesays.com\/fi\/wp-json\/wp\/v2\/tags?post=94078"}],"curies":[{"name":"wp","href":"https:\/\/api.w.org\/{rel}","templated":true}]}}