{"id":94090,"date":"2025-11-19T06:58:09","date_gmt":"2025-11-19T06:58:09","guid":{"rendered":"https:\/\/www.europesays.com\/fi\/94090\/"},"modified":"2025-11-19T06:58:09","modified_gmt":"2025-11-19T06:58:09","slug":"netflixiin-tulee-perjantaina-elokuva-jonka-pitaisi-olla-yksi-vuoden-parhaista","status":"publish","type":"post","link":"https:\/\/www.europesays.com\/fi\/94090\/","title":{"rendered":"Netflixiin tulee perjantaina elokuva, jonka pit\u00e4isi olla yksi vuoden parhaista"},"content":{"rendered":"<p>Kuva: BBP Train Dreams. LLC. \u00a9 2025<\/p>\n<p>Train Dreams -elokuvan p\u00e4\u00e4osissa n\u00e4hd\u00e4\u00e4n Joel Edgerton ja Felicity Jones.<\/p>\n<p>Sundancen leffafestareilla maailmanensi-iltansa jo tammikuussa saaneen Train Dreams -elokuvan levitysoikeudet osti harmi kyll\u00e4 <a href=\"https:\/\/muropaketti.com\/avainsana\/netflix\/\" rel=\"nofollow noopener\" target=\"_blank\">Netflix<\/a>, johon elokuva saapuu ylihuomenna 21. marraskuuta. Leffa sai maailmalla pari viikkoa sitten teatteriensi-iltansa, jotta se kelpaa mahdolliseksi Oscar-ehdokkaaksi.<\/p>\n<p>Suomessa Netflix-elokuvilla ei valitettavasti ole ollut vuosiin teatterilevityst\u00e4. Terrence Malick -henkinen Train Dreams jos joku ansaitsi tulla n\u00e4hdyksi mahdollisimman suurelta kankaalta. <\/p>\n<p>Netflix osti ylistetyn draaman oikeudet Sundancen ensi-illan j\u00e4lkeen yli kymmenen miljoonaan dollarin hintaan. Leffan\u00a0<a href=\"https:\/\/www.rottentomatoes.com\/m\/train_dreams\" target=\"_blank\" rel=\"noreferrer noopener nofollow\">Rotten Tomatoes<\/a>\u00a0-prosentti on t\u00e4ll\u00e4 hetkell\u00e4 95.\u00a0<a href=\"https:\/\/www.metacritic.com\/movie\/train-dreams\/\" target=\"_blank\" rel=\"noreferrer noopener nofollow\">Metacriticin<\/a>\u00a0puolella kriitikkoarvostelujen keskiarvo on nyt 87.<\/p>\n<p>Elokuvan p\u00e4\u00e4osissa esiintyv\u00e4t Joel Edgerton ja Felicity Jones.<\/p>\n<p>Train Dreams perustuu Denis Johnsonin vuoden 2011 saman nimiseen pienoisnovelliin. Ohjaajana toimii Clint Bentley, joka vastaa my\u00f6s k\u00e4sikirjoituksesta yhdess\u00e4 Greg Kwedarin kanssa. Kaksikko sai Oscar-ehdokkuuden Sing Sing -elokuvasta parhaan sovitetun k\u00e4sikirjoituksen -kategoriassa.<\/p>\n<p>Elokuvassa esiintyv\u00e4t my\u00f6s muun muassa Kerry Condon, William H. Macy, Clifton Collins Jr., Chuck Tucker ja Paul Schneider.<\/p>\n","protected":false},"excerpt":{"rendered":"Kuva: BBP Train Dreams. LLC. \u00a9 2025 Train Dreams -elokuvan p\u00e4\u00e4osissa n\u00e4hd\u00e4\u00e4n Joel Edgerton ja Felicity Jones. Sundancen&hellip;\n","protected":false},"author":2,"featured_media":94091,"comment_status":"","ping_status":"","sticky":false,"template":"","format":"standard","meta":{"footnotes":""},"categories":[131],"tags":[155,137,18546,33,173,31,30,18547,172,217,16615,32,18548,109],"class_list":{"0":"post-94090","1":"post","2":"type-post","3":"status-publish","4":"format-standard","5":"has-post-thumbnail","7":"category-elokuvat","8":"tag-elokuvat","9":"tag-entertainment","10":"tag-felicity-jones","11":"tag-fi","12":"tag-film","13":"tag-finland","14":"tag-finnish","15":"tag-joel-edgerton","16":"tag-movies","17":"tag-netflix","18":"tag-sundance","19":"tag-suomi","20":"tag-train-dreams","21":"tag-viihde"},"share_on_mastodon":{"url":"https:\/\/pubeurope.com\/@fi\/115575069294338102","error":""},"_links":{"self":[{"href":"https:\/\/www.europesays.com\/fi\/wp-json\/wp\/v2\/posts\/94090","targetHints":{"allow":["GET"]}}],"collection":[{"href":"https:\/\/www.europesays.com\/fi\/wp-json\/wp\/v2\/posts"}],"about":[{"href":"https:\/\/www.europesays.com\/fi\/wp-json\/wp\/v2\/types\/post"}],"author":[{"embeddable":true,"href":"https:\/\/www.europesays.com\/fi\/wp-json\/wp\/v2\/users\/2"}],"replies":[{"embeddable":true,"href":"https:\/\/www.europesays.com\/fi\/wp-json\/wp\/v2\/comments?post=94090"}],"version-history":[{"count":0,"href":"https:\/\/www.europesays.com\/fi\/wp-json\/wp\/v2\/posts\/94090\/revisions"}],"wp:featuredmedia":[{"embeddable":true,"href":"https:\/\/www.europesays.com\/fi\/wp-json\/wp\/v2\/media\/94091"}],"wp:attachment":[{"href":"https:\/\/www.europesays.com\/fi\/wp-json\/wp\/v2\/media?parent=94090"}],"wp:term":[{"taxonomy":"category","embeddable":true,"href":"https:\/\/www.europesays.com\/fi\/wp-json\/wp\/v2\/categories?post=94090"},{"taxonomy":"post_tag","embeddable":true,"href":"https:\/\/www.europesays.com\/fi\/wp-json\/wp\/v2\/tags?post=94090"}],"curies":[{"name":"wp","href":"https:\/\/api.w.org\/{rel}","templated":true}]}}