{"id":94120,"date":"2025-11-19T07:46:08","date_gmt":"2025-11-19T07:46:08","guid":{"rendered":"https:\/\/www.europesays.com\/fi\/94120\/"},"modified":"2025-11-19T07:46:08","modified_gmt":"2025-11-19T07:46:08","slug":"anne-mari-tarkkio-31-on-luultavasti-suomen-kuuluisin-maanviljelija-amskidabamski-asuu-yksin-sukutilalla-ja-videoi-arkeaan-naama-mudassa-keski-suomi","status":"publish","type":"post","link":"https:\/\/www.europesays.com\/fi\/94120\/","title":{"rendered":"Anne-Mari Tarkkio, 31, on luultavasti Suomen kuuluisin maanviljelij\u00e4 \u2013 Amskidabamski asuu yksin sukutilalla ja videoi arkeaan naama mudassa | Keski-Suomi"},"content":{"rendered":"<p>&#8221;Olen oman el\u00e4m\u00e4ni elokuvaohjaaja&#8221;, sanoo miljoonia katselukertoja somessa ker\u00e4\u00e4v\u00e4 Tarkkio.<\/p>\n<p>Mit\u00e4 tekee satakuntalaisessa pikkupit\u00e4j\u00e4ss\u00e4 maata viljelev\u00e4 <strong>Anne-Mari Tarkkio<\/strong>, 31, kun h\u00e4nelt\u00e4 uppoaa traktori puron rantaan?<\/p>\n<p>Ainakaan h\u00e4n ei polje jalkaa ja ryhdy manailemaan huonoa p\u00e4iv\u00e4\u00e4.<\/p>\n<p>Sen sijaan h\u00e4n kaivaa taskustaan k\u00e4nnyk\u00e4n ja videoi tilanteen. H\u00e4n hymyilee koko hommalle, sill\u00e4 el\u00e4m\u00e4ss\u00e4 pit\u00e4\u00e4 olla iloa ja hauskuutta.<\/p>\n<p>Traktori nousee mudasta yl\u00f6s toisen traktorin ja vinssin avulla. Pian on video Instagramissa, Tiktokissa tai Youtubessa.<\/p>\n","protected":false},"excerpt":{"rendered":"&#8221;Olen oman el\u00e4m\u00e4ni elokuvaohjaaja&#8221;, sanoo miljoonia katselukertoja somessa ker\u00e4\u00e4v\u00e4 Tarkkio. Mit\u00e4 tekee satakuntalaisessa pikkupit\u00e4j\u00e4ss\u00e4 maata viljelev\u00e4 Anne-Mari Tarkkio,&hellip;\n","protected":false},"author":2,"featured_media":94121,"comment_status":"","ping_status":"","sticky":false,"template":"","format":"standard","meta":{"footnotes":""},"categories":[136],"tags":[4772,407,137,33,31,30,408,10488,2372,151,32,2590,109],"class_list":{"0":"post-94120","1":"post","2":"type-post","3":"status-publish","4":"format-standard","5":"has-post-thumbnail","7":"category-julkkikset","8":"tag-ammatit","9":"tag-celebrities","10":"tag-entertainment","11":"tag-fi","12":"tag-finland","13":"tag-finnish","14":"tag-julkkikset","15":"tag-ksml-instagram","16":"tag-maanviljelys","17":"tag-sosiaalinen-media-ja-verkostoituminen","18":"tag-suomi","19":"tag-tanaan","20":"tag-viihde"},"share_on_mastodon":{"url":"https:\/\/pubeurope.com\/@fi\/115575258017521840","error":""},"_links":{"self":[{"href":"https:\/\/www.europesays.com\/fi\/wp-json\/wp\/v2\/posts\/94120","targetHints":{"allow":["GET"]}}],"collection":[{"href":"https:\/\/www.europesays.com\/fi\/wp-json\/wp\/v2\/posts"}],"about":[{"href":"https:\/\/www.europesays.com\/fi\/wp-json\/wp\/v2\/types\/post"}],"author":[{"embeddable":true,"href":"https:\/\/www.europesays.com\/fi\/wp-json\/wp\/v2\/users\/2"}],"replies":[{"embeddable":true,"href":"https:\/\/www.europesays.com\/fi\/wp-json\/wp\/v2\/comments?post=94120"}],"version-history":[{"count":0,"href":"https:\/\/www.europesays.com\/fi\/wp-json\/wp\/v2\/posts\/94120\/revisions"}],"wp:featuredmedia":[{"embeddable":true,"href":"https:\/\/www.europesays.com\/fi\/wp-json\/wp\/v2\/media\/94121"}],"wp:attachment":[{"href":"https:\/\/www.europesays.com\/fi\/wp-json\/wp\/v2\/media?parent=94120"}],"wp:term":[{"taxonomy":"category","embeddable":true,"href":"https:\/\/www.europesays.com\/fi\/wp-json\/wp\/v2\/categories?post=94120"},{"taxonomy":"post_tag","embeddable":true,"href":"https:\/\/www.europesays.com\/fi\/wp-json\/wp\/v2\/tags?post=94120"}],"curies":[{"name":"wp","href":"https:\/\/api.w.org\/{rel}","templated":true}]}}