{"id":94132,"date":"2025-11-19T07:57:09","date_gmt":"2025-11-19T07:57:09","guid":{"rendered":"https:\/\/www.europesays.com\/fi\/94132\/"},"modified":"2025-11-19T07:57:09","modified_gmt":"2025-11-19T07:57:09","slug":"huili-taukopaikka-avataan-neste-mantsala-tuliruusun-liikenneasemalle-25-11","status":"publish","type":"post","link":"https:\/\/www.europesays.com\/fi\/94132\/","title":{"rendered":"Huili-taukopaikka avataan Neste M\u00e4nts\u00e4l\u00e4 Tuliruusun liikenneasemalle 25.11."},"content":{"rendered":"<p>Huili laajenee M\u00e4nts\u00e4l\u00e4\u00e4n, kun uusi taukopaikka avaa ovensa Neste M\u00e4nts\u00e4l\u00e4 Tuliruusu &#8211; liikenneasemalla tiistaina 25.11. klo 11. Uusi taukopaikka tarjoaa rennon ja maukkaan pys\u00e4hdyksen Valtatie 4:lla matkustaville ja ammattikuljettajille sek\u00e4 l\u00e4hialueen asukkaille. Huili-taukopaikat tunnetaan laadukkaista raaka-aineista valmistetusta ruoasta, yst\u00e4v\u00e4llisest\u00e4 palvelusta ja aikaa kest\u00e4v\u00e4st\u00e4 tunnelmasta.\u00a0<\/p>\n<p>\u201dOlemme todella iloisia, ett\u00e4 saamme avata Huilin nyt my\u00f6s M\u00e4nts\u00e4l\u00e4\u00e4n. Haluamme tarjota asiakkaillemme paikan, jossa pys\u00e4hdys on enemm\u00e4n kuin tauko. Paikallisuus n\u00e4kyy vahvasti valikoimassa, sill\u00e4 tuomme ruokiin alueen makuja ja tuotteita\u201d, kertoo Restel Taukopaikat Oy:n liiketoimintajohtaja <strong>Tarja Kuittinen<\/strong>.\u00a0<\/p>\n<p>Huili Tuliruusu palvelee tien p\u00e4\u00e4ll\u00e4 liikkuvia ja paikallisia ymp\u00e4ri vuorokauden vuoden jokaisena p\u00e4iv\u00e4n\u00e4. Valikoimaan kuuluvat aamiais- ja lounasbuffet, herkulliset \u00e0 la carte -annokset sek\u00e4 monipuoliset vitriinituotteet.\u00a0<\/p>\n<p>\u201dIloksemme nyt my\u00f6s vilkkaalla Neste M\u00e4nts\u00e4l\u00e4 Tuuliruusun liikenneasemalla avataan uusi houkutteleva Huili-taukopaikka. Liikenneaseman ja ammattiautoilijoiden Neste Truck \u2013aseman laadukkaiden polttoaineiden ja s\u00e4hk\u00f6autojen suurteholatauspalvelun rinnalle saamme nyt Restelin laadukkaat kahvila-ravintolapalvelut, joilla vastaamme asiakkaidemme tarpeisiin.\u00a0 Yhdess\u00e4 Restelin kanssa tarjoamme asiakkaille vaivattoman ja miellytt\u00e4v\u00e4 pys\u00e4hdyksen. Yhteisen\u00e4 tavoitteenamme on tarjota erinomainen asiakaskokemus&#8221;, sanoo <strong>Katri Taskinen<\/strong>, Nesteen asemaverkostosta vastaava johtaja.\u00a0<\/p>\n<p>Avajaisp\u00e4iv\u00e4n\u00e4 Huili Tuliruusussa on luvassa my\u00f6s erityisi\u00e4 etuja: ensimm\u00e4isille asiakkaille jaetaan yhteisty\u00f6kumppaneiden tuotteilla t\u00e4ytetyt Huili-kassit ja ensimm\u00e4isille on tarjolla ilmaiset kakkukahvit. Lis\u00e4ksi Huilin maukas lounas on tarjolla klo 11\u201315 erikoishintaan 5 euroa. Avajaisviikolla (25.11.-7.12.) Neste M\u00e4nts\u00e4l\u00e4 Tuliruusu\u00a0 -liikenneasemalla\u00a0 polttonestealennus -5 snt\/l* sek\u00e4 Neste MY Uusiutuva Lataus 0,29 \u20ac\/kWh**.\u00a0<\/p>\n<p>Huili Tuliruusu M\u00e4nts\u00e4l\u00e4:\u00a0<\/p>\n<ul>\n<li>Avautuu tiistaina 25.11. klo 11.00 osoitteessa Lahden moottoritie 1150, M\u00e4nts\u00e4l\u00e4\u00a0<\/li>\n<li>Runsas aamiais- ja lounasbuffet, \u00e0 la carte -annokset ja vitriinituotteet\u00a0<\/li>\n<li>Paikallisuus n\u00e4kyy ruuassa ja valikoimassa\u00a0<\/li>\n<li>KOKO3:n suunnittelema sisustus\u00a0<\/li>\n<li>Myym\u00e4l\u00e4\u00a0<\/li>\n<li>Raskaan liikenteen Neste Truck \u2013asema\u00a0<\/li>\n<li>Neste MY Uusiutuva Diesel &#8211; ja Neste Futura -polttoaineet\u00a0<\/li>\n<li>Neste MY Uusiutuva Lataus\u00a0<\/li>\n<li>Y\u00f6ruoka\u00a0<\/li>\n<\/ul>\n<p>*Alennus voimassa tankkauksista (pl. poltto\u00f6ljy), kun maksat Neste-\u00e4pill\u00e4 tai tunnistaudut automaatilla Plussa-kortilla. Tarjous voimassa Neste M\u00e4nts\u00e4l\u00e4 Tuliruusu -liikenneasemalla 25.11.-7.12.2025. Ei yhdistett\u00e4viss\u00e4 muihin etuihin.\u00a0<\/p>\n<p>** Tarjous s\u00e4hk\u00f6auton latauksesta voimassa Tuuliruusun\u202fNeste MY Uusiutuva Lataus -asemalla 25.11-7.12.2025, kun maksat Neste-\u00e4pill\u00e4 tai automaatilla. Ei yhdistett\u00e4viss\u00e4 muihin etuihin.\u202f\u00a0<\/p>\n<p>Lis\u00e4tietoja:\u00a0<br \/>Restel: Tarja Kuittinen, Liiketoimintajohtaja, Huili. Restel Taukopaikat Oy\u00a0<br \/>Puh. +358 40 55 62 517, <a href=\"https:\/\/www.sttinfo.fi\/tiedote\/71614095\/mailto:tarja.kuittinen@restel.fi\" target=\"_blank\" rel=\"nofollow noopener\">tarja.kuittinen@restel.fi<\/a>\u00a0<\/p>\n<p>Neste: Yhteydenotot Nesteen mediapalveluun, puh. 0800 94025 \/ <a href=\"https:\/\/www.sttinfo.fi\/tiedote\/71614095\/mailto:media@neste.com\" rel=\"nofollow noopener\" target=\"_blank\">media@neste.com<\/a> (arkisin 8.30\u201316.00). Voit tilata Nesteen tiedotteita osoitteessa <a href=\"https:\/\/www.neste.com\/fi-fi\/medialle\/tilaa?utm_source=chatgpt.com\" target=\"_blank\" rel=\"nofollow noopener\">https:\/\/www.neste.com\/fi-fi\/medialle\/tilaa<\/a>.\u00a0<br \/>\u00a0<\/p>\n","protected":false},"excerpt":{"rendered":"Huili laajenee M\u00e4nts\u00e4l\u00e4\u00e4n, kun uusi taukopaikka avaa ovensa Neste M\u00e4nts\u00e4l\u00e4 Tuliruusu &#8211; liikenneasemalla tiistaina 25.11. klo 11. Uusi&hellip;\n","protected":false},"author":2,"featured_media":94133,"comment_status":"","ping_status":"","sticky":false,"template":"","format":"standard","meta":{"footnotes":""},"categories":[76],"tags":[79,77,33,31,30,32,78],"class_list":{"0":"post-94132","1":"post","2":"type-post","3":"status-publish","4":"format-standard","5":"has-post-thumbnail","7":"category-talous","8":"tag-business","9":"tag-economy","10":"tag-fi","11":"tag-finland","12":"tag-finnish","13":"tag-suomi","14":"tag-talous"},"share_on_mastodon":{"url":"https:\/\/pubeurope.com\/@fi\/115575301464554618","error":""},"_links":{"self":[{"href":"https:\/\/www.europesays.com\/fi\/wp-json\/wp\/v2\/posts\/94132","targetHints":{"allow":["GET"]}}],"collection":[{"href":"https:\/\/www.europesays.com\/fi\/wp-json\/wp\/v2\/posts"}],"about":[{"href":"https:\/\/www.europesays.com\/fi\/wp-json\/wp\/v2\/types\/post"}],"author":[{"embeddable":true,"href":"https:\/\/www.europesays.com\/fi\/wp-json\/wp\/v2\/users\/2"}],"replies":[{"embeddable":true,"href":"https:\/\/www.europesays.com\/fi\/wp-json\/wp\/v2\/comments?post=94132"}],"version-history":[{"count":0,"href":"https:\/\/www.europesays.com\/fi\/wp-json\/wp\/v2\/posts\/94132\/revisions"}],"wp:featuredmedia":[{"embeddable":true,"href":"https:\/\/www.europesays.com\/fi\/wp-json\/wp\/v2\/media\/94133"}],"wp:attachment":[{"href":"https:\/\/www.europesays.com\/fi\/wp-json\/wp\/v2\/media?parent=94132"}],"wp:term":[{"taxonomy":"category","embeddable":true,"href":"https:\/\/www.europesays.com\/fi\/wp-json\/wp\/v2\/categories?post=94132"},{"taxonomy":"post_tag","embeddable":true,"href":"https:\/\/www.europesays.com\/fi\/wp-json\/wp\/v2\/tags?post=94132"}],"curies":[{"name":"wp","href":"https:\/\/api.w.org\/{rel}","templated":true}]}}