{"id":94144,"date":"2025-11-19T08:17:08","date_gmt":"2025-11-19T08:17:08","guid":{"rendered":"https:\/\/www.europesays.com\/fi\/94144\/"},"modified":"2025-11-19T08:17:08","modified_gmt":"2025-11-19T08:17:08","slug":"suomessa-harva-tuntuu-odottavan-vuoden-isointa-elokuvaa-henkilokohtaisesti-ei-kylla-kiinnosta-paskaakaan","status":"publish","type":"post","link":"https:\/\/www.europesays.com\/fi\/94144\/","title":{"rendered":"Suomessa harva tuntuu odottavan vuoden isointa elokuvaa: &#8221;Henkil\u00f6kohtaisesti ei kyll\u00e4 kiinnosta paskaakaan&#8221;"},"content":{"rendered":"<p>Vuonna 2019 alkanut Avatar-elokuvasarja t\u00e4ydentyy trilogiaksi joulukuussa.<\/p>\n<p>Kuinka innoissasi olet <a href=\"https:\/\/muropaketti.com\/avainsana\/avatar-fire-and-ash\/\" rel=\"nofollow noopener\" target=\"_blank\">Avatar: Fire and Ashista<\/a>?<\/p>\n<p>T\u00e4m\u00e4 kysymys esitettiin Muropaketin lukijoille eilen, ja satojen vastausten valossa on k\u00e4ynyt hyvin selv\u00e4ksi, ett\u00e4 Avatarin fanit l\u00f6ytyv\u00e4t jostain ihan muualta kuin lukijoidemme keskuudesta.<\/p>\n<p>T\u00e4ll\u00e4 hetkell\u00e4 gallupiin vastanneista per\u00e4ti 40 prosenttia on ilmoittanut, ettei James Cameronin kolmas Avatar-elokuva kiinnosta \u201dhenkil\u00f6kohtaisesti kyll\u00e4 paskaakaan\u201d.<\/p>\n<p>33 prosenttia aikoo katsoa elokuvan ehk\u00e4 jossain vaiheessa, mutta ei aio siit\u00e4 maksaa, ja vain 27 prosenttia on ilmoittanut menev\u00e4ns\u00e4 katsomaan Fire and Ashin valkokankaalta.<\/p>\n<p>Jos oma mielipide on viel\u00e4 paljastamatta, voi \u00e4\u00e4nens\u00e4 k\u00e4yd\u00e4 antamassa <a href=\"https:\/\/muropaketti.com\/elokuvat\/elokuvauutiset\/gallup-kuinka-paljon-odotat-avatar-fire-and-ash-elokuvaa-vai-odotatko-yhtaan\/\" rel=\"nofollow noopener\" target=\"_blank\">t\u00e4\u00e4ll\u00e4<\/a>.<\/p>\n<p>Gallupiin osallistuminen ei edellyt\u00e4 kirjautumista tai tunnistautumista, joten sen tuloksia ei kannata liian vakavissaan tapittaa.<\/p>\n<p>Avatar: Fire and Ash saapuu Suomen teattereihin keskiviikkona 17. joulukuuta.<\/p>\n<p>Disney kuvailee elokuvaa seuraavasti:<\/p>\n<p>\u201dIlmi\u00f6m\u00e4isen menestyksekk\u00e4\u00e4n \u2019Avatar\u2019-elokuvasarjan kolmas osa \u2019Avatar: Fire and Ash\u2019 saa ensi-iltansa vain elokuvateattereissa 17. joulukuuta 2025. James Cameron vie yleis\u00f6n takaisin Pandora-planeetalle uudessa immersiivisess\u00e4 seikkailussa, jossa mukana ovat na\u2019vi-johtajaksi edennyt entinen merijalkav\u00e4en sotilas Jake Sully (Sam Worthington), na\u2019vi-soturi Neytiri (Zoe Salda\u00f1a) ja koko heid\u00e4n perheens\u00e4. Elokuvan muissa rooleissa n\u00e4hd\u00e4\u00e4n Sigourney Weaver, Stephen Lang, Kate Winslet, Cliff Curtis, Oona Chaplin, Jack Champion, Britain Dalton, Trinity Bliss ja Bailey Bass.\u201d<\/p>\n","protected":false},"excerpt":{"rendered":"Vuonna 2019 alkanut Avatar-elokuvasarja t\u00e4ydentyy trilogiaksi joulukuussa. Kuinka innoissasi olet Avatar: Fire and Ashista? T\u00e4m\u00e4 kysymys esitettiin Muropaketin&hellip;\n","protected":false},"author":2,"featured_media":94145,"comment_status":"","ping_status":"","sticky":false,"template":"","format":"standard","meta":{"footnotes":""},"categories":[131],"tags":[1092,1093,155,137,33,173,31,30,172,32,109],"class_list":{"0":"post-94144","1":"post","2":"type-post","3":"status-publish","4":"format-standard","5":"has-post-thumbnail","7":"category-elokuvat","8":"tag-avatar","9":"tag-avatar-fire-and-ash","10":"tag-elokuvat","11":"tag-entertainment","12":"tag-fi","13":"tag-film","14":"tag-finland","15":"tag-finnish","16":"tag-movies","17":"tag-suomi","18":"tag-viihde"},"share_on_mastodon":{"url":"https:\/\/pubeurope.com\/@fi\/115575379934894304","error":""},"_links":{"self":[{"href":"https:\/\/www.europesays.com\/fi\/wp-json\/wp\/v2\/posts\/94144","targetHints":{"allow":["GET"]}}],"collection":[{"href":"https:\/\/www.europesays.com\/fi\/wp-json\/wp\/v2\/posts"}],"about":[{"href":"https:\/\/www.europesays.com\/fi\/wp-json\/wp\/v2\/types\/post"}],"author":[{"embeddable":true,"href":"https:\/\/www.europesays.com\/fi\/wp-json\/wp\/v2\/users\/2"}],"replies":[{"embeddable":true,"href":"https:\/\/www.europesays.com\/fi\/wp-json\/wp\/v2\/comments?post=94144"}],"version-history":[{"count":0,"href":"https:\/\/www.europesays.com\/fi\/wp-json\/wp\/v2\/posts\/94144\/revisions"}],"wp:featuredmedia":[{"embeddable":true,"href":"https:\/\/www.europesays.com\/fi\/wp-json\/wp\/v2\/media\/94145"}],"wp:attachment":[{"href":"https:\/\/www.europesays.com\/fi\/wp-json\/wp\/v2\/media?parent=94144"}],"wp:term":[{"taxonomy":"category","embeddable":true,"href":"https:\/\/www.europesays.com\/fi\/wp-json\/wp\/v2\/categories?post=94144"},{"taxonomy":"post_tag","embeddable":true,"href":"https:\/\/www.europesays.com\/fi\/wp-json\/wp\/v2\/tags?post=94144"}],"curies":[{"name":"wp","href":"https:\/\/api.w.org\/{rel}","templated":true}]}}