{"id":94156,"date":"2025-11-19T08:26:09","date_gmt":"2025-11-19T08:26:09","guid":{"rendered":"https:\/\/www.europesays.com\/fi\/94156\/"},"modified":"2025-11-19T08:26:09","modified_gmt":"2025-11-19T08:26:09","slug":"kuusi-ihmista-kuoli-traagisen-siltaturman-syy-selvisi","status":"publish","type":"post","link":"https:\/\/www.europesays.com\/fi\/94156\/","title":{"rendered":"Kuusi ihmist\u00e4 kuoli \u2013 traagisen siltaturman syy selvisi"},"content":{"rendered":"<p>Silta romahti Baltimoressa Yhdysvalloissa, kun rahtilaiva t\u00f6rm\u00e4si siihen viime vuoden maaliskuussa.<\/p>\n<p>Hetki kun Baltimoren silta romahtaa rahtilaivan t\u00f6rm\u00e4yksen j\u00e4lkeen.<\/p>\n<p class=\"article-body mb-nof-24 px-nof-16\">Yhdysvaltojen Baltimoressa, Marylandissa, viime vuoden maaliskuussa sattuneen siltaturman syyn\u00e4 oli siltaan t\u00f6rm\u00e4nneen konttialuksen s\u00e4hk\u00f6vika, kertoo Yhdysvaltain liikenneturvallisuusviraston (NTSB) raportti. Kuusi ihmist\u00e4 kuoli, kun Singaporeen rekister\u00f6ity konttialus t\u00f6rm\u00e4si siltaan.<\/p>\n<p class=\"article-body mb-nof-24 px-nof-16\">Viraston mukaan alus menetti ohjattavuutensa, koska yksi laivan ohjausj\u00e4rjestelm\u00e4n s\u00e4hk\u00f6johdoista ei ollut kunnolla kiinni. T\u00e4m\u00e4n vuoksi ohjauskomennot eiv\u00e4t menneet perille.<\/p>\n<p class=\"article-body mb-nof-24 px-nof-16\">Raportin mukaan sillalla ei my\u00f6sk\u00e4\u00e4n ollut varoitusj\u00e4rjestelm\u00e4\u00e4, joka olisi est\u00e4nyt sille ajamisen sen j\u00e4lkeen kun siihen oli t\u00f6rm\u00e4nnyt alus. Kaikki uhrit olivat sillalle ajaneita ihmisi\u00e4, jotka eiv\u00e4t saaneet ajoissa varoitusta.<\/p>\n<p><img decoding=\"async\" src=\"https:\/\/www.europesays.com\/fi\/wp-content\/uploads\/2025\/11\/1763540769_832_468.jpg\" alt=\"Dali-alus t\u00f6rm\u00e4si Francis Scott Key -siltaan Baltimoressa, Marylandissa.\" class=\"_Img_1rerz_1\" style=\"aspect-ratio:1.5011727912431587\" loading=\"eager\"\/><\/p>\n<p class=\"article-picture-caption\">Dali-alus t\u00f6rm\u00e4si Francis Scott Key -siltaan Baltimoressa, Marylandissa. Kuva:\u00a0Nathan Howard \/ Reuters<\/p>\n","protected":false},"excerpt":{"rendered":"Silta romahti Baltimoressa Yhdysvalloissa, kun rahtilaiva t\u00f6rm\u00e4si siihen viime vuoden maaliskuussa. Hetki kun Baltimoren silta romahtaa rahtilaivan t\u00f6rm\u00e4yksen&hellip;\n","protected":false},"author":2,"featured_media":94157,"comment_status":"","ping_status":"","sticky":false,"template":"","format":"standard","meta":{"footnotes":""},"categories":[5],"tags":[22,23,26,27,33,31,30,17,34,24,25,28,29,15,18,21,32,19,20,16],"class_list":{"0":"post-94156","1":"post","2":"type-post","3":"status-publish","4":"format-standard","5":"has-post-thumbnail","7":"category-otsikot","8":"tag-breaking-news","9":"tag-breakingnews","10":"tag-featured-news","11":"tag-featurednews","12":"tag-fi","13":"tag-finland","14":"tag-finnish","15":"tag-headlines","16":"tag-ilta-sanomat","17":"tag-latest-news","18":"tag-latestnews","19":"tag-main-news","20":"tag-mainnews","21":"tag-news","22":"tag-otsikot","23":"tag-paauutiset","24":"tag-suomi","25":"tag-top-stories","26":"tag-topstories","27":"tag-uutiset"},"share_on_mastodon":{"url":"https:\/\/pubeurope.com\/@fi\/115575415439659905","error":""},"_links":{"self":[{"href":"https:\/\/www.europesays.com\/fi\/wp-json\/wp\/v2\/posts\/94156","targetHints":{"allow":["GET"]}}],"collection":[{"href":"https:\/\/www.europesays.com\/fi\/wp-json\/wp\/v2\/posts"}],"about":[{"href":"https:\/\/www.europesays.com\/fi\/wp-json\/wp\/v2\/types\/post"}],"author":[{"embeddable":true,"href":"https:\/\/www.europesays.com\/fi\/wp-json\/wp\/v2\/users\/2"}],"replies":[{"embeddable":true,"href":"https:\/\/www.europesays.com\/fi\/wp-json\/wp\/v2\/comments?post=94156"}],"version-history":[{"count":0,"href":"https:\/\/www.europesays.com\/fi\/wp-json\/wp\/v2\/posts\/94156\/revisions"}],"wp:featuredmedia":[{"embeddable":true,"href":"https:\/\/www.europesays.com\/fi\/wp-json\/wp\/v2\/media\/94157"}],"wp:attachment":[{"href":"https:\/\/www.europesays.com\/fi\/wp-json\/wp\/v2\/media?parent=94156"}],"wp:term":[{"taxonomy":"category","embeddable":true,"href":"https:\/\/www.europesays.com\/fi\/wp-json\/wp\/v2\/categories?post=94156"},{"taxonomy":"post_tag","embeddable":true,"href":"https:\/\/www.europesays.com\/fi\/wp-json\/wp\/v2\/tags?post=94156"}],"curies":[{"name":"wp","href":"https:\/\/api.w.org\/{rel}","templated":true}]}}