{"id":94160,"date":"2025-11-19T08:38:12","date_gmt":"2025-11-19T08:38:12","guid":{"rendered":"https:\/\/www.europesays.com\/fi\/94160\/"},"modified":"2025-11-19T08:38:12","modified_gmt":"2025-11-19T08:38:12","slug":"michael-monroen-todistajalta-kovat-kommentit-oikeudessa-luokattoman-ala-arvoista","status":"publish","type":"post","link":"https:\/\/www.europesays.com\/fi\/94160\/","title":{"rendered":"Michael Monroen todistajalta kovat kommentit oikeudessa: \u201dLuokattoman ala-arvoista\u201d"},"content":{"rendered":"<p>Michael Monroen ja tuotantoyhti\u00f6n riitaa k\u00e4sitell\u00e4\u00e4n j\u00e4lleen keskiviikkona k\u00e4r\u00e4j\u00e4oikeudessa.<\/p>\n<p><a href=\"https:\/\/www.iltalehti.fi\/kirjoittajat\/Karoliina Simoinen\" rel=\"nofollow noopener\" target=\"_blank\"><img decoding=\"async\" class=\"author-image-img\" alt=\"Tekij\u00e4n kuva\" src=\"https:\/\/www.europesays.com\/fi\/wp-content\/uploads\/2025\/08\/c4f6c1ed512ebfe9e748baf33a0a50ed4f7aa1fbdfff0e8f2600c38e7b7bcb94.png\"\/><\/a><a href=\"https:\/\/www.iltalehti.fi\/kirjoittajat\/Sonja Saarinen\" rel=\"nofollow noopener\" target=\"_blank\"><img decoding=\"async\" class=\"author-image-img\" alt=\"Tekij\u00e4n kuva\" src=\"https:\/\/www.europesays.com\/fi\/wp-content\/uploads\/2025\/09\/7946ae942d5cc2686aac2e7fc9bf944ef76dc964d3ac3947e906e7ace850538e.png\"\/><\/a><\/p>\n<p>T\u00e4n\u00e4\u00e4n klo 9:09 (p\u00e4ivitetty klo 10:17)<\/p>\n<p class=\"paragraph\">Rokkari <a href=\"https:\/\/www.iltalehti.fi\/henkilot\/Michael Monroe\" class=\"article-link-person-page\" rel=\"nofollow noopener\" target=\"_blank\">Michael Monroe<\/a> ja Love U Mean It -tuotantoyhti\u00f6n v\u00e4lisen riidan puinti jatkuu t\u00e4n\u00e4\u00e4n keskiviikkona Helsingin k\u00e4r\u00e4j\u00e4oikeudessa.<\/p>\n<p class=\"paragraph\">Iltalehti seuraa klo 9.30 alkavaa istuntoa paikan p\u00e4\u00e4ll\u00e4 k\u00e4r\u00e4j\u00e4oikeudessa.<\/p>\n<p>Ei vanhempia p\u00e4ivityksi\u00e4<\/p>\n<p>T\u00e4st\u00e4 on kyse<\/p>\n<p class=\"paragraph\">Asiaa k\u00e4siteltiin tiistaina 18. p\u00e4iv\u00e4 Helsingin k\u00e4r\u00e4j\u00e4oikeudessa aamusta alkuiltaan saakka. <a href=\"https:\/\/www.iltalehti.fi\/viihdeuutiset\/fce8bd32-eb1f-4f5c-9269-12f8c184d75c\" rel=\"nofollow noopener\" target=\"_blank\">K\u00e4sittelyn aikana tunteet kuumenivat<\/a>. Puhe \u00e4ityi toisinaan huudoksi ja itkuiseksi.<\/p>\n<p><img decoding=\"async\" class=\"image image-show image-preview\" src=\"https:\/\/www.europesays.com\/fi\/wp-content\/uploads\/2025\/11\/e064cd7c88165b000db0e37fc57c55c283ecdbafa35a39bb932beeeb88425be5.jpg\" alt=\"\"\/><img decoding=\"async\" class=\"image image-show\" src=\"https:\/\/www.europesays.com\/fi\/wp-content\/uploads\/2025\/11\/1763541492_881_e064cd7c88165b000db0e37fc57c55c283ecdbafa35a39bb932beeeb88425be5.jpg\" alt=\"\"\/><\/p>\n<p>&#8221;I see you&#8221;, Michael Monroe sanoi valokuvaajalle ennen oikeuden istuntoa.  Henri K\u00e4rkk\u00e4inen<\/p>\n<p class=\"paragraph\">Monroe haastoi Love U Mean It (Lumi) -tuotantoyhti\u00f6n oikeuteen. Monroen ja tuotantoyhti\u00f6n riita koskee tuotantoyhti\u00f6n julkaisemaa el\u00e4m\u00e4kertadokumenttia Monroesta. Monroen mielest\u00e4 dokumentti julkaistiin vuonna 2021 Elisa Viihde -suoratoistopalveluun ilman lupaa. Dokumentti poistettiin palvelusta vain muutama p\u00e4iv\u00e4 julkaisemisesta. Tuotantoyhti\u00f6n toimitusjohtaja <strong>Saku-Petteri Perint\u00f6<\/strong> sanoi oikeudessa, ett\u00e4 Monroe \u201dpainosti\u201d poistamaan dokumenttielokuvan.<\/p>\n<p>Saku-Petteri Perint\u00f6 Helsingin k\u00e4r\u00e4j\u00e4oikeudessa keskiviikkona.  Henri K\u00e4rkk\u00e4inen<\/p>\n<p class=\"paragraph\">Monroen mukaan sopimuksen mukaan h\u00e4nell\u00e4 olisi pit\u00e4nyt olla valta tehd\u00e4 lopullinen hyv\u00e4ksynt\u00e4 kaikkeen julkaistavaan materiaaliin, sill\u00e4 kyse on h\u00e4nen el\u00e4m\u00e4st\u00e4\u00e4n. H\u00e4nen mukaansa dokumenttia ei olisi pit\u00e4nyt julkaista ilman h\u00e4nen lupaansa, ja h\u00e4n piti t\u00e4rke\u00e4n\u00e4, ett\u00e4 dokumentista tulisi laadukas ja ainutlaatuinen.<\/p>\n<p class=\"paragraph\">Tuotantoyhti\u00f6n toimitusjohtaja Perint\u00f6 puolestaan katsoi, ett\u00e4 yhti\u00f6ll\u00e4 on kaikki tekij\u00e4noikeudelliset ja kaupalliset oikeudet dokumenttiin. Perinn\u00f6n mukaan Monroe sai mahdollisuuden vaikuttaa sis\u00e4lt\u00f6\u00f6n ja pyyt\u00e4\u00e4 muutoksia, ja tuotantoyhti\u00f6 teki useita versioita dokumentista Monroen toiveiden mukaisesti. H\u00e4nen mukaansa Monroe vet\u00e4ytyi projektista vasta aivan viime metreill\u00e4, jonka j\u00e4lkeen Monroe teki heid\u00e4n tiet\u00e4m\u00e4tt\u00e4\u00e4n uuden dokumentin <a href=\"https:\/\/www.iltalehti.fi\/henkilot\/Pete Eklund\" class=\"article-link-person-page\" rel=\"nofollow noopener\" target=\"_blank\">Pete Eklundin<\/a> kanssa.<\/p>\n<p class=\"paragraph\">Monroe jopa murtui l\u00e4hes kyyneliin, kun h\u00e4n kertoi oikeudessa, ett\u00e4 h\u00e4nen henkil\u00f6kohtaiset materiaalinsa vuosien varrelta ovat edelleen Perinn\u00f6n tuotantoyhti\u00f6n hallussa. Perinn\u00f6n mukaan tuotantoyhti\u00f6ll\u00e4 ei ole hallussaan Monroen omistamaa materiaalia.<\/p>\n<p>Michael Monroe Helsingin k\u00e4r\u00e4j\u00e4oikeudessa keskiviikkona.  Henri K\u00e4rkk\u00e4inen<\/p>\n","protected":false},"excerpt":{"rendered":"Michael Monroen ja tuotantoyhti\u00f6n riitaa k\u00e4sitell\u00e4\u00e4n j\u00e4lleen keskiviikkona k\u00e4r\u00e4j\u00e4oikeudessa. T\u00e4n\u00e4\u00e4n klo 9:09 (p\u00e4ivitetty klo 10:17) Rokkari Michael Monroe&hellip;\n","protected":false},"author":2,"featured_media":94161,"comment_status":"","ping_status":"","sticky":false,"template":"","format":"standard","meta":{"footnotes":""},"categories":[136],"tags":[35,138,407,137,33,31,30,408,47,141,32,485,484,109],"class_list":{"0":"post-94160","1":"post","2":"type-post","3":"status-publish","4":"format-standard","5":"has-post-thumbnail","7":"category-julkkikset","8":"tag-24h","9":"tag-audio","10":"tag-celebrities","11":"tag-entertainment","12":"tag-fi","13":"tag-finland","14":"tag-finnish","15":"tag-julkkikset","16":"tag-musiikki","17":"tag-muusikot-bandit","18":"tag-suomi","19":"tag-taide-yleista","20":"tag-taiteellinen-ilmaisu-ja-mediat","21":"tag-viihde"},"share_on_mastodon":{"url":"https:\/\/pubeurope.com\/@fi\/115575462726440802","error":""},"_links":{"self":[{"href":"https:\/\/www.europesays.com\/fi\/wp-json\/wp\/v2\/posts\/94160","targetHints":{"allow":["GET"]}}],"collection":[{"href":"https:\/\/www.europesays.com\/fi\/wp-json\/wp\/v2\/posts"}],"about":[{"href":"https:\/\/www.europesays.com\/fi\/wp-json\/wp\/v2\/types\/post"}],"author":[{"embeddable":true,"href":"https:\/\/www.europesays.com\/fi\/wp-json\/wp\/v2\/users\/2"}],"replies":[{"embeddable":true,"href":"https:\/\/www.europesays.com\/fi\/wp-json\/wp\/v2\/comments?post=94160"}],"version-history":[{"count":0,"href":"https:\/\/www.europesays.com\/fi\/wp-json\/wp\/v2\/posts\/94160\/revisions"}],"wp:featuredmedia":[{"embeddable":true,"href":"https:\/\/www.europesays.com\/fi\/wp-json\/wp\/v2\/media\/94161"}],"wp:attachment":[{"href":"https:\/\/www.europesays.com\/fi\/wp-json\/wp\/v2\/media?parent=94160"}],"wp:term":[{"taxonomy":"category","embeddable":true,"href":"https:\/\/www.europesays.com\/fi\/wp-json\/wp\/v2\/categories?post=94160"},{"taxonomy":"post_tag","embeddable":true,"href":"https:\/\/www.europesays.com\/fi\/wp-json\/wp\/v2\/tags?post=94160"}],"curies":[{"name":"wp","href":"https:\/\/api.w.org\/{rel}","templated":true}]}}