{"id":94197,"date":"2025-11-19T09:17:08","date_gmt":"2025-11-19T09:17:08","guid":{"rendered":"https:\/\/www.europesays.com\/fi\/94197\/"},"modified":"2025-11-19T09:17:08","modified_gmt":"2025-11-19T09:17:08","slug":"hallitus-on-paassyt-sopuun-valtatie-9n-rahoituksesta","status":"publish","type":"post","link":"https:\/\/www.europesays.com\/fi\/94197\/","title":{"rendered":"Hallitus on p\u00e4\u00e4ssyt sopuun valtatie 9:n rahoituksesta"},"content":{"rendered":"<p>Rahoitus sis\u00e4ltyy ensi vuoden talousarvion t\u00e4ydent\u00e4v\u00e4\u00e4n esitykseen.<\/p>\n<p class=\"article-body mb-nof-24 px-nof-16\">STT:n tietojen mukaan hallitus on p\u00e4\u00e4ssyt sopuun valtatie 9:n rahoituksesta. Kyse on Tampere\u2013Orivesi-v\u00e4lin kunnostuksesta, johon hallitus esitt\u00e4\u00e4 109:\u00e4\u00e4 miljoonaa euroa.<\/p>\n<p class=\"article-body mb-nof-24 px-nof-16\">Rahoitus sis\u00e4ltyy ensi vuoden talousarvion t\u00e4ydent\u00e4v\u00e4\u00e4n esitykseen, joka hallituksen on m\u00e4\u00e4r\u00e4 antaa torstaina eduskunnalle.<\/p>\n<p class=\"article-body mb-nof-24 px-nof-16\">Valtatie 9 on merkitt\u00e4v\u00e4 valtakunnallinen poikittaisyhteys Turusta Tampereen, Jyv\u00e4skyl\u00e4n, Kuopion ja Joensuun kautta Niiralan rajanylityspaikalle.<\/p>\n<p class=\"article-body mb-nof-24 px-nof-16\">Liikenne- ja viestint\u00e4ministeri <a class=\"article-personlink\" href=\"https:\/\/www.aamulehti.fi\/haku\/?query=Lulu%20Ranne\" rel=\"nofollow noopener\" target=\"_blank\">Lulu Ranne<\/a> (ps.) lupaili julkisuudessa syyskuussa, ett\u00e4 valtatie 9:n kehitt\u00e4mishanke k\u00e4ynnistyy viel\u00e4 t\u00e4ll\u00e4 hallituskaudella. Lokakuussa hallituksen eduskunnalle antamassa lis\u00e4talousarviossa rahoitusta ei viel\u00e4 kuitenkaan n\u00e4kynyt. Ilman rahaa j\u00e4\u00e4minen her\u00e4tti arvostelua etenkin Pirkanmaalla, jossa tien merkitys on suuri.<\/p>\n<p class=\"article-body mb-nof-24 px-nof-16\">Tien kunnostamisen rahoituksesta p\u00e4\u00e4tettiin STT:n tietojen mukaan hallituksen talouspoliittisessa ministerivaliokunnassa tiistaina.<\/p>\n<p class=\"article-body mb-nof-24 px-nof-16\">Tiehanketta on hetkitt\u00e4in pidetty politiikan kulisseissa yhten\u00e4 osana hallituksen ratkaisemattomien riitojen kokonaisuutta, johon kuuluvat muun muassa taksiuudistus ja tuulivoiman et\u00e4isyyss\u00e4\u00e4ntely.<\/p>\n<p class=\"article-body mb-nof-24 px-nof-16\">Valtatie 9:n rahoitus ratkesi kuitenkin ilman, ett\u00e4 n\u00e4ist\u00e4 muista asioista on sopua. STT:n tietojen mukaan hallituspuolueiden neuvottelut taksiuudistuksesta ja tuulivoiman et\u00e4isyyss\u00e4\u00e4ntelyst\u00e4 ovat yh\u00e4 kesken.<\/p>\n<p class=\"article-body nof-ui-body-medium mb-nof-24 px-nof-16\">T\u00e4m\u00e4 oli p\u00e4ivittyv\u00e4 uutinen.<\/p>\n","protected":false},"excerpt":{"rendered":"Rahoitus sis\u00e4ltyy ensi vuoden talousarvion t\u00e4ydent\u00e4v\u00e4\u00e4n esitykseen. STT:n tietojen mukaan hallitus on p\u00e4\u00e4ssyt sopuun valtatie 9:n rahoituksesta. Kyse&hellip;\n","protected":false},"author":2,"featured_media":94198,"comment_status":"","ping_status":"","sticky":false,"template":"","format":"standard","meta":{"footnotes":""},"categories":[12],"tags":[157,22,23,26,27,33,31,30,17,24,25,28,29,15,18,21,32,19,20,16],"class_list":{"0":"post-94197","1":"post","2":"type-post","3":"status-publish","4":"format-standard","5":"has-post-thumbnail","7":"category-suomi","8":"tag-aamulehti","9":"tag-breaking-news","10":"tag-breakingnews","11":"tag-featured-news","12":"tag-featurednews","13":"tag-fi","14":"tag-finland","15":"tag-finnish","16":"tag-headlines","17":"tag-latest-news","18":"tag-latestnews","19":"tag-main-news","20":"tag-mainnews","21":"tag-news","22":"tag-otsikot","23":"tag-paauutiset","24":"tag-suomi","25":"tag-top-stories","26":"tag-topstories","27":"tag-uutiset"},"share_on_mastodon":{"url":"https:\/\/pubeurope.com\/@fi\/115575615948320025","error":""},"_links":{"self":[{"href":"https:\/\/www.europesays.com\/fi\/wp-json\/wp\/v2\/posts\/94197","targetHints":{"allow":["GET"]}}],"collection":[{"href":"https:\/\/www.europesays.com\/fi\/wp-json\/wp\/v2\/posts"}],"about":[{"href":"https:\/\/www.europesays.com\/fi\/wp-json\/wp\/v2\/types\/post"}],"author":[{"embeddable":true,"href":"https:\/\/www.europesays.com\/fi\/wp-json\/wp\/v2\/users\/2"}],"replies":[{"embeddable":true,"href":"https:\/\/www.europesays.com\/fi\/wp-json\/wp\/v2\/comments?post=94197"}],"version-history":[{"count":0,"href":"https:\/\/www.europesays.com\/fi\/wp-json\/wp\/v2\/posts\/94197\/revisions"}],"wp:featuredmedia":[{"embeddable":true,"href":"https:\/\/www.europesays.com\/fi\/wp-json\/wp\/v2\/media\/94198"}],"wp:attachment":[{"href":"https:\/\/www.europesays.com\/fi\/wp-json\/wp\/v2\/media?parent=94197"}],"wp:term":[{"taxonomy":"category","embeddable":true,"href":"https:\/\/www.europesays.com\/fi\/wp-json\/wp\/v2\/categories?post=94197"},{"taxonomy":"post_tag","embeddable":true,"href":"https:\/\/www.europesays.com\/fi\/wp-json\/wp\/v2\/tags?post=94197"}],"curies":[{"name":"wp","href":"https:\/\/api.w.org\/{rel}","templated":true}]}}