{"id":94213,"date":"2025-11-19T09:39:11","date_gmt":"2025-11-19T09:39:11","guid":{"rendered":"https:\/\/www.europesays.com\/fi\/94213\/"},"modified":"2025-11-19T09:39:11","modified_gmt":"2025-11-19T09:39:11","slug":"suojeltujen-metsien-maara-on-lisaantynyt-uutisia-lyhyesti","status":"publish","type":"post","link":"https:\/\/www.europesays.com\/fi\/94213\/","title":{"rendered":"Suojeltujen metsien m\u00e4\u00e4r\u00e4 on lis\u00e4\u00e4ntynyt | Uutisia lyhyesti"},"content":{"rendered":"<p class=\"aw-1gybjub aw-1p7kakr kEtdKx cEmitX yle__article__paragraph\">Suomessa mets\u00e4maan suojelupinta-ala on kasvanut kolmessa vuodessa noin kaksi prosenttia, kertoo <a class=\"aw-iao6s4 iHOxEa yle__article__link\" href=\"https:\/\/www.luke.fi\/fi\/tilastot\/metsien-suojelu\/metsien-suojelu-112025\" role=\"link\" rel=\"nofollow noopener\" target=\"_blank\">Luonnonvarakeskus<\/a>. Samalla ajanjaksolla kitumaan suojeluala pysyi l\u00e4hes ennallaan. Sek\u00e4 mets\u00e4maa ett\u00e4 kitumaa lasketaan mets\u00e4pinta-alaan.<\/p>\n<p class=\"aw-1gybjub aw-1p7kakr kEtdKx cEmitX yle__article__paragraph\">Vuoden alussa 13 prosenttia Suomen mets\u00e4pinta-alasta oli suojeltu. Suojellut mets\u00e4t ovat yleens\u00e4 kokonaan mets\u00e4talousk\u00e4yt\u00f6n ulkopuolella.<\/p>\n<p class=\"aw-1gybjub aw-1p7kakr kEtdKx cEmitX yle__article__paragraph\">Suojelun osuus on suurin Pohjois-Suomessa, jossa viidennes metsist\u00e4 on suojeltu. Etel\u00e4-Suomessa osuus on kuusi prosenttia.<\/p>\n","protected":false},"excerpt":{"rendered":"Suomessa mets\u00e4maan suojelupinta-ala on kasvanut kolmessa vuodessa noin kaksi prosenttia, kertoo Luonnonvarakeskus. Samalla ajanjaksolla kitumaan suojeluala pysyi l\u00e4hes&hellip;\n","protected":false},"author":2,"featured_media":74,"comment_status":"","ping_status":"","sticky":false,"template":"","format":"standard","meta":{"footnotes":""},"categories":[112],"tags":[33,31,30,71,72,118,32,119],"class_list":{"0":"post-94213","1":"post","2":"type-post","3":"status-publish","4":"format-standard","5":"has-post-thumbnail","7":"category-tiede","8":"tag-fi","9":"tag-finland","10":"tag-finnish","11":"tag-kotimaa","12":"tag-luonto","13":"tag-science","14":"tag-suomi","15":"tag-tiede"},"share_on_mastodon":{"url":"https:\/\/pubeurope.com\/@fi\/115575702342232431","error":""},"_links":{"self":[{"href":"https:\/\/www.europesays.com\/fi\/wp-json\/wp\/v2\/posts\/94213","targetHints":{"allow":["GET"]}}],"collection":[{"href":"https:\/\/www.europesays.com\/fi\/wp-json\/wp\/v2\/posts"}],"about":[{"href":"https:\/\/www.europesays.com\/fi\/wp-json\/wp\/v2\/types\/post"}],"author":[{"embeddable":true,"href":"https:\/\/www.europesays.com\/fi\/wp-json\/wp\/v2\/users\/2"}],"replies":[{"embeddable":true,"href":"https:\/\/www.europesays.com\/fi\/wp-json\/wp\/v2\/comments?post=94213"}],"version-history":[{"count":0,"href":"https:\/\/www.europesays.com\/fi\/wp-json\/wp\/v2\/posts\/94213\/revisions"}],"wp:featuredmedia":[{"embeddable":true,"href":"https:\/\/www.europesays.com\/fi\/wp-json\/wp\/v2\/media\/74"}],"wp:attachment":[{"href":"https:\/\/www.europesays.com\/fi\/wp-json\/wp\/v2\/media?parent=94213"}],"wp:term":[{"taxonomy":"category","embeddable":true,"href":"https:\/\/www.europesays.com\/fi\/wp-json\/wp\/v2\/categories?post=94213"},{"taxonomy":"post_tag","embeddable":true,"href":"https:\/\/www.europesays.com\/fi\/wp-json\/wp\/v2\/tags?post=94213"}],"curies":[{"name":"wp","href":"https:\/\/api.w.org\/{rel}","templated":true}]}}