{"id":94216,"date":"2025-11-19T09:42:10","date_gmt":"2025-11-19T09:42:10","guid":{"rendered":"https:\/\/www.europesays.com\/fi\/94216\/"},"modified":"2025-11-19T09:42:10","modified_gmt":"2025-11-19T09:42:10","slug":"meinasitko-lahettaa-joulupaketin-yhdysvaltoihin-ei-onnistu-tana-vuonna-kotimaa","status":"publish","type":"post","link":"https:\/\/www.europesays.com\/fi\/94216\/","title":{"rendered":"Meinasitko l\u00e4hett\u00e4\u00e4 joulupaketin Yhdysvaltoihin? Ei onnistu t\u00e4n\u00e4 vuonna | Kotimaa"},"content":{"rendered":"<p class=\"aw-1gybjub aw-5vja16 kEtdKx kmuxyA yle__article__paragraph\">Joulukortit menev\u00e4t kuitenkin perille my\u00f6s Yhdysvaltoihin.<\/p>\n<p><img decoding=\"async\" alt=\"Anonyymi mies ottamassa pakettia automaatista.\" src=\"https:\/\/www.europesays.com\/fi\/wp-content\/uploads\/2025\/11\/39-14898706867c269f0ae3.jpeg\" class=\"aw-1l9m598 hKVVvP\"\/><\/p>\n<p>Avaa kuvien katselu<\/p>\n<p>Joulupakettien l\u00e4hett\u00e4misen aika on pian. Kuva: Jari Kovalainen \/ Yle<\/p>\n<p class=\"aw-1gybjub aw-1p7kakr kEtdKx cEmitX yle__article__paragraph\">Joulupakettia ei voi t\u00e4n\u00e4 vuonna l\u00e4hett\u00e4\u00e4 Yhdysvaltoihin Postin kautta, sill\u00e4 pakettien kuljettaminen Yhdysvaltoihin on toistaiseksi keskeytetty.<\/p>\n<p class=\"aw-1gybjub aw-1p7kakr kEtdKx cEmitX yle__article__paragraph\">Taustalla on Yhdysvaltain presidentti <strong class=\"aw-ak79eh KyCXm yle__article__strong\">Donald Trumpin<\/strong> hallinnon elokuinen p\u00e4\u00e4t\u00f6s <a class=\"aw-iao6s4 iHOxEa yle__article__link\" href=\"https:\/\/www.posti.fi\/ajankohtaista-postilla\/tiedotteet\/trumpin-hallinnon-paatos\" role=\"link\" rel=\"nofollow noopener\" target=\"_blank\">poistaa tullivapaus maksimissaan 800 dollarin arvoisilta l\u00e4hetyksilt\u00e4<\/a>. P\u00e4\u00e4t\u00f6ksen mukaan asiakkaan on maksettava tullimaksu jo ennen kuin l\u00e4hetys kuljetetaan Yhdysvaltoihin. Tilanne aiheuttaa Postin mukaan ep\u00e4varmuutta kuljetuksen, palautusprosessin ja vastuiden osalta my\u00f6s Suomessa.<\/p>\n<p class=\"aw-1gybjub aw-1p7kakr kEtdKx cEmitX yle__article__paragraph\">Postin kansainv\u00e4lisist\u00e4 postipalveluista vastaava <strong class=\"aw-ak79eh KyCXm yle__article__strong\">Minna Kovanen<\/strong> sanoo, ett\u00e4 vaikka tavaral\u00e4hetykset on keskeytetty, kirjeit\u00e4 ja asiakirjoja voi l\u00e4hett\u00e4\u00e4 normaalisti.<\/p>\n<p class=\"aw-1gybjub aw-1p7kakr kEtdKx cEmitX yle__article__paragraph\">\u2013 L\u00e4heisi\u00e4 voi kuitenkin muistaa my\u00f6s muilla tavoin \u2013 esimerkiksi kortit ja kirjeet Yhdysvaltoihin kulkevat normaalisti ja tuovat varmasti iloa ja l\u00e4mp\u00f6\u00e4 joulun aikaan, Kovanen kertoo.<\/p>\n<p class=\"aw-1gybjub aw-1p7kakr kEtdKx cEmitX yle__article__paragraph\">Kovasen mukaan tavaraliikenteen katkon ratkaisemiseksi tehd\u00e4\u00e4n aktiivisesti toimenpiteit\u00e4. Posti tiedottaa asiasta tarkemmin heti, kun on mahdollista.<\/p>\n<p class=\"aw-1gybjub aw-1p7kakr kEtdKx cEmitX yle__article__paragraph\">\u2013 Kaikkien toimijoiden intressi ja tavoite on saada kuljetukset Yhdysvaltoihin toimimaan mahdollisimman asiakasl\u00e4ht\u00f6isesti ja sujuvasti. My\u00f6s Postin, Kovanen kertoo.<\/p>\n","protected":false},"excerpt":{"rendered":"Joulukortit menev\u00e4t kuitenkin perille my\u00f6s Yhdysvaltoihin. Avaa kuvien katselu Joulupakettien l\u00e4hett\u00e4misen aika on pian. Kuva: Jari Kovalainen \/&hellip;\n","protected":false},"author":2,"featured_media":94217,"comment_status":"","ping_status":"","sticky":false,"template":"","format":"standard","meta":{"footnotes":""},"categories":[14],"tags":[22,23,585,26,27,33,31,30,17,5856,18559,16698,71,24,25,28,29,15,18,21,18560,6811,32,19,20,56,16,59,60,61,619],"class_list":{"0":"post-94216","1":"post","2":"type-post","3":"status-publish","4":"format-standard","5":"has-post-thumbnail","7":"category-ulkomaat","8":"tag-breaking-news","9":"tag-breakingnews","10":"tag-donald-trump","11":"tag-featured-news","12":"tag-featurednews","13":"tag-fi","14":"tag-finland","15":"tag-finnish","16":"tag-headlines","17":"tag-joulu","18":"tag-joulukortit","19":"tag-joululahjat","20":"tag-kotimaa","21":"tag-latest-news","22":"tag-latestnews","23":"tag-main-news","24":"tag-mainnews","25":"tag-news","26":"tag-otsikot","27":"tag-paauutiset","28":"tag-postin-kirjepalvelut","29":"tag-presidentti-trumpin-hallinto","30":"tag-suomi","31":"tag-top-stories","32":"tag-topstories","33":"tag-ulkomaat","34":"tag-uutiset","35":"tag-world","36":"tag-world-news","37":"tag-worldnews","38":"tag-yhdysvallat"},"share_on_mastodon":{"url":"https:\/\/pubeurope.com\/@fi\/115575714350443257","error":""},"_links":{"self":[{"href":"https:\/\/www.europesays.com\/fi\/wp-json\/wp\/v2\/posts\/94216","targetHints":{"allow":["GET"]}}],"collection":[{"href":"https:\/\/www.europesays.com\/fi\/wp-json\/wp\/v2\/posts"}],"about":[{"href":"https:\/\/www.europesays.com\/fi\/wp-json\/wp\/v2\/types\/post"}],"author":[{"embeddable":true,"href":"https:\/\/www.europesays.com\/fi\/wp-json\/wp\/v2\/users\/2"}],"replies":[{"embeddable":true,"href":"https:\/\/www.europesays.com\/fi\/wp-json\/wp\/v2\/comments?post=94216"}],"version-history":[{"count":0,"href":"https:\/\/www.europesays.com\/fi\/wp-json\/wp\/v2\/posts\/94216\/revisions"}],"wp:featuredmedia":[{"embeddable":true,"href":"https:\/\/www.europesays.com\/fi\/wp-json\/wp\/v2\/media\/94217"}],"wp:attachment":[{"href":"https:\/\/www.europesays.com\/fi\/wp-json\/wp\/v2\/media?parent=94216"}],"wp:term":[{"taxonomy":"category","embeddable":true,"href":"https:\/\/www.europesays.com\/fi\/wp-json\/wp\/v2\/categories?post=94216"},{"taxonomy":"post_tag","embeddable":true,"href":"https:\/\/www.europesays.com\/fi\/wp-json\/wp\/v2\/tags?post=94216"}],"curies":[{"name":"wp","href":"https:\/\/api.w.org\/{rel}","templated":true}]}}