{"id":94220,"date":"2025-11-19T09:44:08","date_gmt":"2025-11-19T09:44:08","guid":{"rendered":"https:\/\/www.europesays.com\/fi\/94220\/"},"modified":"2025-11-19T09:44:08","modified_gmt":"2025-11-19T09:44:08","slug":"ruotsalaismies-tyonsi-nenaansa-81-tulitikkua-uutissuomalainen","status":"publish","type":"post","link":"https:\/\/www.europesays.com\/fi\/94220\/","title":{"rendered":"Ruotsalaismies ty\u00f6nsi nen\u00e4\u00e4ns\u00e4 81 tulitikkua | Uutissuomalainen"},"content":{"rendered":"<p>Ruotsalainen perheenis\u00e4 on saanut nimiins\u00e4 maailmanenn\u00e4tyksen sieraimiin ty\u00f6nnetyiss\u00e4 tulitikuissa, Guinnessin <a href=\"https:\/\/www.guinnessworldrecords.com\/news\/2025\/11\/devoted-dad-shoves-81-matches-up-his-nose-after-kids-beg-him-to-break-a-world-record\" rel=\"nofollow noopener\" target=\"_blank\">enn\u00e4tyskirja<\/a> kertoo.<\/p>\n<p>42-vuotias <strong>Martin Str\u00f6by<\/strong> kertoo saaneensa idean enn\u00e4tyksen rikkomisesta kahdelta lapseltaan, jotka olivat selanneet Guinnessin enn\u00e4tyskirjan painosta ja toivoneet saavansa n\u00e4hd\u00e4 is\u00e4ns\u00e4 enn\u00e4tystenrikkojien joukossa.<\/p>\n<p>Edellinen enn\u00e4tyksenhaltija oli ty\u00f6nt\u00e4nyt nen\u00e4\u00e4ns\u00e4 kaikkiaan 68 tulitikkua. Str\u00f6by rikkoi enn\u00e4tyksen selv\u00e4sti ty\u00f6nt\u00e4m\u00e4ll\u00e4 omaan nen\u00e4\u00e4ns\u00e4 per\u00e4ti 81 tulitikkua.<\/p>\n<p>\u2013 Aluksi ajattelin, etten ole tarpeeksi hyv\u00e4 miss\u00e4\u00e4n ollakseni maailman paras, mutta kun lapseni n\u00e4yttiv\u00e4t minulle kaikki eri maailmanenn\u00e4tykset, aloin mietti\u00e4 voivani l\u00f6yt\u00e4\u00e4 sellaisen jonka voisin rikkoa, Str\u00f6by sanoo Guinnessin enn\u00e4tyskirjan tiedotteessa.<\/p>\n<p>Str\u00f6by l\u00f6ysi kun l\u00f6ysikin itselleen &#8221;sopivan&#8221; maailmanenn\u00e4tyksen rikottavaksi. Ensiksi h\u00e4n ty\u00f6nsi kokeilumieless\u00e4 sieraimiinsa 35 tulitikkua. Tulos rohkaisi h\u00e4nt\u00e4 menem\u00e4\u00e4n p\u00e4\u00e4tyyn asti.<\/p>\n<p>\u2013 Kokeilun j\u00e4lkeen huomasin, ett\u00e4 pystyin sek\u00e4 venytt\u00e4m\u00e4\u00e4n sieraimiani paljon ett\u00e4 my\u00f6s j\u00e4tt\u00e4m\u00e4\u00e4n huomiotta kaikkien niiden tulitikkujen aiheuttaman kivun, joten sanoisin olevani luonnonlahjakkuus, Str\u00f6by kuvailee.<\/p>\n<p>Str\u00f6byn oli opeteltava temppua varten sopiva tekniikka, koska h\u00e4n huomasi tulitikkujen putoilevan jatkuvasti nen\u00e4st\u00e4\u00e4n.<\/p>\n<p>Str\u00f6by ei ole viel\u00e4 varma, l\u00f6yt\u00e4\u00e4k\u00f6 h\u00e4n viel\u00e4 jonkun toisen enn\u00e4tyksen rikottavaksi, mutta uskoo lastensa vakuuttavan h\u00e4net siihen.<\/p>\n","protected":false},"excerpt":{"rendered":"Ruotsalainen perheenis\u00e4 on saanut nimiins\u00e4 maailmanenn\u00e4tyksen sieraimiin ty\u00f6nnetyiss\u00e4 tulitikuissa, Guinnessin enn\u00e4tyskirja kertoo. 42-vuotias Martin Str\u00f6by kertoo saaneensa idean&hellip;\n","protected":false},"author":2,"featured_media":94221,"comment_status":"","ping_status":"","sticky":false,"template":"","format":"standard","meta":{"footnotes":""},"categories":[5],"tags":[22,23,2110,26,27,33,31,30,17,101,99,100,24,25,28,29,15,18,21,98,103,32,19,20,16,796],"class_list":{"0":"post-94220","1":"post","2":"type-post","3":"status-publish","4":"format-standard","5":"has-post-thumbnail","7":"category-otsikot","8":"tag-breaking-news","9":"tag-breakingnews","10":"tag-elamantapa-ja-vapaa-aika","11":"tag-featured-news","12":"tag-featurednews","13":"tag-fi","14":"tag-finland","15":"tag-finnish","16":"tag-headlines","17":"tag-ihmissuhteet","18":"tag-lapset","19":"tag-lapset-ja-nuoret","20":"tag-latest-news","21":"tag-latestnews","22":"tag-main-news","23":"tag-mainnews","24":"tag-news","25":"tag-otsikot","26":"tag-paauutiset","27":"tag-perhe","28":"tag-sosiaalikysymykset","29":"tag-suomi","30":"tag-top-stories","31":"tag-topstories","32":"tag-uutiset","33":"tag-yhteiskunta"},"share_on_mastodon":{"url":"https:\/\/pubeurope.com\/@fi\/115575722383731366","error":""},"_links":{"self":[{"href":"https:\/\/www.europesays.com\/fi\/wp-json\/wp\/v2\/posts\/94220","targetHints":{"allow":["GET"]}}],"collection":[{"href":"https:\/\/www.europesays.com\/fi\/wp-json\/wp\/v2\/posts"}],"about":[{"href":"https:\/\/www.europesays.com\/fi\/wp-json\/wp\/v2\/types\/post"}],"author":[{"embeddable":true,"href":"https:\/\/www.europesays.com\/fi\/wp-json\/wp\/v2\/users\/2"}],"replies":[{"embeddable":true,"href":"https:\/\/www.europesays.com\/fi\/wp-json\/wp\/v2\/comments?post=94220"}],"version-history":[{"count":0,"href":"https:\/\/www.europesays.com\/fi\/wp-json\/wp\/v2\/posts\/94220\/revisions"}],"wp:featuredmedia":[{"embeddable":true,"href":"https:\/\/www.europesays.com\/fi\/wp-json\/wp\/v2\/media\/94221"}],"wp:attachment":[{"href":"https:\/\/www.europesays.com\/fi\/wp-json\/wp\/v2\/media?parent=94220"}],"wp:term":[{"taxonomy":"category","embeddable":true,"href":"https:\/\/www.europesays.com\/fi\/wp-json\/wp\/v2\/categories?post=94220"},{"taxonomy":"post_tag","embeddable":true,"href":"https:\/\/www.europesays.com\/fi\/wp-json\/wp\/v2\/tags?post=94220"}],"curies":[{"name":"wp","href":"https:\/\/api.w.org\/{rel}","templated":true}]}}