{"id":94222,"date":"2025-11-19T09:45:09","date_gmt":"2025-11-19T09:45:09","guid":{"rendered":"https:\/\/www.europesays.com\/fi\/94222\/"},"modified":"2025-11-19T09:45:09","modified_gmt":"2025-11-19T09:45:09","slug":"posion-korouoman-rotkolaaksoon-suunnitteilla-erahotelli-mokkeja-ja-basecamp-lappi","status":"publish","type":"post","link":"https:\/\/www.europesays.com\/fi\/94222\/","title":{"rendered":"Posion Korouoman rotkolaaksoon suunnitteilla er\u00e4hotelli, m\u00f6kkej\u00e4 ja basecamp | Lappi"},"content":{"rendered":"<p class=\"aw-1gybjub aw-5vja16 kEtdKx kmuxyA yle__article__paragraph\">Mets\u00e4hallitus, Posion kunta ja yritt\u00e4j\u00e4t ovat laatineet Korouoman suositulle matkailu\u00adalueelle maank\u00e4yt\u00f6n ja matkailun yleis\u00adsuunnitelman.<\/p>\n<p><img decoding=\"async\" alt=\"Ruskea virta j\u00e4\u00e4putous Korouomalla\" src=\"https:\/\/www.europesays.com\/fi\/wp-content\/uploads\/2025\/11\/39-110382264479e920eafc.jpeg\" class=\"aw-1l9m598 hKVVvP\"\/><\/p>\n<p>Avaa kuvien katselu<\/p>\n<p>Korouoman alue on kuuluisa j\u00e4\u00e4putouksistaan. Alueella k\u00e4vi vuonna 2024 noin 68 000 henke\u00e4. Kuva: Antti Mikkola \/ Yle<\/p>\n<p class=\"aw-1gybjub aw-1p7kakr kEtdKx cEmitX yle__article__paragraph\">Posiolla sijaitsevan Korouoman rotkolaakson alueelle on tehty maank\u00e4yt\u00f6n ja matkailun suunnitelma. Korouoman alue on noussut yhdeksi Lapin suosituimmista luontokohteista.<\/p>\n<p class=\"aw-1gybjub aw-1p7kakr kEtdKx cEmitX yle__article__paragraph\">Nyt matkailun liiketoiminnalle halutaan osoittaa omat alueensa, sill\u00e4 alueella toimii noin 50 Mets\u00e4hallituksen sopimusyrityst\u00e4. Niist\u00e4 parikymment\u00e4 on kansainv\u00e4lisi\u00e4 yrityksi\u00e4.<\/p>\n<p class=\"aw-1gybjub aw-1p7kakr kEtdKx cEmitX yle__article__paragraph\">\u2013 Jotta alueen k\u00e4ytt\u00f6 olisi kest\u00e4v\u00e4\u00e4 ja suunnitelmallista, olemme laatineet yleissuunnitelman yhteisty\u00f6ss\u00e4 Posion kunnan ja alueen yritt\u00e4jien kanssa, sanoo alueidenk\u00e4yt\u00f6n johtava asiantuntija <strong class=\"aw-ak79eh KyCXm yle__article__strong\">Tanja H\u00e4m\u00e4l\u00e4inen<\/strong> Mets\u00e4hallituksen tiedotteessa.<\/p>\n<p class=\"aw-1gybjub aw-1p7kakr kEtdKx cEmitX yle__article__paragraph\">Suunnittelualue rajautuu suojelualueen ulkopuolelle. Suojelualueella on oma hoito- ja k\u00e4ytt\u00f6suunnitelma, jonka p\u00e4\u00e4tavoitteet ovat luonnonarvojen s\u00e4ilytt\u00e4minen, vastuullinen virkistysk\u00e4ytt\u00f6 ja kest\u00e4v\u00e4 luontomatkailu.<\/p>\n<p class=\"aw-1gybjub aw-1p7kakr kEtdKx cEmitX yle__article__paragraph\">\u2013 T\u00e4ll\u00e4 maank\u00e4yt\u00f6n ja matkailun yleissuunnitelmalla osoitetaan matkailun liiketoiminnoille omat alueensa, jotka pyrit\u00e4\u00e4n toteuttamaan tiiviisti, Tanja H\u00e4m\u00e4l\u00e4inen sanoo.<\/p>\n<p>Kymmeni\u00e4 uusia rakennuksia tulossa ydinalueelle<\/p>\n<p class=\"aw-1gybjub aw-1p7kakr kEtdKx cEmitX yle__article__paragraph\">Korouoman matkailurakentamisen ydinalueelle on suunniteltu basecamp-tukikohta, jossa olisi ruokailumahdollisuus, keitti\u00f6, v\u00e4linevuokrausta, varasto, vaunupaikkoja ja luonnonl\u00e4heist\u00e4 majoitusta.<\/p>\n<p class=\"aw-1gybjub aw-1p7kakr kEtdKx cEmitX yle__article__paragraph\">Saukkovaaraan rakennetaan kevytrakenteiset revontulikodat ja majoitusta.<\/p>\n<p class=\"aw-1gybjub aw-1p7kakr kEtdKx cEmitX yle__article__paragraph\">Alueelle on suunnitteilla my\u00f6s 20 huoneen ja noin 1200 kerrosneli\u00f6n er\u00e4hotelli ja noin 40 m\u00f6kki\u00e4 tai huoneistoa.<\/p>\n<p class=\"aw-1gybjub aw-1p7kakr kEtdKx cEmitX yle__article__paragraph\">Sis\u00e4\u00e4ntulotien levennyskohtia on parannettu turvallisuuden lis\u00e4\u00e4miseksi.<\/p>\n<p class=\"aw-1gybjub aw-1p7kakr kEtdKx cEmitX yle__article__paragraph\">Alueelta puuttuu kunnallistekniikka eli s\u00e4hk\u00f6n ja veden saanti sek\u00e4 j\u00e4teveden k\u00e4sittely.<\/p>\n","protected":false},"excerpt":{"rendered":"Mets\u00e4hallitus, Posion kunta ja yritt\u00e4j\u00e4t ovat laatineet Korouoman suositulle matkailu\u00adalueelle maank\u00e4yt\u00f6n ja matkailun yleis\u00adsuunnitelman. Avaa kuvien katselu Korouoman&hellip;\n","protected":false},"author":2,"featured_media":94223,"comment_status":"","ping_status":"","sticky":false,"template":"","format":"standard","meta":{"footnotes":""},"categories":[117],"tags":[33,31,30,18566,18567,1402,667,72,476,6295,118,32,119,477],"class_list":{"0":"post-94222","1":"post","2":"type-post","3":"status-publish","4":"format-standard","5":"has-post-thumbnail","7":"category-luonto","8":"tag-fi","9":"tag-finland","10":"tag-finnish","11":"tag-korouoma","12":"tag-korouoman-luonnonsuojelualue","13":"tag-lapin-matkailu","14":"tag-lappi","15":"tag-luonto","16":"tag-nature","17":"tag-posio","18":"tag-science","19":"tag-suomi","20":"tag-tiede","21":"tag-wildlife"},"share_on_mastodon":{"url":"https:\/\/pubeurope.com\/@fi\/115575726109537600","error":""},"_links":{"self":[{"href":"https:\/\/www.europesays.com\/fi\/wp-json\/wp\/v2\/posts\/94222","targetHints":{"allow":["GET"]}}],"collection":[{"href":"https:\/\/www.europesays.com\/fi\/wp-json\/wp\/v2\/posts"}],"about":[{"href":"https:\/\/www.europesays.com\/fi\/wp-json\/wp\/v2\/types\/post"}],"author":[{"embeddable":true,"href":"https:\/\/www.europesays.com\/fi\/wp-json\/wp\/v2\/users\/2"}],"replies":[{"embeddable":true,"href":"https:\/\/www.europesays.com\/fi\/wp-json\/wp\/v2\/comments?post=94222"}],"version-history":[{"count":0,"href":"https:\/\/www.europesays.com\/fi\/wp-json\/wp\/v2\/posts\/94222\/revisions"}],"wp:featuredmedia":[{"embeddable":true,"href":"https:\/\/www.europesays.com\/fi\/wp-json\/wp\/v2\/media\/94223"}],"wp:attachment":[{"href":"https:\/\/www.europesays.com\/fi\/wp-json\/wp\/v2\/media?parent=94222"}],"wp:term":[{"taxonomy":"category","embeddable":true,"href":"https:\/\/www.europesays.com\/fi\/wp-json\/wp\/v2\/categories?post=94222"},{"taxonomy":"post_tag","embeddable":true,"href":"https:\/\/www.europesays.com\/fi\/wp-json\/wp\/v2\/tags?post=94222"}],"curies":[{"name":"wp","href":"https:\/\/api.w.org\/{rel}","templated":true}]}}