{"id":94234,"date":"2025-11-19T10:07:15","date_gmt":"2025-11-19T10:07:15","guid":{"rendered":"https:\/\/www.europesays.com\/fi\/94234\/"},"modified":"2025-11-19T10:07:15","modified_gmt":"2025-11-19T10:07:15","slug":"yllatys-mtvn-suorassa-lahetyksessa-juha-fohr-palasi-ruutuun","status":"publish","type":"post","link":"https:\/\/www.europesays.com\/fi\/94234\/","title":{"rendered":"Yll\u00e4tys MTV:n suorassa l\u00e4hetyksess\u00e4: Juha F\u00f6hr palasi ruutuun"},"content":{"rendered":"<p>Takavuosilta tuttu tv-meteorologi Juha F\u00f6hr n\u00e4htiin pitk\u00e4n tauon j\u00e4lkeen ruudussa. <\/p>\n<p><img decoding=\"async\" class=\"image image-show image-preview\" src=\"https:\/\/www.europesays.com\/fi\/wp-content\/uploads\/2025\/11\/8257f08dd24e27062c43ca346329df9863a764119257f1a8f32cc9ef85b1e24b.jpg\" alt=\"\"\/><img decoding=\"async\" class=\"image image-show\" src=\"https:\/\/www.europesays.com\/fi\/wp-content\/uploads\/2025\/11\/1763546835_764_8257f08dd24e27062c43ca346329df9863a764119257f1a8f32cc9ef85b1e24b.jpg\" alt=\"\"\/><\/p>\n<p>Meteorologi Juha F\u00f6hr on tuttu n\u00e4ky erityisesti Ylen s\u00e4\u00e4l\u00e4hetyksist\u00e4 1980- ja 90-luvuilta.  Henri K\u00e4rkk\u00e4inen<\/p>\n<p class=\"paragraph\">Ylen s\u00e4\u00e4l\u00e4hetyksist\u00e4 tunnetuksi tullut meteorologi <strong>Juha F\u00f6hr<\/strong>, 67, palasi tv-ruutuihin t\u00e4n\u00e4\u00e4n tiistaina <a href=\"https:\/\/www.mtv.fi\/ohjelma\/4014d1259badf9d35c2a\/viiden-jalkeen\" rel=\"noopener nofollow\" target=\"_blank\">MTV:n Viiden j\u00e4lkeen<\/a> -ohjelmassa.<\/p>\n<p class=\"paragraph\"><a href=\"https:\/\/www.iltalehti.fi\/henkilot\/Ripsa Koskinen-Papunen\" class=\"article-link-person-page\" rel=\"nofollow noopener\" target=\"_blank\">Ripsa Koskinen-Papunen<\/a> otti F\u00f6hrin vastaan suorassa l\u00e4hetyksess\u00e4 tutussa paikalla eli s\u00e4\u00e4karttojen edess\u00e4.<\/p>\n<p class=\"paragraph\">Pitk\u00e4n tv-uran tehnyt meteorologi intoutui kertaamaan nykymallisten s\u00e4\u00e4karttojen edess\u00e4, kuinka h\u00e4nen aloittaessaan tv:ss\u00e4 Suomen kartta oli pikkuruinen ja erilaisia magneetilla varusteltuja s\u00e4\u00e4symboleita lis\u00e4iltiin kartalle.<\/p>\n<p class=\"paragraph\">Tv-uransa j\u00e4lkeen F\u00f6hr ty\u00f6skenteli Forecalla ennen el\u00e4kkeelle j\u00e4\u00e4mist\u00e4\u00e4n. MTV:lt\u00e4 tuttu meteorologi <strong>Jenna Salminen<\/strong> ehti ty\u00f6skennell\u00e4 yhdess\u00e4 F\u00f6hrin kanssa<\/p>\n<p class=\"paragraph\">\u2013 Sen voi sanoa, ett\u00e4 Juhalla on paljon asiaa. En tied\u00e4, kuinka monta kertaa j\u00e4imme suusta ja korvista kiinni vuoron p\u00e4\u00e4tteeksi. Kun pys\u00e4htyy kuuntelemaan, niin sielt\u00e4 oppii tosi paljon, Salminen kertoi l\u00e4hetyksess\u00e4.<\/p>\n<p class=\"paragraph\">Kun Koskinen-Papunen tiedustelee F\u00f6hrilt\u00e4, alkaisiko h\u00e4nt\u00e4 kiinnostaa paluu s\u00e4\u00e4karttojen eteen, letkauttaa F\u00f6hr, ett\u00e4 on kiinnostunut kaikesta.<\/p>\n<p class=\"paragraph\">\u2013 T\u00e4ytyy nyt muistaa, ett\u00e4 jos ty\u00f6kseen alkaa jotain tehd\u00e4, niin se on aina vaativa asia, koska ty\u00f6 on my\u00f6skin hoidettava. Iso m\u00e4\u00e4r\u00e4 ty\u00f6aikoja, aikatauluja ja ty\u00f6el\u00e4kkeell\u00e4 on se hyv\u00e4 puoli, ett\u00e4 saa itse p\u00e4\u00e4tt\u00e4\u00e4, kenen kanssa on tekemisiss\u00e4, h\u00e4n jatkaa.<\/p>\n<p class=\"paragraph\">F\u00f6hr pohtii l\u00e4hetyksess\u00e4, kuinka er\u00e4s asia h\u00e4nt\u00e4 on h\u00e4irinnyt aikoinaan julkista ty\u00f6t\u00e4 tehneen\u00e4.<\/p>\n<p class=\"paragraph\">\u2013 Omasta itsest\u00e4 tulee liian kapea kuva, kun tuo tyyppi avaa suunsa, niin aina se puhuu s\u00e4\u00e4st\u00e4. Puhun muistakin asioista, mutta sit\u00e4 ei sill\u00e4 tavalla n\u00e4hd\u00e4, kun en tee sit\u00e4 televisiossa, F\u00f6hr sanoo.<\/p>\n<p class=\"paragraph\">\u2013 T\u00e4m\u00e4 rajoittuneisuus t\u00e4ss\u00e4 mieless\u00e4 on se, mik\u00e4 minua on v\u00e4lill\u00e4 ihan siepannutkin, h\u00e4n my\u00f6nt\u00e4\u00e4.<\/p>\n<p class=\"paragraph\">Ajan my\u00f6t\u00e4 on kuitenkin ollut helppo katsoa ty\u00f6uraa taaksep\u00e4in positiivisin mielin. Viiden j\u00e4lkeen -ohjelmassa n\u00e4htiin my\u00f6s arkistokuvaa Juha F\u00f6hrist\u00e4 takavuosilta, sill\u00e4 h\u00e4n on kommentoinut useita kertoja s\u00e4\u00e4aiheita my\u00f6s MTV:n l\u00e4hetyksiss\u00e4.<\/p>\n<p class=\"paragraph\">Viiden j\u00e4lkeen MTV:ll\u00e4 ja MTV Katsomossa.<\/p>\n","protected":false},"excerpt":{"rendered":"Takavuosilta tuttu tv-meteorologi Juha F\u00f6hr n\u00e4htiin pitk\u00e4n tauon j\u00e4lkeen ruudussa. Meteorologi Juha F\u00f6hr on tuttu n\u00e4ky erityisesti Ylen&hellip;\n","protected":false},"author":2,"featured_media":94235,"comment_status":"","ping_status":"","sticky":false,"template":"","format":"standard","meta":{"footnotes":""},"categories":[76],"tags":[35,79,77,33,31,30,1616,979,32,78,140,139,860],"class_list":{"0":"post-94234","1":"post","2":"type-post","3":"status-publish","4":"format-standard","5":"has-post-thumbnail","7":"category-talous","8":"tag-24h","9":"tag-business","10":"tag-economy","11":"tag-fi","12":"tag-finland","13":"tag-finnish","14":"tag-media-viestinta","15":"tag-sahkoinen-media","16":"tag-suomi","17":"tag-talous","18":"tag-tv-ja-elokuvat","19":"tag-tv-ohjelmat","20":"tag-tyoelama"},"share_on_mastodon":{"url":"https:\/\/pubeurope.com\/@fi\/115575812677379174","error":""},"_links":{"self":[{"href":"https:\/\/www.europesays.com\/fi\/wp-json\/wp\/v2\/posts\/94234","targetHints":{"allow":["GET"]}}],"collection":[{"href":"https:\/\/www.europesays.com\/fi\/wp-json\/wp\/v2\/posts"}],"about":[{"href":"https:\/\/www.europesays.com\/fi\/wp-json\/wp\/v2\/types\/post"}],"author":[{"embeddable":true,"href":"https:\/\/www.europesays.com\/fi\/wp-json\/wp\/v2\/users\/2"}],"replies":[{"embeddable":true,"href":"https:\/\/www.europesays.com\/fi\/wp-json\/wp\/v2\/comments?post=94234"}],"version-history":[{"count":0,"href":"https:\/\/www.europesays.com\/fi\/wp-json\/wp\/v2\/posts\/94234\/revisions"}],"wp:featuredmedia":[{"embeddable":true,"href":"https:\/\/www.europesays.com\/fi\/wp-json\/wp\/v2\/media\/94235"}],"wp:attachment":[{"href":"https:\/\/www.europesays.com\/fi\/wp-json\/wp\/v2\/media?parent=94234"}],"wp:term":[{"taxonomy":"category","embeddable":true,"href":"https:\/\/www.europesays.com\/fi\/wp-json\/wp\/v2\/categories?post=94234"},{"taxonomy":"post_tag","embeddable":true,"href":"https:\/\/www.europesays.com\/fi\/wp-json\/wp\/v2\/tags?post=94234"}],"curies":[{"name":"wp","href":"https:\/\/api.w.org\/{rel}","templated":true}]}}