{"id":94260,"date":"2025-11-19T10:52:14","date_gmt":"2025-11-19T10:52:14","guid":{"rendered":"https:\/\/www.europesays.com\/fi\/94260\/"},"modified":"2025-11-19T10:52:14","modified_gmt":"2025-11-19T10:52:14","slug":"metallican-karavaani-kulkee-nyt-australiassa-nain-irtosi-mustan-levyn-tuotanto-perthissa","status":"publish","type":"post","link":"https:\/\/www.europesays.com\/fi\/94260\/","title":{"rendered":"Metallican karavaani kulkee nyt Australiassa \u2013 n\u00e4in irtosi Mustan levyn tuotanto Perthiss\u00e4"},"content":{"rendered":"<p>Metallican keikkavuosi on viitt\u00e4 vaille taputeltu. Yhtye on kiert\u00e4nyt viime viikot Australiassa, ja j\u00e4ljell\u00e4 on viel\u00e4 yksi keikka Sydneyss\u00e4, toinen Uuden-Seelannin Aucklandissa ja sitten viel\u00e4 yksi pistokeikka Qatarin Dohassa. Sen j\u00e4lkeen herrat Hetfield, Ulrich, Hammett ja Trujillo keskittyv\u00e4t joulun viettoon.<\/p>\n<p>Orkesterin Youtube-kanavalle ladattiin juuri Perthin Optus Stadiumilla 1. marraskuuta taltioitu tulkinta vuoden 1991 Holier Than Thou -jyr\u00e4yksest\u00e4. Katso alempaa, millaisessa vedossa mammuttiyhtye kaukana etel\u00e4ss\u00e4 operoi. Mitenk\u00e4h\u00e4n nuo ensi kes\u00e4n keikat Euroopassa, olisikohan sille osastolle tulossa viel\u00e4 lis\u00e4yksi\u00e4? Kenties Skandinaviaan asti?<\/p>\n<p><img loading=\"lazy\" decoding=\"async\" alt=\"YouTube video\" width=\"480\" height=\"360\" data-pin-nopin=\"true\" nopin=\"nopin\" class=\"perfmatters-lazy\" src=\"https:\/\/www.europesays.com\/fi\/wp-content\/uploads\/2025\/11\/1763549534_543_hqdefault.jpg\"\/><\/p>\n","protected":false},"excerpt":{"rendered":"Metallican keikkavuosi on viitt\u00e4 vaille taputeltu. Yhtye on kiert\u00e4nyt viime viikot Australiassa, ja j\u00e4ljell\u00e4 on viel\u00e4 yksi keikka&hellip;\n","protected":false},"author":2,"featured_media":94261,"comment_status":"","ping_status":"","sticky":false,"template":"","format":"standard","meta":{"footnotes":""},"categories":[132],"tags":[137,33,31,30,195,47,32,109],"class_list":{"0":"post-94260","1":"post","2":"type-post","3":"status-publish","4":"format-standard","5":"has-post-thumbnail","7":"category-musiikki","8":"tag-entertainment","9":"tag-fi","10":"tag-finland","11":"tag-finnish","12":"tag-music","13":"tag-musiikki","14":"tag-suomi","15":"tag-viihde"},"share_on_mastodon":{"url":"https:\/\/pubeurope.com\/@fi\/115575989564277501","error":""},"_links":{"self":[{"href":"https:\/\/www.europesays.com\/fi\/wp-json\/wp\/v2\/posts\/94260","targetHints":{"allow":["GET"]}}],"collection":[{"href":"https:\/\/www.europesays.com\/fi\/wp-json\/wp\/v2\/posts"}],"about":[{"href":"https:\/\/www.europesays.com\/fi\/wp-json\/wp\/v2\/types\/post"}],"author":[{"embeddable":true,"href":"https:\/\/www.europesays.com\/fi\/wp-json\/wp\/v2\/users\/2"}],"replies":[{"embeddable":true,"href":"https:\/\/www.europesays.com\/fi\/wp-json\/wp\/v2\/comments?post=94260"}],"version-history":[{"count":0,"href":"https:\/\/www.europesays.com\/fi\/wp-json\/wp\/v2\/posts\/94260\/revisions"}],"wp:featuredmedia":[{"embeddable":true,"href":"https:\/\/www.europesays.com\/fi\/wp-json\/wp\/v2\/media\/94261"}],"wp:attachment":[{"href":"https:\/\/www.europesays.com\/fi\/wp-json\/wp\/v2\/media?parent=94260"}],"wp:term":[{"taxonomy":"category","embeddable":true,"href":"https:\/\/www.europesays.com\/fi\/wp-json\/wp\/v2\/categories?post=94260"},{"taxonomy":"post_tag","embeddable":true,"href":"https:\/\/www.europesays.com\/fi\/wp-json\/wp\/v2\/tags?post=94260"}],"curies":[{"name":"wp","href":"https:\/\/api.w.org\/{rel}","templated":true}]}}