{"id":94266,"date":"2025-11-19T10:59:07","date_gmt":"2025-11-19T10:59:07","guid":{"rendered":"https:\/\/www.europesays.com\/fi\/94266\/"},"modified":"2025-11-19T10:59:07","modified_gmt":"2025-11-19T10:59:07","slug":"kuopion-vaestonmuutos-tyottomyys-asuntorakentaminen-syyskuu-2025","status":"publish","type":"post","link":"https:\/\/www.europesays.com\/fi\/94266\/","title":{"rendered":"Kuopion v\u00e4est\u00f6nmuutos, ty\u00f6tt\u00f6myys, asuntorakentaminen syyskuu 2025"},"content":{"rendered":"<p><strong>V\u00e4est\u00f6nmuutos tammi-syyskuu 2025<\/strong><\/p>\n<p>Kuopion v\u00e4kiluku oli syyskuun 2025 lopussa 126 477.<\/p>\n<p><strong>V\u00e4est\u00f6nmuutos tammi-syyskuulta on yhteens\u00e4 811 henke\u00e4:<\/strong><br \/>Luonnollinen v\u00e4est\u00f6nmuutos -39<br \/>Kuntien v\u00e4linen muuttovoitto +157<br \/>Siirtolaisuus, netto +697<br \/>Korjauser\u00e4 -5<\/p>\n<p>Opiskelijoiden tulomuutto nosti\u00a0v\u00e4kilukua syyskuussa.<\/p>\n<p><strong>Ty\u00f6tt\u00f6myys syyskuu lopussa 2025<\/strong> <\/p>\n<p>Syyskuun\u00a02025\u00a0ty\u00f6tt\u00f6myysaste\u00a0oli\u00a012,2\u00a0%\u00a0(10,6\u00a0%\u00a09\/2024).\u00a0<br \/>Ty\u00f6tt\u00f6m\u00e4n\u00e4\u00a0oli\u00a07381\u00a0henke\u00e4,\u00a0joka\u00a0oli\u00a01062\u00a0enemm\u00e4n\u00a0kuin\u00a0vuosi\u00a0sitten.\u00a0Pitk\u00e4aikaisty\u00f6tt\u00f6mien\u00a0m\u00e4\u00e4r\u00e4\u00a0(3276)\u00a0kasvaa,\u00a0heit\u00e4\u00a0oli\u00a0885\u00a0<br \/>enemm\u00e4n\u00a0kuin\u00a0vuosi\u00a0sitten\u00a0syyskuun\u00a0lopussa.\u00a0\u00a0Ty\u00f6tt\u00f6mist\u00e4\u00a060\u00a0%\u00a0oli\u00a0miehi\u00e4.\u00a0<\/p>\n<p>Elokuussa avoimia ty\u00f6paikkoja \u00a0oli\u00a0576.\u00a0 Yksi syy t\u00e4h\u00e4n on se, ett\u00e4 yritykset eiv\u00e4t en\u00e4\u00e4 ilmoita julkiseen hakuun avoimia ty\u00f6paikkoja samalla tavalla kuin aiemmin. <\/p>\n<p>Syyskuun lopussa avoimia ty\u00f6paikkoja \u00a0oli\u00a0634.\u00a0 Yritykset eiv\u00e4t en\u00e4\u00e4 ilmoita julkiseen hakuun avoimia ty\u00f6paikkoja samalla tavalla kuin aiemmin.<\/p>\n<p>Kuopion\u00a0ty\u00f6tt\u00f6myysaste\u00a0on pienimpi\u00e4 vertailukaupunkien\u00a0joukossa.\u00a0<\/p>\n<p>Lue lis\u00e4\u00e4: <br \/><a href=\"https:\/\/app.powerbi.com\/view?r=eyJrIjoiMjRjNjg2YTAtMjNhNC00NDBmLWIzYmEtOWE5OTg1ZGEwZGQxIiwidCI6ImVjNmMyMzdlLTg4ZWEtNGNjMy05NGVmLTU5NWIyN2E4ZWJmOSIsImMiOjl9&amp;pageName=ReportSection0535ca1a990118ddbeb8\" rel=\"nofollow noopener\" target=\"_blank\">Kuopion ty\u00f6llisyyskatsaus 2025<\/a><\/p>\n<p><strong>Asuntorakentaminen tammi-syyskuu 2025<\/strong><\/p>\n<p>Asuntorakentaminen on jatkunut hiljaisena koko vuoden. Vuonna 2025 arvioidaan valmistuvan noin 280 uutta asuntoa.<\/p>\n<p>Tammi-syyskuussa valmistui 208 asuntoa, joista 58 oli pientaloja. Elokuussa valmistui Kuopas Oy:n 128 opiskelija-asuntoa Savilahden Kampus Mastoon ja 22 TA-asunto-oikeusasuntoa Jynk\u00e4n Kulmaan. \u00a0<\/p>\n<p><strong>Muu kuin asuntorakentaminen tammi-syyskuu 2025<\/strong><\/p>\n<p>Tammi-syyskuussa 2025 <strong>my\u00f6nnettiin 141 rakentamislupaa <\/strong>uudelle muun kuin asumisrakentamisen kohteelle. N\u00e4ist\u00e4 41 lupaa oli vapaa-ajan asuinrakennukselle.<\/p>\n<p>Merkitt\u00e4vimm\u00e4t\u00a0 rakentamisluvan saaneet liikerakentamisen kohteet ovat runkovaiheessa oleva K- Citymarket\u00a0 (Saaristokatu 1, kokonaisala 27172 m2) ja Kierr\u00e4tyskauppakeskus (Matkuksentie 58, kokonaisala 6800 m2). Rakentamisluvan on juuri saanut Teollisuuskatu 6:n tavaratalo (kokonaisala 8656 m2), johon on tulossa Jula-tavaratalo ja Power, Gigantti sek\u00e4 Musti &amp; Mirri.<\/p>\n<p>Opetusrakennuksille lupia on my\u00f6nnetty kahteen kohteeseen: Pirtin koulun uudisrakennus (Pirtintie 21, kokonaisala 10083 m2) ja Minna Canthin koulu (Kaartokatu 22, kokonaisala 10147 m2).<\/p>\n<p>T\u00e4n\u00e4 vuonna <strong>on valmistunut<\/strong> kaksi uutta p\u00e4iv\u00e4kotia: Jynk\u00e4n p\u00e4iv\u00e4koti (Aittolammentie 1, kokonaisala 1768 m2) ja Py\u00f6r\u00f6n p\u00e4iv\u00e4koti ( Pistokatu 5, kokonaisala 2576 m2). Pieneen Neulam\u00e4keen valmistui elektroniikkateollisuushalli, Majurinkatu 11 kokonaisala 3000 m2.<\/p>\n<p>Vapaa-ajan asuinrakennuksia on valmistunut t\u00e4n\u00e4 vuonna 24 kpl.<\/p>\n<p><strong><a href=\"https:\/\/www.kuopio.fi\/app\/uploads\/2025\/10\/tilastotiedote-21_2025-kuopion-vaesto-tyottomyys-rakentaminen-tammi-syyskuu-2025x.pdf\" rel=\"nofollow noopener\" target=\"_blank\">Lue lis\u00e4\u00e4 tilastotiedotteesta<\/a><\/strong> 21\/2025 23.10.2025<\/p>\n","protected":false},"excerpt":{"rendered":"V\u00e4est\u00f6nmuutos tammi-syyskuu 2025 Kuopion v\u00e4kiluku oli syyskuun 2025 lopussa 126 477. V\u00e4est\u00f6nmuutos tammi-syyskuulta on yhteens\u00e4 811 henke\u00e4:Luonnollinen v\u00e4est\u00f6nmuutos&hellip;\n","protected":false},"author":2,"featured_media":94267,"comment_status":"","ping_status":"","sticky":false,"template":"","format":"standard","meta":{"footnotes":""},"categories":[76],"tags":[79,77,33,31,30,32,78],"class_list":{"0":"post-94266","1":"post","2":"type-post","3":"status-publish","4":"format-standard","5":"has-post-thumbnail","7":"category-talous","8":"tag-business","9":"tag-economy","10":"tag-fi","11":"tag-finland","12":"tag-finnish","13":"tag-suomi","14":"tag-talous"},"share_on_mastodon":{"url":"https:\/\/pubeurope.com\/@fi\/115576017244987844","error":""},"_links":{"self":[{"href":"https:\/\/www.europesays.com\/fi\/wp-json\/wp\/v2\/posts\/94266","targetHints":{"allow":["GET"]}}],"collection":[{"href":"https:\/\/www.europesays.com\/fi\/wp-json\/wp\/v2\/posts"}],"about":[{"href":"https:\/\/www.europesays.com\/fi\/wp-json\/wp\/v2\/types\/post"}],"author":[{"embeddable":true,"href":"https:\/\/www.europesays.com\/fi\/wp-json\/wp\/v2\/users\/2"}],"replies":[{"embeddable":true,"href":"https:\/\/www.europesays.com\/fi\/wp-json\/wp\/v2\/comments?post=94266"}],"version-history":[{"count":0,"href":"https:\/\/www.europesays.com\/fi\/wp-json\/wp\/v2\/posts\/94266\/revisions"}],"wp:featuredmedia":[{"embeddable":true,"href":"https:\/\/www.europesays.com\/fi\/wp-json\/wp\/v2\/media\/94267"}],"wp:attachment":[{"href":"https:\/\/www.europesays.com\/fi\/wp-json\/wp\/v2\/media?parent=94266"}],"wp:term":[{"taxonomy":"category","embeddable":true,"href":"https:\/\/www.europesays.com\/fi\/wp-json\/wp\/v2\/categories?post=94266"},{"taxonomy":"post_tag","embeddable":true,"href":"https:\/\/www.europesays.com\/fi\/wp-json\/wp\/v2\/tags?post=94266"}],"curies":[{"name":"wp","href":"https:\/\/api.w.org\/{rel}","templated":true}]}}