{"id":94311,"date":"2025-11-19T12:13:09","date_gmt":"2025-11-19T12:13:09","guid":{"rendered":"https:\/\/www.europesays.com\/fi\/94311\/"},"modified":"2025-11-19T12:13:09","modified_gmt":"2025-11-19T12:13:09","slug":"janne-pesonen-ei-ole-romahdukseen-juurisyy-hifk-ei-voi-palkata-enaa-tyoharjoittelijoita-liiga-19-11-2025-kolumnit-jatkoaika-com","status":"publish","type":"post","link":"https:\/\/www.europesays.com\/fi\/94311\/","title":{"rendered":"Janne Pesonen ei ole romahdukseen juurisyy \u2013 HIFK ei voi palkata en\u00e4\u00e4 ty\u00f6harjoittelijoita &#8211; LIIGA &#8211; 19.11.2025 &#8211; Kolumnit &#8211; Jatkoaika.com"},"content":{"rendered":"<p>HIFK tiedotti tiistaina urheilujohtaja <strong>Janne Pesosen<\/strong> pestin p\u00e4\u00e4ttyneen yhteisymm\u00e4rryksess\u00e4. Olisi tyly\u00e4 sanoa vain puolentoista vuoden j\u00e4lkeen, ett\u00e4 oli jo aikakin. Mutta kyseisen lauseen moni parahti uutisen luettuaan.<\/p>\n<p>Pesosen aikaa HIFK:n urheilujohtajana leimaa saamattomuus. Kyll\u00e4, jatkosopimukset esimerkiksi <strong>Jori Lehter\u00e4lle<\/strong> tai <strong>Iiro Pakariselle<\/strong> ovat ty\u00f6n\u00e4ytteit\u00e4, kuten my\u00f6s osa muista jatkosopimuksista.<\/p>\n<p>Siin\u00e4 miss\u00e4 NHL:n puolella Florida Panthersin dynastian kohdalla joukkueen runkopuolustaja <strong>Niko Mikkola<\/strong> puhui b\u00e4ndin kasassa pit\u00e4misen merkityksest\u00e4, HIFK:n orkesteri ei ole viime vuosina l\u00f6yt\u00e4nyt yhteist\u00e4 s\u00e4vellajia, joten loputtomalle jatkuvuudelle ei ole ollut vastaavaa tarvetta.<\/p>\n<p>Pesonen aloitti toimessaan toukokuussa 2024. Alkukes\u00e4n hankinnat voidaan siis viel\u00e4 laskea edelt\u00e4j\u00e4 <strong>Tobias Salmelaisen<\/strong> ansioiksi. Tai riesoiksi, miten sen kukin haluaa n\u00e4hd\u00e4. Pestins\u00e4 aikana Pesonen l\u00f6ysi seuran ulkopuolelta vain kourallisen nimi\u00e4.<\/p>\n<p><strong>Sebastian Repo<\/strong> on ehdottomasti t\u00e4htitason nimi Liigassa, siit\u00e4 sulka hattuun. Pyyhkeit\u00e4 voi puolestaan tarjota siit\u00e4, ett\u00e4 Repo oli ainoa t\u00e4htitason hankinta Pesosen aikana.<\/p>\n<p><strong>Oliver Larsen, Petrus Palmu, Kalle Ervasti, Saku Salmela, Kasper Lundell, Otto Somppi<\/strong> ja<strong> Petteri Nurmi<\/strong> olivat muiden Liiga-seurojen ylij\u00e4\u00e4m\u00e4pelaajia. Tai jos ei ylij\u00e4\u00e4m\u00e4\u00e4, niin ainakin pelaajia, joista l\u00e4ht\u00f6joukkue pyrki p\u00e4\u00e4sem\u00e4\u00e4n eroon.<\/p>\n<p>Ennest\u00e4\u00e4n Suomessa tuntemattomia pelaajia Pesosen haaviin tarttui kolme kappaletta. <strong>Fredrik Granberg<\/strong> l\u00f6ytyi suoraan Ruotsin kolmannelta sarjatasolta, <strong>Markuss Komuls<\/strong> heikoilla n\u00e4yt\u00f6ill\u00e4 Slovakiasta\/T\u0161ekeist\u00e4 ja <strong>Jakob Ragnarsson,<\/strong> jolla oli 26-vuotiaana kokonaisen nelj\u00e4n ottelun kokemus p\u00e4\u00e4sarjatasolta kuuden vuoden takaa.<\/p>\n<p>Ei HIFK:n pienennetyill\u00e4 resursseillakaan kuulu olla joukkue, jonka p\u00e4\u00e4asiallinen hankintakanava on muiden Liiga-seurojen ylij\u00e4\u00e4mist\u00f6 tai ynn\u00e4muut -kastiin lukeutuvat sarjat.<\/p>\n<p>Ja mik\u00e4 huolestuttavinta, Pesosta on vaikea syytt\u00e4\u00e4 t\u00e4st\u00e4 kaikesta. Eih\u00e4n Pesosella ollut kokemusta vastaavasta pestist\u00e4 \u2013 tai tarkemmin seuratasolla mist\u00e4\u00e4n muusta kuin pelaamisesta.<\/p>\n<p>Nyt HIFK on ajanut itsens\u00e4 asemaan, jossa tulevan kauden sopimuksia pit\u00e4isi jo viimeistell\u00e4, eik\u00e4 sill\u00e4 ole urheilutoimenjohtajaa. Eik\u00e4 t\u00e4ss\u00e4 kohtaa kautta marinoituneita seurapomoja ole liikkeell\u00e4 loputonta m\u00e4\u00e4r\u00e4\u00e4. Toisaalta, onko sill\u00e4 HIFK:n tapauksessa mit\u00e4\u00e4n merkityst\u00e4k\u00e4\u00e4n? Ei p\u00e4\u00e4kallotornissa t\u00e4h\u00e4nk\u00e4\u00e4n menness\u00e4 ole mietitty n\u00e4ytt\u00f6j\u00e4, kunhan on l\u00f6ytynyt joku oma poika kilveksi touhuamaan.<\/p>\n<blockquote class=\"quote-center\">\n<p>Onko taustalla tahoja, jotka haluavat viime k\u00e4dess\u00e4 heiluttaa tahtipuikkoa, joten pestiin on tarvittu p\u00e4tev\u00e4n sijaan sopiva henkil\u00f6?<\/p>\n<\/blockquote>\n<p>Aivan, kilveksi. V\u00e4ist\u00e4m\u00e4tt\u00e4 tulee mieleen intressit henkil\u00f6valintojen takana. Ennen Pesosta urheilupuolta johti Tobias Salmelainen, niin ik\u00e4\u00e4n t\u00e4ysin ilman kokemusta. Oikeastiko kyseess\u00e4 ovat olleet rekrytointikierroksen j\u00e4lkeen p\u00e4tevimm\u00e4t henkil\u00f6t? Vai onko taustalla tahoja, jotka haluavat viime k\u00e4dess\u00e4 heiluttaa tahtipuikkoa, joten pestiin on tarvittu p\u00e4tev\u00e4n sijaan sopiva henkil\u00f6?<\/p>\n<p>HIFK:n johto, siis se oikea johto, on nyt kovan paikan edess\u00e4. Faneja on nyt huijattu kahdesti hankkimalla ty\u00f6harjoittelija menestyksen kannalta keskeiseen pestiin.<\/p>\n<p>Loogista jatkumoa olisi antaa pesti t\u00e4ll\u00e4 hetkell\u00e4 ep\u00e4m\u00e4\u00e4r\u00e4iseen urheilujohtoty\u00f6ryhm\u00e4\u00e4n kuuluvalle <strong>Mika Kortelaiselle.<\/strong> Kortelainen kuuluu my\u00f6s tuohon mystiseen Feeniksin kiltaan (Strategic Advisory Board), joka lanseerattiin n\u00e4ytt\u00e4v\u00e4sti, mutta jonka tekemiset ja jopa nykyinen kokoonpano on j\u00e4\u00e4nyt pimentoon.<\/p>\n<p>HIFK:n toiminnalle on ollut ominaista jo pitk\u00e4\u00e4n, ett\u00e4 kun pit\u00e4\u00e4 tehd\u00e4 jotain, tehd\u00e4\u00e4n jotain.\u00a0Yleens\u00e4 mahdollisimman n\u00e4ytt\u00e4v\u00e4\u00e4, kuten vaikka tiedotustilaisuus vailla mit\u00e4\u00e4n sis\u00e4lt\u00f6\u00e4.\u00a0<strong>Tom Nybondasin<\/strong> legendaarisesta &#8221;turbulenssi loppuu nyt&#8221; -kommentista on jo yli kymmenen vuotta aikaa, mutta sama sirkus jatkuu edelleen. Ja Nybondas h\u00e4\u00e4rii edelleen taustajoukoissa.<\/p>\n<p>Jopa uskollisuudestaan tunnettujen HIFK-fanien k\u00e4rsiv\u00e4llisyys alkaa olla koetuksella, joten nyt ylimm\u00e4ss\u00e4 johdossa on aika katsoa kriittisesti my\u00f6s omaa toimintaa. HIFK on vajonnut ikuisesta keskinkertaisuudesta naurunaiheeksi.\u00a0<\/p>\n<p>Seuraavan urheilujohtajan nime\u00e4 odotetaan mielenkiinnolla ymp\u00e4ri kiekkokent\u00e4n. Varmaa on se, ett\u00e4 yhteenk\u00e4\u00e4n ep\u00e4onnistuneeseen ty\u00f6harjoittelijarekrytointiin HIFK:lla ei ole en\u00e4\u00e4 varaa.\u00a0<\/p>\n","protected":false},"excerpt":{"rendered":"HIFK tiedotti tiistaina urheilujohtaja Janne Pesosen pestin p\u00e4\u00e4ttyneen yhteisymm\u00e4rryksess\u00e4. Olisi tyly\u00e4 sanoa vain puolentoista vuoden j\u00e4lkeen, ett\u00e4 oli&hellip;\n","protected":false},"author":2,"featured_media":94312,"comment_status":"","ping_status":"","sticky":false,"template":"","format":"standard","meta":{"footnotes":""},"categories":[158],"tags":[33,31,30,18579,159,32,160],"class_list":{"0":"post-94311","1":"post","2":"type-post","3":"status-publish","4":"format-standard","5":"has-post-thumbnail","7":"category-urheilu","8":"tag-fi","9":"tag-finland","10":"tag-finnish","11":"tag-janne-pesonen-ei-ole-romahdukseen-juurisyy-hifk-ei-voi-palkata-enaa-tyoharjoittelijoita-liiga-19-11-2025-kolumnit-jatkoaika-com-kaikki-jaakiekosta","12":"tag-sports","13":"tag-suomi","14":"tag-urheilu"},"share_on_mastodon":{"url":"https:\/\/pubeurope.com\/@fi\/115576307905179543","error":""},"_links":{"self":[{"href":"https:\/\/www.europesays.com\/fi\/wp-json\/wp\/v2\/posts\/94311","targetHints":{"allow":["GET"]}}],"collection":[{"href":"https:\/\/www.europesays.com\/fi\/wp-json\/wp\/v2\/posts"}],"about":[{"href":"https:\/\/www.europesays.com\/fi\/wp-json\/wp\/v2\/types\/post"}],"author":[{"embeddable":true,"href":"https:\/\/www.europesays.com\/fi\/wp-json\/wp\/v2\/users\/2"}],"replies":[{"embeddable":true,"href":"https:\/\/www.europesays.com\/fi\/wp-json\/wp\/v2\/comments?post=94311"}],"version-history":[{"count":0,"href":"https:\/\/www.europesays.com\/fi\/wp-json\/wp\/v2\/posts\/94311\/revisions"}],"wp:featuredmedia":[{"embeddable":true,"href":"https:\/\/www.europesays.com\/fi\/wp-json\/wp\/v2\/media\/94312"}],"wp:attachment":[{"href":"https:\/\/www.europesays.com\/fi\/wp-json\/wp\/v2\/media?parent=94311"}],"wp:term":[{"taxonomy":"category","embeddable":true,"href":"https:\/\/www.europesays.com\/fi\/wp-json\/wp\/v2\/categories?post=94311"},{"taxonomy":"post_tag","embeddable":true,"href":"https:\/\/www.europesays.com\/fi\/wp-json\/wp\/v2\/tags?post=94311"}],"curies":[{"name":"wp","href":"https:\/\/api.w.org\/{rel}","templated":true}]}}