{"id":94317,"date":"2025-11-19T12:18:08","date_gmt":"2025-11-19T12:18:08","guid":{"rendered":"https:\/\/www.europesays.com\/fi\/94317\/"},"modified":"2025-11-19T12:18:08","modified_gmt":"2025-11-19T12:18:08","slug":"venalaisalus-yritti-sokaista-brittilentajat-puolustusministeri-sotilaallinen-vaihtoehto-valmiina","status":"publish","type":"post","link":"https:\/\/www.europesays.com\/fi\/94317\/","title":{"rendered":"Ven\u00e4l\u00e4isalus yritti sokaista brittilent\u00e4j\u00e4t \u2013 Puolustusministeri: Sotilaallinen vaihtoehto valmiina"},"content":{"rendered":"<p>Ven\u00e4l\u00e4inen vakoilualus yritti sokaista brittilent\u00e4ji\u00e4.<\/p>\n<p><img decoding=\"async\" class=\"image image-show image-preview\" src=\"https:\/\/www.europesays.com\/fi\/wp-content\/uploads\/2025\/11\/635a7e7172d7de473c586963e96f5407aa913a19658b3757517e65adf622dd47.jpg\" alt=\"\"\/><img decoding=\"async\" class=\"image image-show\" src=\"https:\/\/www.europesays.com\/fi\/wp-content\/uploads\/2025\/11\/1763554688_206_635a7e7172d7de473c586963e96f5407aa913a19658b3757517e65adf622dd47.jpg\" alt=\"\"\/><\/p>\n<p>Britannian laivasto seurasi vakoilualus Jantaria tammikuussa 2025. Royal Navy, ZumaWire \/ MVPHOTOS<\/p>\n<p class=\"paragraph\">Ven\u00e4l\u00e4inen vakoilualus Jantar on yritt\u00e4nyt sokaista Britannian ilmavoimien lent\u00e4ji\u00e4 lasereilla, <a href=\"https:\/\/www.telegraph.co.uk\/news\/2025\/11\/19\/russian-spy-blinds-military-pilots-spy-ship-lasers\/\" target=\"_blank\" rel=\"noopener nofollow\">kertoo<\/a> muun muassa brittilehti The Telegraph.<\/p>\n<p class=\"paragraph\">Britannian puolustusministeri <strong>John Healeyn<\/strong> mukaan Jantar k\u00e4ytti lasereita brittien P-8 Poseidon -merivalvontalentokoneen lent\u00e4ji\u00e4 vastaan sen j\u00e4lkeen, kun kone oli l\u00e4hetetty seuraamaan vakoilualusta.<\/p>\n<p class=\"paragraph\">\u2013 T\u00e4m\u00e4 on ensimm\u00e4inen kerta, kun Jantar on kohdistanut t\u00e4llaisen toimenpiteen Britannian ilmavoimia vastaan. Otamme sen eritt\u00e4in vakavasti, Healey sanoi Reutersin mukaan.<\/p>\n<p class=\"paragraph\">Vakoilulaivaa seuraa parhaillaan Britannian laivaston fregatti Skotlannin rannikolla.<\/p>\n<p class=\"paragraph\">\u2013 Meill\u00e4 on valmiina sotilaallisia vaihtoehtoja, jos Jantar muuttaa kurssiaan, Healey sanoi.<\/p>\n<p class=\"paragraph\">Kyseess\u00e4 on toinen kerta t\u00e4n\u00e4 vuonna, kun Jantar vierailee Britanniassa. Tammikuussa saarivaltion kuninkaallinen laivasto l\u00e4hetti kaksi alusta tarkkailemaan vakoilualusta, kun se seilasi maan aluevesill\u00e4.<\/p>\n","protected":false},"excerpt":{"rendered":"Ven\u00e4l\u00e4inen vakoilualus yritti sokaista brittilent\u00e4ji\u00e4. Britannian laivasto seurasi vakoilualus Jantaria tammikuussa 2025. Royal Navy, ZumaWire \/ MVPHOTOS Ven\u00e4l\u00e4inen&hellip;\n","protected":false},"author":2,"featured_media":94318,"comment_status":"","ping_status":"","sticky":false,"template":"","format":"standard","meta":{"footnotes":""},"categories":[14],"tags":[35,802,22,23,26,27,33,31,30,17,3220,24,25,2910,121,28,29,15,18,21,2535,32,19,20,56,16,59,60,61],"class_list":{"0":"post-94317","1":"post","2":"type-post","3":"status-publish","4":"format-standard","5":"has-post-thumbnail","7":"category-ulkomaat","8":"tag-24h","9":"tag-armeijat-ja-aseelliset-joukot","10":"tag-breaking-news","11":"tag-breakingnews","12":"tag-featured-news","13":"tag-featurednews","14":"tag-fi","15":"tag-finland","16":"tag-finnish","17":"tag-headlines","18":"tag-ilmakulkuneuvot","19":"tag-latest-news","20":"tag-latestnews","21":"tag-lentoliikenne-ilmaliikenne","22":"tag-liikenne-ja-kuljetus","23":"tag-main-news","24":"tag-mainnews","25":"tag-news","26":"tag-otsikot","27":"tag-paauutiset","28":"tag-puolustuspolitiikka","29":"tag-suomi","30":"tag-top-stories","31":"tag-topstories","32":"tag-ulkomaat","33":"tag-uutiset","34":"tag-world","35":"tag-world-news","36":"tag-worldnews"},"share_on_mastodon":{"url":"https:\/\/pubeurope.com\/@fi\/115576327902012169","error":""},"_links":{"self":[{"href":"https:\/\/www.europesays.com\/fi\/wp-json\/wp\/v2\/posts\/94317","targetHints":{"allow":["GET"]}}],"collection":[{"href":"https:\/\/www.europesays.com\/fi\/wp-json\/wp\/v2\/posts"}],"about":[{"href":"https:\/\/www.europesays.com\/fi\/wp-json\/wp\/v2\/types\/post"}],"author":[{"embeddable":true,"href":"https:\/\/www.europesays.com\/fi\/wp-json\/wp\/v2\/users\/2"}],"replies":[{"embeddable":true,"href":"https:\/\/www.europesays.com\/fi\/wp-json\/wp\/v2\/comments?post=94317"}],"version-history":[{"count":0,"href":"https:\/\/www.europesays.com\/fi\/wp-json\/wp\/v2\/posts\/94317\/revisions"}],"wp:featuredmedia":[{"embeddable":true,"href":"https:\/\/www.europesays.com\/fi\/wp-json\/wp\/v2\/media\/94318"}],"wp:attachment":[{"href":"https:\/\/www.europesays.com\/fi\/wp-json\/wp\/v2\/media?parent=94317"}],"wp:term":[{"taxonomy":"category","embeddable":true,"href":"https:\/\/www.europesays.com\/fi\/wp-json\/wp\/v2\/categories?post=94317"},{"taxonomy":"post_tag","embeddable":true,"href":"https:\/\/www.europesays.com\/fi\/wp-json\/wp\/v2\/tags?post=94317"}],"curies":[{"name":"wp","href":"https:\/\/api.w.org\/{rel}","templated":true}]}}