{"id":94323,"date":"2025-11-19T12:32:10","date_gmt":"2025-11-19T12:32:10","guid":{"rendered":"https:\/\/www.europesays.com\/fi\/94323\/"},"modified":"2025-11-19T12:32:10","modified_gmt":"2025-11-19T12:32:10","slug":"toimittaja-maria-veitola-valmistautuu-tulevaisuuteen-teki-testamentin","status":"publish","type":"post","link":"https:\/\/www.europesays.com\/fi\/94323\/","title":{"rendered":"Toimittaja Maria Veitola valmistautuu tulevaisuuteen: Teki testamentin"},"content":{"rendered":"<p>            Timo Korhonen\n        <\/p>\n<p class=\"subtitle \">Maria on ryhtynyt toimenpiteisiin v\u00e4ist\u00e4m\u00e4tt\u00f6m\u00e4n varalta.<\/p>\n<p class=\"article-content article-content-width !bg-background\">Mediapersoona , 52, on ottanut el\u00e4m\u00e4ss\u00e4\u00e4n merkitt\u00e4v\u00e4n askeleen. H\u00e4n on alkanut varautumaan sen varalta, ett\u00e4 sairastuu tai kuolee.<\/p>\n<p class=\"font-weight-bold m-font-weight-bold article-content article-content-width !bg-background\">Arkistovideolla Maria paljastaa, mit\u00e4 ajattelee j\u00e4lkikasvunsa julkisuudesta:<\/p>\n<p class=\"article-content article-content-width !bg-background\">Maria kertoo toimistaan Instagramissa. <a href=\"https:\/\/www.instagram.com\/stories\/mariaveitola\/3768475588344581788\/\" target=\"_blank\" rel=\"nofollow noopener\">H\u00e4n kuvailee olevansa nyt aikuinen<\/a>.\u00a0<\/p>\n<p class=\"article-content article-content-width !bg-background\">\u2013 K\u00e4vin kirjoittamassa testamentin ja edunvalvontasopimuksen, otin my\u00f6s henkivakuutuksen, Maria kirjoittaa.\u00a0<\/p>\n<p>Varautuu tulevaan<\/p>\n<p class=\"article-content article-content-width !bg-background\">Testamentti on asiakirja, jolla henkil\u00f6 voi m\u00e4\u00e4r\u00e4t\u00e4, <a href=\"https:\/\/www.suomi.fi\/kansalaiselle\/talouden-hoitaminen\/oman-talouden-suunnittelu\/opas\/testamentti\/testamentin-tekeminen\" target=\"_blank\" rel=\"nofollow noopener\">kuinka h\u00e4n haluaa omaisuutensa jaettavan<\/a> kuolemansa j\u00e4lkeen. Edunvalvontavaltuutuksella, johon Maria sopimuksella viitannee, taas varaudutaan tilanteisiin, joissa<a href=\"https:\/\/dvv.fi\/edunvalvontavaltuutus-eli-tuen-tarpeen-ennakointi\" target=\"_blank\" rel=\"nofollow noopener\"> henkil\u00f6 ei itse ole kykenev\u00e4 huolehtimaan asioistaan <\/a>esimerkiksi sairastumisen takia.<\/p>\n<p>        <a itemprop=\"url\" href=\"https:\/\/www.seiska.fi\/kotimaa\/maria-veitola-avautuu-intiimielamastaan-paljastavat-kuvat\/1989703\" rel=\"nofollow noopener\" target=\"_blank\"><\/p>\n<p>\nPaljastavat kuvat\n<\/p>\n<p class=\"section-date\">\n        <strong class=\"article-section\" data-section=\"kotimaa\"><br \/>\n            kotimaa<br \/>\n        <\/strong><br \/>\n        11.11. 14:34\n    <\/p>\n<p>Maria Veitola avautuu intiimiel\u00e4m\u00e4st\u00e4\u00e4n \u2013 paljastavat kuvat\n    <\/p>\n<p itemprop=\"description\" class=\"subtitle \">\n    Maria Veitola puhuu avoimesti naisen nautinnosta ja my\u00f6s haluttomuudestaan.\n<\/p>\n<p>        <\/a><\/p>\n<p>                <img decoding=\"async\" src=\"https:\/\/www.europesays.com\/fi\/wp-content\/uploads\/2025\/11\/1996503.webp\" width=\"576\" height=\"322\" alt=\"Maria valmistautuu viisaasti tulevaan, kun on yh\u00e4 kykenev\u00e4 tekem\u00e4\u00e4n p\u00e4\u00e4t\u00f6ksi\u00e4. Kuvassa Marian kanssa Sami Sykk\u00f6.\" loading=\"lazy\" \/>            <\/p>\n<p>\n            Maria valmistautuu viisaasti tulevaan, kun on yh\u00e4 kykenev\u00e4 tekem\u00e4\u00e4n p\u00e4\u00e4t\u00f6ksi\u00e4. Kuvassa Marian kanssa Sami Sykk\u00f6.<br \/>\n            ATTE KAJOVA\n        <\/p>\n<p class=\"article-content article-content-width !bg-background\">Maria kertoo aloittaneensa prosessin jo muutama vuosi sitten. Nyt h\u00e4n kuitenkin sai sen viety\u00e4 loppuun asti.\u00a0<\/p>\n<p class=\"article-content article-content-width !bg-background\">Juontaja suunnittelee tekev\u00e4ns\u00e4 viel\u00e4 hoitotahdon. Kuten nimest\u00e4 voi p\u00e4\u00e4tell\u00e4, sen avulla ihminen voi <a href=\"https:\/\/www.terveyskirjasto.fi\/dlk00809\" target=\"_blank\" rel=\"nofollow noopener\">ilmaista hoitoon liittyv\u00e4t toiveensa<\/a>, jotta ne voidaan ottaa huomioon silloinkin, kun h\u00e4n ei itse pysty niit\u00e4 kertomaan.<\/p>\n<p>        <a itemprop=\"url\" href=\"https:\/\/www.seiska.fi\/kotimaa\/maria-veitola-hammastyi-ihonsa-hautaruostetta\/1970940\" rel=\"nofollow noopener\" target=\"_blank\"><\/p>\n<p>\nMaria Veitola\n<\/p>\n<p class=\"section-date\">\n        <strong class=\"article-section\" data-section=\"kotimaa\"><br \/>\n            kotimaa<br \/>\n        <\/strong><br \/>\n        23.10. 13:02\n    <\/p>\n<p>Maria Veitola h\u00e4mm\u00e4styi ihonsa &#8221;hautaruostetta&#8221;\n    <\/p>\n<p itemprop=\"description\" class=\"subtitle \">\n    \u2013 Fuck that shit! Maria uhoaa.\n<\/p>\n<p>        <\/a><\/p>\n<p>Luotti ammattiapuun<\/p>\n<p class=\"article-content article-content-width !bg-background\">Maria ei avaa tekemiens\u00e4 asiakirjojen varsinaista sis\u00e4lt\u00f6\u00e4. Testamentistaan h\u00e4n kuitenkin paljastaa muutamia yksityiskohtia.<\/p>\n<p class=\"article-content article-content-width !bg-background\">Tv-t\u00e4hti kertoo liitt\u00e4neens\u00e4 testamentin mukaan hautaustahdon. Lis\u00e4ksi h\u00e4n paljastaa turvautuneensa asiakirjan laatimisessa asiantuntijan apuun.<\/p>\n<p class=\"article-content article-content-width !bg-background\">\u2013 Testamentin tein pankin juristin kanssa. Voi sen tehd\u00e4 itsekin kunhan huolehtii, ett\u00e4 se on juridisesti p\u00e4tev\u00e4, Maria kirjoittaa keskiviikkona (19.11.) poistuvissa Instagram-tarinoissaan.\u00a0<\/p>\n<p>        <a itemprop=\"url\" href=\"https:\/\/www.seiska.fi\/kotimaa\/me-naiset-milan-jaff-kohu-romahdutti-maria-veitolan\/1947212\" rel=\"nofollow noopener\" target=\"_blank\"><\/p>\n<p>\nMe Naiset:\n<\/p>\n<p class=\"section-date\">\n        <strong class=\"article-section\" data-section=\"kotimaa\"><br \/>\n            kotimaa<br \/>\n        <\/strong><br \/>\n        1.10. 08:28\n    <\/p>\n<p>Me Naiset: Milan Jaff -kohu romahdutti Maria Veitolan\n    <\/p>\n<p itemprop=\"description\" class=\"subtitle \">\n    Maria avautuu pelottavasta masennusjaksostaan.\n<\/p>\n<p>        <\/a><\/p>\n<p><script async src=\"\/\/www.instagram.com\/embed.js\"><\/script><\/p>\n","protected":false},"excerpt":{"rendered":"Timo Korhonen Maria on ryhtynyt toimenpiteisiin v\u00e4ist\u00e4m\u00e4tt\u00f6m\u00e4n varalta. Mediapersoona , 52, on ottanut el\u00e4m\u00e4ss\u00e4\u00e4n merkitt\u00e4v\u00e4n askeleen. H\u00e4n on&hellip;\n","protected":false},"author":2,"featured_media":94324,"comment_status":"","ping_status":"","sticky":false,"template":"","format":"standard","meta":{"footnotes":""},"categories":[136],"tags":[407,137,33,31,30,18581,1235,408,683,1082,3893,32,167,1134,18580,109],"class_list":{"0":"post-94323","1":"post","2":"type-post","3":"status-publish","4":"format-standard","5":"has-post-thumbnail","7":"category-julkkikset","8":"tag-celebrities","9":"tag-entertainment","10":"tag-fi","11":"tag-finland","12":"tag-finnish","13":"tag-henkivakuutus","14":"tag-hoitotahto","15":"tag-julkkikset","16":"tag-kuolema","17":"tag-maria-veitola","18":"tag-sairaus","19":"tag-suomi","20":"tag-terveys","21":"tag-testamentti","22":"tag-varautuminen","23":"tag-viihde"},"share_on_mastodon":{"url":"https:\/\/pubeurope.com\/@fi\/115576383085517398","error":""},"_links":{"self":[{"href":"https:\/\/www.europesays.com\/fi\/wp-json\/wp\/v2\/posts\/94323","targetHints":{"allow":["GET"]}}],"collection":[{"href":"https:\/\/www.europesays.com\/fi\/wp-json\/wp\/v2\/posts"}],"about":[{"href":"https:\/\/www.europesays.com\/fi\/wp-json\/wp\/v2\/types\/post"}],"author":[{"embeddable":true,"href":"https:\/\/www.europesays.com\/fi\/wp-json\/wp\/v2\/users\/2"}],"replies":[{"embeddable":true,"href":"https:\/\/www.europesays.com\/fi\/wp-json\/wp\/v2\/comments?post=94323"}],"version-history":[{"count":0,"href":"https:\/\/www.europesays.com\/fi\/wp-json\/wp\/v2\/posts\/94323\/revisions"}],"wp:featuredmedia":[{"embeddable":true,"href":"https:\/\/www.europesays.com\/fi\/wp-json\/wp\/v2\/media\/94324"}],"wp:attachment":[{"href":"https:\/\/www.europesays.com\/fi\/wp-json\/wp\/v2\/media?parent=94323"}],"wp:term":[{"taxonomy":"category","embeddable":true,"href":"https:\/\/www.europesays.com\/fi\/wp-json\/wp\/v2\/categories?post=94323"},{"taxonomy":"post_tag","embeddable":true,"href":"https:\/\/www.europesays.com\/fi\/wp-json\/wp\/v2\/tags?post=94323"}],"curies":[{"name":"wp","href":"https:\/\/api.w.org\/{rel}","templated":true}]}}