{"id":94325,"date":"2025-11-19T12:39:12","date_gmt":"2025-11-19T12:39:12","guid":{"rendered":"https:\/\/www.europesays.com\/fi\/94325\/"},"modified":"2025-11-19T12:39:12","modified_gmt":"2025-11-19T12:39:12","slug":"jere-karalahti-hovioikeus-hylkasi-kantelun","status":"publish","type":"post","link":"https:\/\/www.europesays.com\/fi\/94325\/","title":{"rendered":"Jere Karalahti: hovioikeus hylk\u00e4si kantelun"},"content":{"rendered":"<p class=\"article-body mb-nof-24 px-nof-16\">Ex-j\u00e4\u00e4kiekkoilija <a class=\"article-personlink\" href=\"https:\/\/www.hs.fi\/haku\/?query=Jere%20Karalahti\" rel=\"nofollow noopener\" target=\"_blank\">Jere Karalahti<\/a>, 50, pysyy yh\u00e4 vangittuna.<\/p>\n<p class=\"article-body mb-nof-24 px-nof-16\">Karalahti kanteli k\u00e4r\u00e4j\u00e4oikeuden vangitsemisp\u00e4\u00e4t\u00f6ksest\u00e4 Helsingin hovioikeudelle. Se ei kuitenkaan heltynyt ex-kiekkoilijan vapautusvaatimukseen.<\/p>\n<p class=\"article-body mb-nof-24 px-nof-16\">\u201dKantelu hyl\u00e4t\u00e4\u00e4n\u201d, hovioikeus kirjoitti tiistaina antamassaan ratkaisussaan.<\/p>\n<p class=\"article-body mb-nof-24 px-nof-16\">Karalahden asianajaja ei halunnut kommentoida hovioikeuden p\u00e4\u00e4t\u00f6st\u00e4.<\/p>\n<p class=\"article-body mb-nof-24 px-nof-16\">Karalahti on ollut vangittuna torstaista 2. lokakuuta l\u00e4htien. H\u00e4n on ollut tutkintavankeudessa siten reilut puolitoista kuukautta.<\/p>\n<p class=\"article-body mb-nof-24 px-nof-16\">Karalahtea ep\u00e4ill\u00e4\u00e4n t\u00f6rke\u00e4st\u00e4 huumausainerikoksesta, joka on tapahtunut Helsingiss\u00e4 1.6.2025\u201329.9.2025.<\/p>\n<p class=\"article-body mb-nof-24 px-nof-16\">Mahdollinen syyte on nostettava 15. tammikuuta menness\u00e4. Karalahti on kiist\u00e4nyt syyllistyneens\u00e4 rikokseen.<\/p>\n<p class=\"article-body mb-nof-24 px-nof-16\">Vangitsemistaan edelt\u00e4neen\u00e4 lauantaina Karalahti nyrkkeili Helsingin j\u00e4\u00e4hallissa j\u00e4rjestetyss\u00e4 kamppailuillassa. Leijonien entinen luottopuolustaja kuvaili ottelua urheilu-uransa p\u00e4\u00e4t\u00f6kseksi.<\/p>\n","protected":false},"excerpt":{"rendered":"Ex-j\u00e4\u00e4kiekkoilija Jere Karalahti, 50, pysyy yh\u00e4 vangittuna. Karalahti kanteli k\u00e4r\u00e4j\u00e4oikeuden vangitsemisp\u00e4\u00e4t\u00f6ksest\u00e4 Helsingin hovioikeudelle. Se ei kuitenkaan heltynyt ex-kiekkoilijan&hellip;\n","protected":false},"author":2,"featured_media":94326,"comment_status":"","ping_status":"","sticky":false,"template":"","format":"standard","meta":{"footnotes":""},"categories":[158],"tags":[33,31,30,46,159,32,160],"class_list":{"0":"post-94325","1":"post","2":"type-post","3":"status-publish","4":"format-standard","5":"has-post-thumbnail","7":"category-urheilu","8":"tag-fi","9":"tag-finland","10":"tag-finnish","11":"tag-helsingin-sanomat","12":"tag-sports","13":"tag-suomi","14":"tag-urheilu"},"share_on_mastodon":{"url":"https:\/\/pubeurope.com\/@fi\/115576410163090788","error":""},"_links":{"self":[{"href":"https:\/\/www.europesays.com\/fi\/wp-json\/wp\/v2\/posts\/94325","targetHints":{"allow":["GET"]}}],"collection":[{"href":"https:\/\/www.europesays.com\/fi\/wp-json\/wp\/v2\/posts"}],"about":[{"href":"https:\/\/www.europesays.com\/fi\/wp-json\/wp\/v2\/types\/post"}],"author":[{"embeddable":true,"href":"https:\/\/www.europesays.com\/fi\/wp-json\/wp\/v2\/users\/2"}],"replies":[{"embeddable":true,"href":"https:\/\/www.europesays.com\/fi\/wp-json\/wp\/v2\/comments?post=94325"}],"version-history":[{"count":0,"href":"https:\/\/www.europesays.com\/fi\/wp-json\/wp\/v2\/posts\/94325\/revisions"}],"wp:featuredmedia":[{"embeddable":true,"href":"https:\/\/www.europesays.com\/fi\/wp-json\/wp\/v2\/media\/94326"}],"wp:attachment":[{"href":"https:\/\/www.europesays.com\/fi\/wp-json\/wp\/v2\/media?parent=94325"}],"wp:term":[{"taxonomy":"category","embeddable":true,"href":"https:\/\/www.europesays.com\/fi\/wp-json\/wp\/v2\/categories?post=94325"},{"taxonomy":"post_tag","embeddable":true,"href":"https:\/\/www.europesays.com\/fi\/wp-json\/wp\/v2\/tags?post=94325"}],"curies":[{"name":"wp","href":"https:\/\/api.w.org\/{rel}","templated":true}]}}