{"id":94351,"date":"2025-11-19T13:11:09","date_gmt":"2025-11-19T13:11:09","guid":{"rendered":"https:\/\/www.europesays.com\/fi\/94351\/"},"modified":"2025-11-19T13:11:09","modified_gmt":"2025-11-19T13:11:09","slug":"nyt-selvisi-minna-helteen-palkka","status":"publish","type":"post","link":"https:\/\/www.europesays.com\/fi\/94351\/","title":{"rendered":"Nyt selvisi Minna Helteen palkka"},"content":{"rendered":"<p>Helteen palkka on suurempi kuin EK:n v\u00e4istyv\u00e4n toimitusjohtajan Jyri H\u00e4k\u00e4miehen palkka.<\/p>\n<p class=\"article-body mb-nof-24 px-nof-16\">Huhtikuun alussa Elinkeinoel\u00e4m\u00e4n keskusliiton toimitusjohtajana aloittavan <a class=\"article-personlink\" href=\"https:\/\/www.is.fi\/haku\/?query=Minna%20Helteen\" rel=\"nofollow noopener\" target=\"_blank\">Minna Helteen<\/a> kokonaispalkaksi on sovittu 35\u202f000 euroa.<\/p>\n<p class=\"article-body mb-nof-24 px-nof-16\">EK:sta kerrotaan IS:lle, ett\u00e4 Helteen kokonaispalkka sis\u00e4lt\u00e4\u00e4 toimitusjohtajan niin valitessa vapaan autoedun, matkapuhelinedun sek\u00e4 internet-yhteyden kotona.<\/p>\n<p class=\"article-body mb-nof-24 px-nof-16\">Helle tulee tienaamaan paremmin kuin EK:n v\u00e4istyv\u00e4 toimitusjohtaja <a class=\"article-personlink\" href=\"https:\/\/www.is.fi\/haku\/?query=Jyri%20H%C3%A4k%C3%A4mies\" rel=\"nofollow noopener\" target=\"_blank\">Jyri H\u00e4k\u00e4mies<\/a>, jonka kuukausipalkka oli IS:n lokakuussa 2023 tekem\u00e4n selvityksen <a class=\"article-genericlink\" href=\"https:\/\/www.is.fi\/politiikka\/art-2000009894267.html\" rel=\"nofollow noopener\" target=\"_blank\">mukaan<\/a> 30\u202f647 euroa.<\/p>\n<p><img decoding=\"async\" src=\"https:\/\/www.europesays.com\/fi\/wp-content\/uploads\/2025\/11\/1763557869_653_468.jpg\" alt=\"EK:n toimitusjohtajana vuodesta 2012 asti toiminut Jyri H\u00e4k\u00e4mies j\u00e4\u00e4 el\u00e4kkeelle toukokuussa.\" class=\"_Img_1rerz_1\" style=\"aspect-ratio:1.5446500402252614\" loading=\"eager\"\/><\/p>\n<p class=\"article-picture-caption\">EK:n toimitusjohtajana vuodesta 2012 asti toiminut Jyri H\u00e4k\u00e4mies j\u00e4\u00e4 el\u00e4kkeelle toukokuussa. Kuva:\u00a0Vesa Moilanen \/ Lehtikuva<\/p>\n<p class=\"article-body mb-nof-24 px-nof-16\">EK:n toimitusjohtaja erottuu perinteisesti ansioillaan muista ty\u00f6markkinajohtajista.<\/p>\n<p class=\"article-body mb-nof-24 px-nof-16\">H\u00e4k\u00e4mies oli viime vuonna <a class=\"article-genericlink\" href=\"https:\/\/www.is.fi\/taloussanomat\/art-2000011611786.html\" rel=\"nofollow noopener\" target=\"_blank\">kovatuloisin<\/a> ty\u00f6markkinapomo 449\u202f279 euron ansioillaan.<\/p>\n<p class=\"article-body mb-nof-24 px-nof-16\">P\u00e4\u00e4omatulojen osuus H\u00e4k\u00e4miehen tuloista oli 18\u202f925 euroa.<\/p>\n<p class=\"article-body mb-nof-24 px-nof-16\">EK:n toimitusjohtaja tienaa huomattavasti enemm\u00e4n kuin esimerkiksi p\u00e4\u00e4ministeri.<\/p>\n<p class=\"article-body mb-nof-24 px-nof-16\">P\u00e4\u00e4ministeri <a class=\"article-personlink\" href=\"https:\/\/www.is.fi\/haku\/?query=Petteri%20Orpo\" rel=\"nofollow noopener\" target=\"_blank\">Petteri Orpo <\/a>(kok) <a class=\"article-genericlink\" href=\"https:\/\/www.is.fi\/politiikka\/art-2000011188779.html\" rel=\"nofollow noopener\" target=\"_blank\">tienaa<\/a> 18\u202f444,50 euroa kuussa.<\/p>\n<p class=\"article-body mb-nof-24 px-nof-16\">Ensi vuoden alusta l\u00e4htien Orpo tienaa 17\u202f722,10 euroa kuussa, sill\u00e4 hallitus p\u00e4\u00e4tti laskea ministereiden palkkiota.<\/p>\n","protected":false},"excerpt":{"rendered":"Helteen palkka on suurempi kuin EK:n v\u00e4istyv\u00e4n toimitusjohtajan Jyri H\u00e4k\u00e4miehen palkka. Huhtikuun alussa Elinkeinoel\u00e4m\u00e4n keskusliiton toimitusjohtajana aloittavan Minna&hellip;\n","protected":false},"author":2,"featured_media":94352,"comment_status":"","ping_status":"","sticky":false,"template":"","format":"standard","meta":{"footnotes":""},"categories":[12],"tags":[22,23,26,27,33,31,30,17,34,24,25,28,29,15,18,21,32,19,20,16],"class_list":{"0":"post-94351","1":"post","2":"type-post","3":"status-publish","4":"format-standard","5":"has-post-thumbnail","7":"category-suomi","8":"tag-breaking-news","9":"tag-breakingnews","10":"tag-featured-news","11":"tag-featurednews","12":"tag-fi","13":"tag-finland","14":"tag-finnish","15":"tag-headlines","16":"tag-ilta-sanomat","17":"tag-latest-news","18":"tag-latestnews","19":"tag-main-news","20":"tag-mainnews","21":"tag-news","22":"tag-otsikot","23":"tag-paauutiset","24":"tag-suomi","25":"tag-top-stories","26":"tag-topstories","27":"tag-uutiset"},"share_on_mastodon":{"url":"https:\/\/pubeurope.com\/@fi\/115576536150345333","error":""},"_links":{"self":[{"href":"https:\/\/www.europesays.com\/fi\/wp-json\/wp\/v2\/posts\/94351","targetHints":{"allow":["GET"]}}],"collection":[{"href":"https:\/\/www.europesays.com\/fi\/wp-json\/wp\/v2\/posts"}],"about":[{"href":"https:\/\/www.europesays.com\/fi\/wp-json\/wp\/v2\/types\/post"}],"author":[{"embeddable":true,"href":"https:\/\/www.europesays.com\/fi\/wp-json\/wp\/v2\/users\/2"}],"replies":[{"embeddable":true,"href":"https:\/\/www.europesays.com\/fi\/wp-json\/wp\/v2\/comments?post=94351"}],"version-history":[{"count":0,"href":"https:\/\/www.europesays.com\/fi\/wp-json\/wp\/v2\/posts\/94351\/revisions"}],"wp:featuredmedia":[{"embeddable":true,"href":"https:\/\/www.europesays.com\/fi\/wp-json\/wp\/v2\/media\/94352"}],"wp:attachment":[{"href":"https:\/\/www.europesays.com\/fi\/wp-json\/wp\/v2\/media?parent=94351"}],"wp:term":[{"taxonomy":"category","embeddable":true,"href":"https:\/\/www.europesays.com\/fi\/wp-json\/wp\/v2\/categories?post=94351"},{"taxonomy":"post_tag","embeddable":true,"href":"https:\/\/www.europesays.com\/fi\/wp-json\/wp\/v2\/tags?post=94351"}],"curies":[{"name":"wp","href":"https:\/\/api.w.org\/{rel}","templated":true}]}}