{"id":94357,"date":"2025-11-19T13:24:09","date_gmt":"2025-11-19T13:24:09","guid":{"rendered":"https:\/\/www.europesays.com\/fi\/94357\/"},"modified":"2025-11-19T13:24:09","modified_gmt":"2025-11-19T13:24:09","slug":"minna-kuukan-valivuoden-piparkakkutalo-on-maagisen-kaunis","status":"publish","type":"post","link":"https:\/\/www.europesays.com\/fi\/94357\/","title":{"rendered":"Minna Kuukan &#8221;v\u00e4livuoden piparkakkutalo&#8221; on maagisen kaunis"},"content":{"rendered":"<p class=\"ingress\">H\u00e4ik\u00e4isevi\u00e4 piparkakkutaloja vuosittain tehtaileva Minna Kuukka ei pett\u00e4nyt some-seuraajiensa odotuksia t\u00e4n\u00e4k\u00e4\u00e4n vuonna. <\/p>\n<p>Radiojuontaja<strong> Minna Kuukka <\/strong>on tunnettu huikeista piparitaloistaan. Niit\u00e4 h\u00e4n on esitellyt Instagram-tilill\u00e4\u00e4n viime vuosina aina joulun alla.<\/p>\n<p>T\u00e4n\u00e4 vuonna Minnan oli tarkoitus pit\u00e4\u00e4 taukoa <a href=\"https:\/\/anna.fi\/ruoka\/minna-kuukan-jattimotka\" rel=\"nofollow noopener\" target=\"_blank\">piparkakkutalojen rakennuksesta,<\/a> mutta kuinkas k\u00e4vik\u00e4\u00e4n.<\/p>\n<p>Insta-tilille on j\u00e4lleen ilmestynyt h\u00e4mm\u00e4stytt\u00e4v\u00e4n upea luomus ollakseen \u201dv\u00e4livuoden\u201d tuotos.<\/p>\n<p>\u201dP\u00e4\u00e4tin aiemmin, ett\u00e4 t\u00e4st\u00e4 tulee nyt se pitk\u00e4\u00e4n uumoiltu v\u00e4livuosi talotehtaalla, jossa meno on toisinaan \u00e4itynyt turhan kiihke\u00e4ksi. Syyn\u00e4 syksyn t\u00e4h\u00e4nastiset kiireet ja haipakka. \u00c4\u00e4neen en sit\u00e4 sanonut, mutta kypsynyt p\u00e4\u00e4t\u00f6s lep\u00e4ili tyytyv\u00e4isen\u00e4 mielen p\u00e4\u00e4ll\u00e4\u201d, Minna kertoo postauksessaan.<\/p>\n<p>P\u00e4\u00e4t\u00f6s ei lopulta pit\u00e4nyt.<\/p>\n<p>\u201dVaan koska selk\u00e4ranka on ku kumisaappaanvarsi, viikonloppuna otin sittenkin varovasti tuntumaa ja ensimm\u00e4iset putkahtivat. Lievent\u00e4v\u00e4 asianhaara: uusia en nyt l\u00e4hde innovoimaan vaan menn\u00e4\u00e4n klassikkomallein kohti joulukuuta\u201d, Minna jatkaa p\u00e4ivityksess\u00e4\u00e4n.<\/p>\n<p>H\u00e4n my\u00f6s lis\u00e4\u00e4, ett\u00e4 t\u00e4m\u00e4 p\u00e4\u00e4t\u00f6s on aivan varma.<\/p>\n<p>\u201dV\u00e4livuoden\u201d piparitalo n\u00e4ytt\u00e4\u00e4 t\u00e4lt\u00e4:<\/p>\n<blockquote class=\"instagram-media\" data-instgrm-permalink=\"https:\/\/www.instagram.com\/p\/DRKvIWGAqEr\/?utm_source=ig_embed&amp;utm_campaign=loading\" data-instgrm-version=\"14\" style=\" background:#FFF; border:0; border-radius:3px; box-shadow:0 0 1px 0 rgba(0,0,0,0.5),0 1px 10px 0 rgba(0,0,0,0.15); margin: 1px; max-width:540px; min-width:326px; padding:0; width:99.375%; width:-webkit-calc(100% - 2px); width:calc(100% - 2px);\"\/>\n<p><strong>Lue my\u00f6s:<\/strong> <a href=\"https:\/\/anna.fi\/ihmiset\/minna-kuukan-piparkauhutalo-saa-leuat-loksahtamaan-katso-kuvat-upeasta-halloween-herkusta\" rel=\"nofollow noopener\" target=\"_blank\">Minna Kuukan piparkauhutalo saa leuat loksahtamaan \u2013 katso kuvat upeasta halloween-herkusta<\/a><\/p>\n<p>Odotettu talo \u2013 ja lis\u00e4\u00e4 tulossa?<\/p>\n<p>P\u00e4ivityksest\u00e4 pystyy p\u00e4\u00e4ttelem\u00e4\u00e4n, ett\u00e4 my\u00f6s lis\u00e4\u00e4 piparkakkutaloja saattaa olla ennen joulua tulossa. Niit\u00e4 odottelevat innolla monet Minnan piparitalojen fanit, jotka t\u00e4t\u00e4 uusintakin luomusta postauksen kommenteissa kehuvat:<\/p>\n<p>\u201dT\u00e4t\u00e4 on jo odotettu\u201d, sanoo er\u00e4s kommentoija.<\/p>\n<p>Toinen kommentti tunnistaa talon T\u00f6\u00f6l\u00f6n talvipuutarhaksi. <\/p>\n<p>Er\u00e4\u00e4ss\u00e4 odotuksen t\u00e4yttymisen iloa hehkuvassa kommentissa talon katolla n\u00e4hd\u00e4\u00e4n rivi hattivatteja:<\/p>\n<p>\u201dIhana. Hattivatit jo katolla valmiina. Kyll\u00e4 t\u00e4t\u00e4 uutta kautta on odotettu. Kiitos.\u201d<\/p>\n<p>Tykk\u00e4yksi\u00e4 talolla on l\u00e4hes 30 000.<\/p>\n<p>Piparitalofanit ovat saaneet ihastella Minnan taloja aiemipia vuosina jopa lokakuussa. Esimerkiksi vuonna 2023 h\u00e4n loihti Halloween-aiheisen piparkauhutalon:<\/p>\n<blockquote class=\"instagram-media\" data-instgrm-permalink=\"https:\/\/www.instagram.com\/p\/CyQpH6hM8qb\/?utm_source=ig_embed&amp;utm_campaign=loading\" data-instgrm-version=\"14\" style=\" background:#FFF; border:0; border-radius:3px; box-shadow:0 0 1px 0 rgba(0,0,0,0.5),0 1px 10px 0 rgba(0,0,0,0.15); margin: 1px; max-width:540px; min-width:326px; padding:0; width:99.375%; width:-webkit-calc(100% - 2px); width:calc(100% - 2px);\"\/>\n<p>Minnan perinteen mukaan joka vuosi syntyy yksi erityisen n\u00e4ytt\u00e4v\u00e4, j\u00e4ttim\u00e4inen luomus, jota h\u00e4n kutsuu \u201dj\u00e4ttim\u00f6tk\u00f6ksi\u201d. <\/p>\n<p>Viime vuonna eli joulukuussa 2024 j\u00e4ttim\u00f6tk\u00f6 n\u00e4ytti t\u00e4lt\u00e4:<\/p>\n<blockquote class=\"instagram-media\" data-instgrm-permalink=\"https:\/\/www.instagram.com\/p\/DCWvPpSivII\/?utm_source=ig_embed&amp;utm_campaign=loading\" data-instgrm-version=\"14\" style=\" background:#FFF; border:0; border-radius:3px; box-shadow:0 0 1px 0 rgba(0,0,0,0.5),0 1px 10px 0 rgba(0,0,0,0.15); margin: 1px; max-width:540px; min-width:326px; padding:0; width:99.375%; width:-webkit-calc(100% - 2px); width:calc(100% - 2px);\"\/>\n<p><strong>Lue my\u00f6s Kotiliesi.fi:<\/strong> <a href=\"https:\/\/kotiliesi.fi\/ruoka\/kauneimmat-piparkakkutalot-muumitalo-mummola-majakka-piparkakkukaupunki-ja-iki-ihanat-kieku-ja-kaiku\/\" target=\"_blank\" rel=\"noreferrer noopener nofollow\">Kauneimmat piparkakkutalot: Muumitalo, mummola, majakka, piparkakkukaupunki ja iki-ihanat Kieku ja Kaiku<\/a><\/p>\n<p>Valmiit talot Minna lahjoittaa l\u00e4heisilleen<\/p>\n<p>Aika n\u00e4ytt\u00e4\u00e4, onko Minnan piparkakkutalopajalta t\u00e4n\u00e4 \u201dv\u00e4livuotena\u201d tulossa lis\u00e4\u00e4 j\u00e4ttim\u00f6tk\u00f6taloja. Aiempina vuosina piparista loihdittujen taideteosten aiheena on ollut my\u00f6s erilaisia liikennev\u00e4lineit\u00e4 sek\u00e4 muun muassa Eiffel-torni.<\/p>\n<p><strong>Lue my\u00f6s:<\/strong> <a href=\"https:\/\/anna.fi\/ihmiset\/minna-kuukka-teki-sen-taas-talta-nayttaa-piparkakuista-tehty-legendaarinen-rakkauden-symboli\" rel=\"nofollow noopener\" target=\"_blank\">Minna Kuukka teki sen taas \u2013 t\u00e4lt\u00e4 n\u00e4ytt\u00e4\u00e4 piparkakuista tehty legendaarinen rakkauden symboli<\/a><\/p>\n<p>Minna on kertonut <a href=\"https:\/\/anna.fi\/ihmiset\/ruoanlaitto-toi-minna-kuukan-arkeen-normaalin-elaman-tuntua-kun-puolison-sairastuminen-saikaytti-myos-minnan-perusasenne-auttoi?utm_medium=Social&amp;utm_source=Facebook&amp;shared=564652-e3b4f428-999#Echobox=1693981772\" rel=\"nofollow noopener\" target=\"_blank\">Anna-lehden haastattelussa<\/a>, kuinka joka vuosi hyviss\u00e4 ajoin ennen joulua k\u00e4ynnistyy \u201dKuukan talotehdas\u201d. Silloin Minna p\u00e4\u00e4st\u00e4\u00e4 mielikuvituksen valloilleen.<\/p>\n<p>Valmiit luomukset h\u00e4n lahjoittaa l\u00e4heisilleen.<\/p>\n<p>      <script async src=\"\/\/www.instagram.com\/embed.js\"><\/script><\/p>\n","protected":false},"excerpt":{"rendered":"H\u00e4ik\u00e4isevi\u00e4 piparkakkutaloja vuosittain tehtaileva Minna Kuukka ei pett\u00e4nyt some-seuraajiensa odotuksia t\u00e4n\u00e4k\u00e4\u00e4n vuonna. Radiojuontaja Minna Kuukka on tunnettu huikeista&hellip;\n","protected":false},"author":2,"featured_media":94358,"comment_status":"","ping_status":"","sticky":false,"template":"","format":"standard","meta":{"footnotes":""},"categories":[136],"tags":[407,137,33,31,30,18586,408,3945,18587,32,18578,109],"class_list":{"0":"post-94357","1":"post","2":"type-post","3":"status-publish","4":"format-standard","5":"has-post-thumbnail","7":"category-julkkikset","8":"tag-celebrities","9":"tag-entertainment","10":"tag-fi","11":"tag-finland","12":"tag-finnish","13":"tag-joululeivonta","14":"tag-julkkikset","15":"tag-minna-kuukka","16":"tag-piparkakut","17":"tag-suomi","18":"tag-unelmien-joulu","19":"tag-viihde"},"share_on_mastodon":{"url":"https:\/\/pubeurope.com\/@fi\/115576587116262040","error":""},"_links":{"self":[{"href":"https:\/\/www.europesays.com\/fi\/wp-json\/wp\/v2\/posts\/94357","targetHints":{"allow":["GET"]}}],"collection":[{"href":"https:\/\/www.europesays.com\/fi\/wp-json\/wp\/v2\/posts"}],"about":[{"href":"https:\/\/www.europesays.com\/fi\/wp-json\/wp\/v2\/types\/post"}],"author":[{"embeddable":true,"href":"https:\/\/www.europesays.com\/fi\/wp-json\/wp\/v2\/users\/2"}],"replies":[{"embeddable":true,"href":"https:\/\/www.europesays.com\/fi\/wp-json\/wp\/v2\/comments?post=94357"}],"version-history":[{"count":0,"href":"https:\/\/www.europesays.com\/fi\/wp-json\/wp\/v2\/posts\/94357\/revisions"}],"wp:featuredmedia":[{"embeddable":true,"href":"https:\/\/www.europesays.com\/fi\/wp-json\/wp\/v2\/media\/94358"}],"wp:attachment":[{"href":"https:\/\/www.europesays.com\/fi\/wp-json\/wp\/v2\/media?parent=94357"}],"wp:term":[{"taxonomy":"category","embeddable":true,"href":"https:\/\/www.europesays.com\/fi\/wp-json\/wp\/v2\/categories?post=94357"},{"taxonomy":"post_tag","embeddable":true,"href":"https:\/\/www.europesays.com\/fi\/wp-json\/wp\/v2\/tags?post=94357"}],"curies":[{"name":"wp","href":"https:\/\/api.w.org\/{rel}","templated":true}]}}