{"id":94363,"date":"2025-11-19T13:31:08","date_gmt":"2025-11-19T13:31:08","guid":{"rendered":"https:\/\/www.europesays.com\/fi\/94363\/"},"modified":"2025-11-19T13:31:08","modified_gmt":"2025-11-19T13:31:08","slug":"jarkko-parikka-pitaa-ilveksen-chl-reissuista-ei-lenneta-charterilla-pirkkalasta-chl-19-11-2025-haastattelut-jatkoaika-com","status":"publish","type":"post","link":"https:\/\/www.europesays.com\/fi\/94363\/","title":{"rendered":"Jarkko Parikka pit\u00e4\u00e4 Ilveksen CHL-reissuista: \u201dEi lennet\u00e4 charterilla Pirkkalasta\u201d &#8211; CHL &#8211; 19.11.2025 &#8211; Haastattelut &#8211; Jatkoaika.com"},"content":{"rendered":"<p>Ilveksell\u00e4 on sujunut loistavasti CHL:ssa, vaikka Liigassa on ollut vaikeita <a href=\"https:\/\/www.jatkoaika.com\/Haastattelu\/Jarkko-Parikka-oli-tyytyv\u00e4inen-Ilveksen-taisteluilmeeseen-H\u00e4meenlinnassa-T\u00e4n\u00e4\u00e4n-ei-ollut-meilt\u00e4-pelillisesti-paras-peli\/267050\" rel=\"nofollow noopener\" target=\"_blank\">jaksoja<\/a>. Euroopan kaukaloissa Ilves on voittanut jokaisen seitsem\u00e4st\u00e4 pelaamastaan ottelusta.<\/p>\n<p>Tamperelaisten kokenut puolustaja <strong>Jarkko Parikka<\/strong> on ollut tyytyv\u00e4inen joukkueen kauteen eurokaukaloissa.<\/p>\n<p>\u2013 CHL-taipale on ollut varsin mallikas. Olemme voittaneet kaikki pelit. Siell\u00e4 on ollut hyv\u00e4\u00e4 tekemist\u00e4 ja ne ovat kovia pelej\u00e4 kanssa. V\u00e4h\u00e4n ehk\u00e4 Liigaan verrattuna erilaisia, mutta kyll\u00e4 sinne kaikki laitetaan peliin.<\/p>\n<p>CHL:ssa vieraspeleihin matkustaminen vie aikaa ja matkustuskilometrej\u00e4 kertyy. Parikan mielest\u00e4 reissut ovat kuitenkin mukavia.<\/p>\n<p>\u2013 On ne kivoja reissuja. Saa olla j\u00e4tkien kanssa. Kyll\u00e4 siin\u00e4 on matkustusta aika paljon, kun ei lennet\u00e4 charterilla Pirkkalasta. Saa istua bussissa, lentokoneessa ja vaikka miss\u00e4. Hauskoja reissuja.<\/p>\n<p>Ilves kohtaa CHL:n nelj\u00e4nnesv\u00e4lieriess\u00e4 DEL:ssa pelaavan Fischtown Pinguinsin. Ensimm\u00e4inen osa p\u00e4\u00e4ttyi tamperelaisille lukemin 3\u20132. Puolustajalta tulee kehut vastustajalle, mutta samalla toive joukkueensa otteisiin toiseen osaotteluun.<\/p>\n<p>\u2013 Fischtown Pinguinsilla on paljon hyvi\u00e4 pelaajia ja laatupelaajia. Uskon kyll\u00e4, kun pelaamme meid\u00e4n omilla vahvuuksilla, kaveri ei pysy mukana.<\/p>\n<p>CHL:n sarjaj\u00e4rjestelm\u00e4st\u00e4 on ollut jo tovin puhetta, ja moni haluaisi uudistaa sarjaa. Parikan mukaan CHL:n tuomat lis\u00e4ottelut eiv\u00e4t rasita liikaa ja lev\u00e4t\u00e4kin kerke\u00e4\u00e4.\u00a0<\/p>\n<p>\u2013 Tuosta voi olla montaa mielt\u00e4, mutta kyll\u00e4 tavallaan on taukoja. Kyll\u00e4 tuossa mieluummin pelaa, on se kivaa sekin.<\/p>\n<p>Ilveksen ja Fischtown Pinguinsin v\u00e4linen toinen osaottelu pelataan Tampereella keskiviikkona kello 17.30 alkaen. Otteluparin voittaa joukkue, joka voittaa kahden osaottelun yhteenlasketut maalit.<\/p>\n","protected":false},"excerpt":{"rendered":"Ilveksell\u00e4 on sujunut loistavasti CHL:ssa, vaikka Liigassa on ollut vaikeita jaksoja. Euroopan kaukaloissa Ilves on voittanut jokaisen seitsem\u00e4st\u00e4&hellip;\n","protected":false},"author":2,"featured_media":94364,"comment_status":"","ping_status":"","sticky":false,"template":"","format":"standard","meta":{"footnotes":""},"categories":[158],"tags":[33,31,30,18588,159,32,160],"class_list":{"0":"post-94363","1":"post","2":"type-post","3":"status-publish","4":"format-standard","5":"has-post-thumbnail","7":"category-urheilu","8":"tag-fi","9":"tag-finland","10":"tag-finnish","11":"tag-jarkko-parikka-pitaa-ilveksen-chl-reissuista-ei-lenneta-charterilla-pirkkalasta-chl-19-11-2025-haastattelut-jatkoaika-com-kaikki-jaakiekosta","12":"tag-sports","13":"tag-suomi","14":"tag-urheilu"},"share_on_mastodon":{"url":"https:\/\/pubeurope.com\/@fi\/115576614647532117","error":""},"_links":{"self":[{"href":"https:\/\/www.europesays.com\/fi\/wp-json\/wp\/v2\/posts\/94363","targetHints":{"allow":["GET"]}}],"collection":[{"href":"https:\/\/www.europesays.com\/fi\/wp-json\/wp\/v2\/posts"}],"about":[{"href":"https:\/\/www.europesays.com\/fi\/wp-json\/wp\/v2\/types\/post"}],"author":[{"embeddable":true,"href":"https:\/\/www.europesays.com\/fi\/wp-json\/wp\/v2\/users\/2"}],"replies":[{"embeddable":true,"href":"https:\/\/www.europesays.com\/fi\/wp-json\/wp\/v2\/comments?post=94363"}],"version-history":[{"count":0,"href":"https:\/\/www.europesays.com\/fi\/wp-json\/wp\/v2\/posts\/94363\/revisions"}],"wp:featuredmedia":[{"embeddable":true,"href":"https:\/\/www.europesays.com\/fi\/wp-json\/wp\/v2\/media\/94364"}],"wp:attachment":[{"href":"https:\/\/www.europesays.com\/fi\/wp-json\/wp\/v2\/media?parent=94363"}],"wp:term":[{"taxonomy":"category","embeddable":true,"href":"https:\/\/www.europesays.com\/fi\/wp-json\/wp\/v2\/categories?post=94363"},{"taxonomy":"post_tag","embeddable":true,"href":"https:\/\/www.europesays.com\/fi\/wp-json\/wp\/v2\/tags?post=94363"}],"curies":[{"name":"wp","href":"https:\/\/api.w.org\/{rel}","templated":true}]}}