{"id":94365,"date":"2025-11-19T13:32:07","date_gmt":"2025-11-19T13:32:07","guid":{"rendered":"https:\/\/www.europesays.com\/fi\/94365\/"},"modified":"2025-11-19T13:32:07","modified_gmt":"2025-11-19T13:32:07","slug":"sinikka-sokka-laulaa-riihisaaressa-toivosta-rauhasta-ja-rakkaudesta-eero-ojanen-saestaa-paikalliset","status":"publish","type":"post","link":"https:\/\/www.europesays.com\/fi\/94365\/","title":{"rendered":"Sinikka Sokka laulaa Riihisaaressa toivosta, rauhasta ja rakkaudesta \u2013 Eero Ojanen s\u00e4est\u00e4\u00e4 | Paikalliset"},"content":{"rendered":"<p>Torstai-iltana Riihisaaressa Savonlinnan museossa on konsertti, jossa esiintyv\u00e4t laulaja-n\u00e4yttelij\u00e4 <strong>Sinikka Sokka <\/strong>sek\u00e4 s\u00e4velt\u00e4j\u00e4-muusikko <strong>Eero Ojanen<\/strong>, piano.<\/p>\n<p>Sinikka Sokka on rakastettu pitk\u00e4n linjan n\u00e4yttelij\u00e4 ja laulaja. H\u00e4n on tehnyt monipuolisella urallaan niin teatteria, televisioty\u00f6t\u00e4, musikaaleja, konsertteja, revyit\u00e4, kiertueita, levytyksi\u00e4 kuin opetust\u00f6it\u00e4kin, kerrotaan tiedotteessa. Sokan \u00e4\u00e4ni on suomalaisille tuttu monesta yhteydest\u00e4, ja merkitt\u00e4v\u00e4 m\u00e4\u00e4r\u00e4 levytyksi\u00e4 on syntynyt legendaaristen Agit-Prop-kvartetin ja KOM-teatterin kanssa. Yksi tuoreista t\u00f6ist\u00e4 on K\u00e4mppikset-tv-sarjan toinen kausi.<\/p>\n<p><strong>Eero \u201dErtsi\u201d Ojasen<\/strong> ura muusikkona ja s\u00e4velt\u00e4j\u00e4n\u00e4 on kest\u00e4nyt jo yli 60 vuotta ja jatkuu vire\u00e4n\u00e4. Ojasesta on juuri julkaistu el\u00e4m\u00e4kertakirja Ertsi \u2013 Eero Ojasen musiikin t\u00e4ytt\u00e4m\u00e4 maailma (Kustannusyhti\u00f6 TA-Tieto). Kirja kertoo, kuinka nuoresta jazz-muusikosta kehittyi valtionpalkinnon saanut s\u00e4velt\u00e4j\u00e4, teatteri- ja elokuvamusiikin uudistaja ja poliittisen kabareen ja laululiikkeen keskeinen s\u00e4velt\u00e4j\u00e4.<\/p>\n<p><strong class=\"diks-storyline__impact\">Sinikka Sokka <\/strong>ja Eero Ojanen ovat tehneet taiteellista yhteisty\u00f6t\u00e4 jo 1970-luvun alusta saakka, muun muassa KOM-teatterin konserttikiertueiden yhteydess\u00e4 ja teatteriproduktioiden parissa. Agit-Prop-kvartetin kapellimestarina, s\u00e4velt\u00e4j\u00e4n\u00e4 ja luottosovittajana Ojanen on ollut korvaamaton. He ovat julkaisseet my\u00f6s yhteisen J\u00e4\u00e4tanssi-albumin, joka koostui <strong>Leif Salm\u00e9nin<\/strong> teksteist\u00e4 ja Eero Ojasen ja <strong>Jukka Linkolan<\/strong> s\u00e4vellyksist\u00e4.<\/p>\n<p>Riihisaaren museokonsertin ohjelman laulut on koottu vuosikymmenten varrelta. Ne sis\u00e4lt\u00e4v\u00e4t rakkautta ja rauhan tahtoa \u2013 toivoa unohtamatta.<\/p>\n<p>Eero Ojasen el\u00e4m\u00e4kertakirjan kirjoittaja, kirjailija ja FT <strong>Pirjo Munck<\/strong> on mukana konsertti-illassa. Tuoretta kirjaa on tilaisuudessa myynniss\u00e4 rajoitettu m\u00e4\u00e4r\u00e4.<\/p>\n<p class=\"diks-storyline__additional-information\">Museokonsertti: Sinikka Sokka &amp; Eero Ojanen. Lauluja toivosta, rauhasta ja rakkaudesta To 20.11. klo 18 Riihisaaressa.<\/p>\n","protected":false},"excerpt":{"rendered":"Torstai-iltana Riihisaaressa Savonlinnan museossa on konsertti, jossa esiintyv\u00e4t laulaja-n\u00e4yttelij\u00e4 Sinikka Sokka sek\u00e4 s\u00e4velt\u00e4j\u00e4-muusikko Eero Ojanen, piano. Sinikka Sokka&hellip;\n","protected":false},"author":2,"featured_media":94366,"comment_status":"","ping_status":"","sticky":false,"template":"","format":"standard","meta":{"footnotes":""},"categories":[130],"tags":[137,33,31,30,2001,108,47,16257,1000,2374,32,484,109],"class_list":{"0":"post-94365","1":"post","2":"type-post","3":"status-publish","4":"format-standard","5":"has-post-thumbnail","7":"category-viihde","8":"tag-entertainment","9":"tag-fi","10":"tag-finland","11":"tag-finnish","12":"tag-kirjailijat","13":"tag-kulttuuri","14":"tag-musiikki","15":"tag-riihisaari","16":"tag-savonlinna","17":"tag-savonlinnan-seutukunta","18":"tag-suomi","19":"tag-taiteellinen-ilmaisu-ja-mediat","20":"tag-viihde"},"share_on_mastodon":{"url":"https:\/\/pubeurope.com\/@fi\/115576618574351547","error":""},"_links":{"self":[{"href":"https:\/\/www.europesays.com\/fi\/wp-json\/wp\/v2\/posts\/94365","targetHints":{"allow":["GET"]}}],"collection":[{"href":"https:\/\/www.europesays.com\/fi\/wp-json\/wp\/v2\/posts"}],"about":[{"href":"https:\/\/www.europesays.com\/fi\/wp-json\/wp\/v2\/types\/post"}],"author":[{"embeddable":true,"href":"https:\/\/www.europesays.com\/fi\/wp-json\/wp\/v2\/users\/2"}],"replies":[{"embeddable":true,"href":"https:\/\/www.europesays.com\/fi\/wp-json\/wp\/v2\/comments?post=94365"}],"version-history":[{"count":0,"href":"https:\/\/www.europesays.com\/fi\/wp-json\/wp\/v2\/posts\/94365\/revisions"}],"wp:featuredmedia":[{"embeddable":true,"href":"https:\/\/www.europesays.com\/fi\/wp-json\/wp\/v2\/media\/94366"}],"wp:attachment":[{"href":"https:\/\/www.europesays.com\/fi\/wp-json\/wp\/v2\/media?parent=94365"}],"wp:term":[{"taxonomy":"category","embeddable":true,"href":"https:\/\/www.europesays.com\/fi\/wp-json\/wp\/v2\/categories?post=94365"},{"taxonomy":"post_tag","embeddable":true,"href":"https:\/\/www.europesays.com\/fi\/wp-json\/wp\/v2\/tags?post=94365"}],"curies":[{"name":"wp","href":"https:\/\/api.w.org\/{rel}","templated":true}]}}