{"id":94369,"date":"2025-11-19T13:35:10","date_gmt":"2025-11-19T13:35:10","guid":{"rendered":"https:\/\/www.europesays.com\/fi\/94369\/"},"modified":"2025-11-19T13:35:10","modified_gmt":"2025-11-19T13:35:10","slug":"chatty-parrots-tuo-varia-ja-vuorovaikutusta-laikunlavalle-testaa-interaktiivista-videoteosta-27-11-tampereen-kaupunki","status":"publish","type":"post","link":"https:\/\/www.europesays.com\/fi\/94369\/","title":{"rendered":"Chatty Parrots tuo v\u00e4ri\u00e4 ja vuorovaikutusta Laikunlavalle \u2013 testaa interaktiivista videoteosta 27.11. [Tampereen kaupunki"},"content":{"rendered":"<p>Kaupunkilaiskyselyss\u00e4 tamperelaiset kertoivat kokevansa Kirjastopuiston ajoittain levottomaksi, mik\u00e4 voi luoda turvattomuuden tunnetta ohikulkijoille. Tampereen kaupunki haluaa parantaa alueen viihtyisyytt\u00e4 ja tuoda iltoihin l\u00e4mpim\u00e4mp\u00e4\u00e4 tunnelmaa.<\/p>\n<p>Syntyi ajatus Chatty Parrots -videoinstallaatiosta, joka el\u00e4v\u00f6itt\u00e4isi lavan ymp\u00e4rist\u00f6\u00e4 talvikaudella. Interaktiivinen teos on kaupunkiymp\u00e4rist\u00f6ss\u00e4 harvinainen n\u00e4ht\u00e4vyys: se reagoi ihmisten liikkeisiin ja tuo alueelle iloa ja yll\u00e4tyksellisyytt\u00e4. Chatty Parrots -teoksessa kolme puhuvaa papukaijaa her\u00e4\u00e4v\u00e4t eloon ja alkavat jutella, kun joku l\u00e4hestyy niit\u00e4. Kun Laikunlavan l\u00e4heisyydess\u00e4 ei liiku ket\u00e4\u00e4n, papukaijat nukkuvat. Laikunlavan lintuh\u00e4kkim\u00e4inen rakenne tukee teoksen ideaa.<\/p>\n<p>Teoksessa yhdistyv\u00e4t teknologiaratkaisut ja el\u00e4mykset<\/p>\n<p>&#8211; Chatty Parrots -teos on esimerkki siit\u00e4, miten rohkeat ja innovatiiviset teknologiaratkaisut voivat muuttaa kaupunkitilaa. Yhdist\u00e4m\u00e4ll\u00e4 teknologian ja el\u00e4myksellisyyden tuomme pime\u00e4\u00e4n vuodenaikaan iloa, valoa ja yhteis\u00f6llisi\u00e4 hetki\u00e4, kertoo Tampereen kaupungin kehitt\u00e4misp\u00e4\u00e4llikk\u00f6 <strong>Anniina Autero.<\/strong><\/p>\n<p>Teos on n\u00e4ht\u00e4vill\u00e4 torstaina 27.11. klo 16\u201321. Kyseess\u00e4 on yhden illan testaus, jonka pohjalta arvioidaan mahdollinen pysyv\u00e4 toteutus. Kaupunki ker\u00e4\u00e4 tapahtuman aikana palautetta alueen k\u00e4ytt\u00e4jilt\u00e4 ja ennalta valituilta kohderyhmilt\u00e4. Teos toteutetaan osana Horizon Europe -rahoitteista WeGenerate -hanketta.<\/p>\n<p>Teoksen suunnittelu ja \u00e4\u00e4net: WSP Finland Oy, <strong>Annukka Larsen,<\/strong> <strong>Mia Erlin<\/strong> ja <strong>Antti Kalliom\u00e4ki<\/strong><\/p>\n<p>Animoidut papukaijat: Energia VFX Oy, <strong>Santeri Ojala<\/strong><\/p>\n<p>Tekninen toteutus: Mixa Oy, <strong>Mikko Kiviharju<\/strong> ja <strong>Niko Tiainen<\/strong><\/p>\n<p>Tilaaja: Tampereen kaupunki, Kilpailukyky ja innovaatiot<\/p>\n<p>Yhteyshenkil\u00f6: Tampereen kaupunki,<strong> <\/strong>Anniina Autero<\/p>\n","protected":false},"excerpt":{"rendered":"Kaupunkilaiskyselyss\u00e4 tamperelaiset kertoivat kokevansa Kirjastopuiston ajoittain levottomaksi, mik\u00e4 voi luoda turvattomuuden tunnetta ohikulkijoille. Tampereen kaupunki haluaa parantaa alueen&hellip;\n","protected":false},"author":2,"featured_media":94370,"comment_status":"","ping_status":"","sticky":false,"template":"","format":"standard","meta":{"footnotes":""},"categories":[76],"tags":[79,77,33,31,30,32,78],"class_list":{"0":"post-94369","1":"post","2":"type-post","3":"status-publish","4":"format-standard","5":"has-post-thumbnail","7":"category-talous","8":"tag-business","9":"tag-economy","10":"tag-fi","11":"tag-finland","12":"tag-finnish","13":"tag-suomi","14":"tag-talous"},"share_on_mastodon":{"url":"https:\/\/pubeurope.com\/@fi\/115576630428859441","error":""},"_links":{"self":[{"href":"https:\/\/www.europesays.com\/fi\/wp-json\/wp\/v2\/posts\/94369","targetHints":{"allow":["GET"]}}],"collection":[{"href":"https:\/\/www.europesays.com\/fi\/wp-json\/wp\/v2\/posts"}],"about":[{"href":"https:\/\/www.europesays.com\/fi\/wp-json\/wp\/v2\/types\/post"}],"author":[{"embeddable":true,"href":"https:\/\/www.europesays.com\/fi\/wp-json\/wp\/v2\/users\/2"}],"replies":[{"embeddable":true,"href":"https:\/\/www.europesays.com\/fi\/wp-json\/wp\/v2\/comments?post=94369"}],"version-history":[{"count":0,"href":"https:\/\/www.europesays.com\/fi\/wp-json\/wp\/v2\/posts\/94369\/revisions"}],"wp:featuredmedia":[{"embeddable":true,"href":"https:\/\/www.europesays.com\/fi\/wp-json\/wp\/v2\/media\/94370"}],"wp:attachment":[{"href":"https:\/\/www.europesays.com\/fi\/wp-json\/wp\/v2\/media?parent=94369"}],"wp:term":[{"taxonomy":"category","embeddable":true,"href":"https:\/\/www.europesays.com\/fi\/wp-json\/wp\/v2\/categories?post=94369"},{"taxonomy":"post_tag","embeddable":true,"href":"https:\/\/www.europesays.com\/fi\/wp-json\/wp\/v2\/tags?post=94369"}],"curies":[{"name":"wp","href":"https:\/\/api.w.org\/{rel}","templated":true}]}}