{"id":94371,"date":"2025-11-19T13:36:09","date_gmt":"2025-11-19T13:36:09","guid":{"rendered":"https:\/\/www.europesays.com\/fi\/94371\/"},"modified":"2025-11-19T13:36:09","modified_gmt":"2025-11-19T13:36:09","slug":"s-ryhma-ei-myy-jatkossa-israelilaista-alkuperaa-olevia-tuotteita-kaytannossa-hedelmia-ei-enaa-tule-israelista-kotimaa","status":"publish","type":"post","link":"https:\/\/www.europesays.com\/fi\/94371\/","title":{"rendered":"S-ryhm\u00e4 ei myy jatkossa israelilaista alkuper\u00e4\u00e4 olevia tuotteita \u2013 k\u00e4yt\u00e4nn\u00f6ss\u00e4 hedelmi\u00e4 ei en\u00e4\u00e4 tule Israelista | Kotimaa"},"content":{"rendered":"<p class=\"aw-1gybjub aw-5vja16 kEtdKx kmuxyA yle__article__paragraph\">S-ryhm\u00e4 seuraa rauhanneuvotteluja sek\u00e4 erityisesti Euroopan unionin linjauksia aktiivisesti. P\u00e4\u00e4t\u00f6st\u00e4 linjataan niiden perusteella tarpeen mukaan uudelleen.<\/p>\n<p><img decoding=\"async\" alt=\"Kouvolan Prisman vihannesosasto.\" src=\"https:\/\/www.europesays.com\/fi\/wp-content\/uploads\/2025\/11\/39-125759465f2e63ed253c.jpeg\" class=\"aw-1l9m598 hKVVvP\"\/><\/p>\n<p>Avaa kuvien katselu<\/p>\n<p>S-ryhm\u00e4n mukaan valikoimissa on ollut vain pieni m\u00e4\u00e4r\u00e4 israelilaista alkuper\u00e4\u00e4 olevia tuotteita. Arkistokuva Prismasta. Kuva: Kalle Purhonen \/ Yle<\/p>\n<p class=\"aw-1gybjub aw-1p7kakr kEtdKx cEmitX yle__article__paragraph\">S-ryhm\u00e4 ei myy jatkossa israelilaista alkuper\u00e4\u00e4 olevia tuotteita.<\/p>\n<p class=\"aw-1gybjub aw-1p7kakr kEtdKx cEmitX yle__article__paragraph\">S\u00e4hk\u00f6postivastauksessa todetaan Ylelle, ett\u00e4 S-ryhm\u00e4ss\u00e4 on p\u00e4\u00e4tetty toistaiseksi lopettaa israelilaista alkuper\u00e4\u00e4 olevien tuotteiden ostot olemassa olevia valikoimajaksoja ja niiss\u00e4 olevia sitoumuksia kunnioittaen.<\/p>\n<p class=\"aw-1gybjub aw-1p7kakr kEtdKx cEmitX yle__article__paragraph\">K\u00e4yt\u00e4nn\u00f6ss\u00e4 valikoimissa ei ole israelilaista alkuper\u00e4\u00e4 olevia hedelmi\u00e4 tai vihanneksia, sill\u00e4 S-ryhm\u00e4n valikoimissa on ollut vain hyvin pieni m\u00e4\u00e4r\u00e4 israelilaista alkuper\u00e4\u00e4 olevia tuotteita.<\/p>\n<p class=\"aw-1gybjub aw-1p7kakr kEtdKx cEmitX yle__article__paragraph\">Sen sijaan yksitt\u00e4isten tuotteiden osalta, esimerkiksi hiilihapotuslaitteet myyd\u00e4\u00e4n valikoimajaksojen loppuun asti, kirjoittaa SOK:n vastuullisuusjohtaja <strong class=\"aw-ak79eh KyCXm yle__article__strong\">Nina Elomaa<\/strong>.<\/p>\n<p class=\"aw-1gybjub aw-1p7kakr kEtdKx cEmitX yle__article__paragraph\">Elomaan mukaan p\u00e4\u00e4t\u00f6s asiasta tehtiin jo syyskuussa.<\/p>\n<p class=\"aw-1gybjub aw-1p7kakr kEtdKx cEmitX yle__article__paragraph\">P\u00e4\u00e4t\u00f6s perustuu Euroopan komission j\u00e4\u00e4dytysesitykseen, jonka taustalla on EU:n ja Israelin v\u00e4lisen assosiaatiosopimuksen kaupank\u00e4ynti\u00e4 koskevien osien j\u00e4\u00e4dytt\u00e4minen.<\/p>\n<p class=\"aw-1gybjub aw-1p7kakr kEtdKx cEmitX yle__article__paragraph\">S-ryhm\u00e4 seuraa Elomaan mukaan rauhanneuvotteluja sek\u00e4 erityisesti Euroopan unionin linjauksia aktiivisesti. P\u00e4\u00e4t\u00f6st\u00e4 linjataan niiden perusteella tarpeen mukaan uudelleen.<\/p>\n<p class=\"aw-1gybjub aw-1p7kakr kEtdKx cEmitX yle__article__paragraph\">Ensimm\u00e4isen\u00e4 aiheesta uutisoi <a class=\"aw-iao6s4 iHOxEa yle__article__link\" href=\"https:\/\/www.is.fi\/taloussanomat\/art-2000011637071.html\" role=\"link\" rel=\"nofollow noopener\" target=\"_blank\">Ilta-Sanomat<\/a>.<\/p>\n","protected":false},"excerpt":{"rendered":"S-ryhm\u00e4 seuraa rauhanneuvotteluja sek\u00e4 erityisesti Euroopan unionin linjauksia aktiivisesti. P\u00e4\u00e4t\u00f6st\u00e4 linjataan niiden perusteella tarpeen mukaan uudelleen. Avaa kuvien&hellip;\n","protected":false},"author":2,"featured_media":94372,"comment_status":"","ping_status":"","sticky":false,"template":"","format":"standard","meta":{"footnotes":""},"categories":[14],"tags":[22,23,26,27,33,31,30,505,17,6486,71,24,25,28,29,15,18,21,6304,32,19,20,1641,56,1168,16,59,60,61],"class_list":{"0":"post-94371","1":"post","2":"type-post","3":"status-publish","4":"format-standard","5":"has-post-thumbnail","7":"category-ulkomaat","8":"tag-breaking-news","9":"tag-breakingnews","10":"tag-featured-news","11":"tag-featurednews","12":"tag-fi","13":"tag-finland","14":"tag-finnish","15":"tag-gazan-sota","16":"tag-headlines","17":"tag-hok-elanto","18":"tag-kotimaa","19":"tag-latest-news","20":"tag-latestnews","21":"tag-main-news","22":"tag-mainnews","23":"tag-news","24":"tag-otsikot","25":"tag-paauutiset","26":"tag-s-ryhma","27":"tag-suomi","28":"tag-top-stories","29":"tag-topstories","30":"tag-tuotteet","31":"tag-ulkomaat","32":"tag-uusimaa","33":"tag-uutiset","34":"tag-world","35":"tag-world-news","36":"tag-worldnews"},"share_on_mastodon":{"url":"https:\/\/pubeurope.com\/@fi\/115576634476360138","error":""},"_links":{"self":[{"href":"https:\/\/www.europesays.com\/fi\/wp-json\/wp\/v2\/posts\/94371","targetHints":{"allow":["GET"]}}],"collection":[{"href":"https:\/\/www.europesays.com\/fi\/wp-json\/wp\/v2\/posts"}],"about":[{"href":"https:\/\/www.europesays.com\/fi\/wp-json\/wp\/v2\/types\/post"}],"author":[{"embeddable":true,"href":"https:\/\/www.europesays.com\/fi\/wp-json\/wp\/v2\/users\/2"}],"replies":[{"embeddable":true,"href":"https:\/\/www.europesays.com\/fi\/wp-json\/wp\/v2\/comments?post=94371"}],"version-history":[{"count":0,"href":"https:\/\/www.europesays.com\/fi\/wp-json\/wp\/v2\/posts\/94371\/revisions"}],"wp:featuredmedia":[{"embeddable":true,"href":"https:\/\/www.europesays.com\/fi\/wp-json\/wp\/v2\/media\/94372"}],"wp:attachment":[{"href":"https:\/\/www.europesays.com\/fi\/wp-json\/wp\/v2\/media?parent=94371"}],"wp:term":[{"taxonomy":"category","embeddable":true,"href":"https:\/\/www.europesays.com\/fi\/wp-json\/wp\/v2\/categories?post=94371"},{"taxonomy":"post_tag","embeddable":true,"href":"https:\/\/www.europesays.com\/fi\/wp-json\/wp\/v2\/tags?post=94371"}],"curies":[{"name":"wp","href":"https:\/\/api.w.org\/{rel}","templated":true}]}}