{"id":94373,"date":"2025-11-19T13:37:11","date_gmt":"2025-11-19T13:37:11","guid":{"rendered":"https:\/\/www.europesays.com\/fi\/94373\/"},"modified":"2025-11-19T13:37:11","modified_gmt":"2025-11-19T13:37:11","slug":"tassa-on-minna-helteen-palkka","status":"publish","type":"post","link":"https:\/\/www.europesays.com\/fi\/94373\/","title":{"rendered":"T\u00e4ss\u00e4 on Minna Helteen palkka"},"content":{"rendered":"<p>Elinkeinoel\u00e4m\u00e4n keskusliiton uusi toimitusjohtaja tienaa messev\u00e4n summan ja saa lis\u00e4ksi erilaisia etuja.<\/p>\n<p><img decoding=\"async\" class=\"image image-show image-preview\" src=\"https:\/\/www.europesays.com\/fi\/wp-content\/uploads\/2025\/11\/8f9d7dbdca71db04235df149d25549c42e35cd405febb77403d5d83d1f952c06.jpg\" alt=\"\"\/><img decoding=\"async\" class=\"image image-show\" src=\"https:\/\/www.europesays.com\/fi\/wp-content\/uploads\/2025\/11\/1763559431_206_8f9d7dbdca71db04235df149d25549c42e35cd405febb77403d5d83d1f952c06.jpg\" alt=\"\"\/><\/p>\n<p>Minna Helteen ansiot ovat uudessa ty\u00f6ss\u00e4 korkeat. TIINA SOMERPURO\n<\/p>\n<p class=\"paragraph\">Elinkeinoel\u00e4m\u00e4n keskusliiton historian ensimm\u00e4inen naispuolinen toimitusjohtaja <strong>Minna Helle<\/strong> tienaa ty\u00f6ss\u00e4\u00e4n 35 000 euroa kuukaudessa.<\/p>\n<p class=\"paragraph\">Palkka vahvistetaan Iltalehdelle EK:n viestinn\u00e4st\u00e4. Aiheesta aiemmin uutisoineen <a href=\"https:\/\/www.is.fi\/politiikka\/art-2000011637592.html\" target=\"_blank\" rel=\"noopener nofollow\">Ilta-Sanomien<\/a> mukaan Helteen palkka on korkeampi kuin pesti\u00e4 t\u00e4h\u00e4n asti hoitaneen Jyri H\u00e4k\u00e4miehen: H\u00e4k\u00e4miehen kuukausipalkka oli vuonna 2023 kysyttyjen tietojen mukaan 30 647 euroa.<\/p>\n<p class=\"paragraph\">EK:n Iltalehdelle kertoman mukaan Helle saa lis\u00e4ksi etuja, jos niin p\u00e4\u00e4tt\u00e4\u00e4 valita. Saatavilla ovat vapaa autoetu, matkapuhelinetu ja nettiyhteys kotiin.<\/p>\n<p class=\"paragraph\">Minna Helle ty\u00f6skentelee t\u00e4ll\u00e4 hetkell\u00e4 Teknologiateollisuuden toimitusjohtajana. H\u00e4net valittiin EK:n uudeksi toimitusjohtajaksi maanantaina. Helle aloittaa teht\u00e4v\u00e4ss\u00e4 huhtikuun alussa ja jatkaa Teknologiateollisuudessa helmikuun loppuun.<\/p>\n<p class=\"paragraph\">Valinnan j\u00e4lkeen Helle sanoi olevansa h\u00e4mmentynyt.<\/p>\n<p class=\"paragraph\">\u2013 Tuntuu aika uskomattomalta seisoa t\u00e4st\u00e4, koska pohjimmiltani olen itse asiassa arka maalaistytt\u00f6 Keski-Suomesta. Matka Kivij\u00e4rven mansikkapelloilta Etel\u00e4ranta 10:een on ollut pitk\u00e4. Se on vaatinut ty\u00f6t\u00e4, rohkeutta ja itseluottamusta sek\u00e4 ymp\u00e4rilleni ihmisi\u00e4, jotka luottavat ja kannustavat. Siit\u00e4 olen \u00e4\u00e4rett\u00f6m\u00e4n kiitollinen, Helle sanoi maanantaina.<\/p>\n","protected":false},"excerpt":{"rendered":"Elinkeinoel\u00e4m\u00e4n keskusliiton uusi toimitusjohtaja tienaa messev\u00e4n summan ja saa lis\u00e4ksi erilaisia etuja. Minna Helteen ansiot ovat uudessa ty\u00f6ss\u00e4&hellip;\n","protected":false},"author":2,"featured_media":94374,"comment_status":"","ping_status":"","sticky":false,"template":"","format":"standard","meta":{"footnotes":""},"categories":[12],"tags":[35,22,23,26,27,33,31,30,17,24,25,28,29,15,18,21,637,887,32,7252,19,20,860,5633,16],"class_list":{"0":"post-94373","1":"post","2":"type-post","3":"status-publish","4":"format-standard","5":"has-post-thumbnail","7":"category-suomi","8":"tag-24h","9":"tag-breaking-news","10":"tag-breakingnews","11":"tag-featured-news","12":"tag-featurednews","13":"tag-fi","14":"tag-finland","15":"tag-finnish","16":"tag-headlines","17":"tag-latest-news","18":"tag-latestnews","19":"tag-main-news","20":"tag-mainnews","21":"tag-news","22":"tag-otsikot","23":"tag-paauutiset","24":"tag-politiikka","25":"tag-suomen-politiikka","26":"tag-suomi","27":"tag-talouselaman-vaikuttajat","28":"tag-top-stories","29":"tag-topstories","30":"tag-tyoelama","31":"tag-tyomarkkinapolitiikka","32":"tag-uutiset"},"share_on_mastodon":{"url":"https:\/\/pubeurope.com\/@fi\/115576638506225779","error":""},"_links":{"self":[{"href":"https:\/\/www.europesays.com\/fi\/wp-json\/wp\/v2\/posts\/94373","targetHints":{"allow":["GET"]}}],"collection":[{"href":"https:\/\/www.europesays.com\/fi\/wp-json\/wp\/v2\/posts"}],"about":[{"href":"https:\/\/www.europesays.com\/fi\/wp-json\/wp\/v2\/types\/post"}],"author":[{"embeddable":true,"href":"https:\/\/www.europesays.com\/fi\/wp-json\/wp\/v2\/users\/2"}],"replies":[{"embeddable":true,"href":"https:\/\/www.europesays.com\/fi\/wp-json\/wp\/v2\/comments?post=94373"}],"version-history":[{"count":0,"href":"https:\/\/www.europesays.com\/fi\/wp-json\/wp\/v2\/posts\/94373\/revisions"}],"wp:featuredmedia":[{"embeddable":true,"href":"https:\/\/www.europesays.com\/fi\/wp-json\/wp\/v2\/media\/94374"}],"wp:attachment":[{"href":"https:\/\/www.europesays.com\/fi\/wp-json\/wp\/v2\/media?parent=94373"}],"wp:term":[{"taxonomy":"category","embeddable":true,"href":"https:\/\/www.europesays.com\/fi\/wp-json\/wp\/v2\/categories?post=94373"},{"taxonomy":"post_tag","embeddable":true,"href":"https:\/\/www.europesays.com\/fi\/wp-json\/wp\/v2\/tags?post=94373"}],"curies":[{"name":"wp","href":"https:\/\/api.w.org\/{rel}","templated":true}]}}