{"id":9438,"date":"2025-08-18T16:58:07","date_gmt":"2025-08-18T16:58:07","guid":{"rendered":"https:\/\/www.europesays.com\/fi\/9438\/"},"modified":"2025-08-18T16:58:07","modified_gmt":"2025-08-18T16:58:07","slug":"robert-pattinsonin-batman-ja-david-corenswetin-terasmies-saatetaan-nahda-samassa-elokuvassa","status":"publish","type":"post","link":"https:\/\/www.europesays.com\/fi\/9438\/","title":{"rendered":"Robert Pattinsonin Batman ja David Corenswetin Ter\u00e4smies saatetaan n\u00e4hd\u00e4 samassa elokuvassa"},"content":{"rendered":"<p>Superman -elokuvassa VFX-ty\u00f6ntekij\u00e4n\u00e4 toiminut <strong>Guy Williams<\/strong> kertoi, ett\u00e4 <strong>Robert Pattinsonin<\/strong> tulkitsema Batman ja <strong>David Corenswetin<\/strong> esitt\u00e4m\u00e4 Ter\u00e4smies voisivat kohdata samassa elokuvassa.<\/p>\n<p>\u201dOhjaajat ovat uskomattoman luovia ihmisi\u00e4 \u2013 heid\u00e4n teht\u00e4v\u00e4n\u00e4\u00e4n on tehd\u00e4 ideasta kahden tunnin tarina, joka on kiinnostava. Takaan, ett\u00e4 on olemassa joukko ohjaajia, jotka osaisivat sitoa n\u00e4m\u00e4 kaksi hahmoa yhteen ja saada sen toimimaan\u201d, h\u00e4n kommentoi.<\/p>\n<p>Lue my\u00f6s: <a href=\"https:\/\/www.episodi.fi\/uutiset\/superman-elokuvan-kohdalla-tehtiin-ovela-suoratoistojippo-ja-se-nayttaa-toimivan\/\" title=\"Superman-elokuvan kohdalla tehtiin ovela suoratoistojippo \u2013 Ja se n\u00e4ytt\u00e4\u00e4 toimivan\" class=\"underline-custom !font-montserrat !font-bold !underline-offset-4 !decoration-4 !decoration-episodi-blue !text-md\" rel=\"nofollow noopener\" target=\"_blank\">Superman-elokuvan kohdalla tehtiin ovela suoratoistojippo \u2013 Ja se n\u00e4ytt\u00e4\u00e4 toimivan<\/a><\/p>\n<p>Lue my\u00f6s: <a href=\"https:\/\/www.episodi.fi\/uutiset\/james-gunn-superman-saga-on-nyt-kirjoitettu\/\" title=\"James Gunn: Superman Saga on nyt kirjoitettu\" class=\"underline-custom !font-montserrat !font-bold !underline-offset-4 !decoration-4 !decoration-episodi-blue !text-md\" rel=\"nofollow noopener\" target=\"_blank\">James Gunn: Superman Saga on nyt kirjoitettu<\/a><\/p>\n<p>Lue my\u00f6s: <a href=\"https:\/\/www.episodi.fi\/uutiset\/the-batman-part-iin-tuotanto-kaynnistyi-tama-odotetusta-jatko-osasta-tiedetaan\/\" title=\"The Batman \u2013 Part II:n tuotanto k\u00e4ynnistyi \u2013 t\u00e4m\u00e4 odotetusta jatko-osasta tiedet\u00e4\u00e4n\" class=\"underline-custom !font-montserrat !font-bold !underline-offset-4 !decoration-4 !decoration-episodi-blue !text-md\" rel=\"nofollow noopener\" target=\"_blank\">The Batman \u2013 Part II:n tuotanto k\u00e4ynnistyi \u2013 t\u00e4m\u00e4 odotetusta jatko-osasta tiedet\u00e4\u00e4n<\/a><\/p>\n<p>Williams havainnollisti kommenttiaan T\u00e4htien sota \u2013 ja koiravertauksilla.<\/p>\n<p>\u201dSe on v\u00e4h\u00e4n kuin kysyisi, sopiiko Rogue One alkuper\u00e4iseen T\u00e4htien sota-universumiin? Rogue One oli paljon synkempi kuin alkuper\u00e4inen T\u00e4htien sota-trilogia\u201d.<\/p>\n<p>\u201dJos katson koiria juoksemassa rannalla ja samalla k\u00e4ynniss\u00e4 on sota, aivot reagoivat eri tavoin. Mutta se, ett\u00e4 sota on menossa, ei tarkoita etteiv\u00e4tk\u00f6 koirat voisi olla rannalla\u201d.<\/p>\n<p>\u201dElokuvissa n\u00e4in tapahtuu jatkuvasti: kauhea tilanne voi muuttua kauniiksi yksitt\u00e4isell\u00e4 hetkell\u00e4. N\u00e4en helposti, ett\u00e4 n\u00e4m\u00e4 kaksi hahmoa voitaisiin yhdist\u00e4\u00e4\u201d, h\u00e4n kommentoi.<\/p>\n<p>DC:n hahmot Batman ja Ter\u00e4smies ovat kohdanneet valkokankaalla useaankin otteeseen. Viimeksi <strong>Zack Snyderin<\/strong> ohjaamassa Justice League -elokuvassa 2021.<\/p>\n<p>Pattinson palaa Batmanin rooliin <strong>Matt Reevesin <\/strong>ohjaamassa The Batman 2 -elokuvassa, joka on tarkoitus julkaista 2027. Supermanin ymp\u00e4rille ollaan kyh\u00e4\u00e4m\u00e4ss\u00e4 uutta universumia.<\/p>\n<p>Seuraava siihen liittyv\u00e4 julkaistu on Peacemakerin kakkoskausi, joka ilmestyy HBO Maxilla 21.8.<\/p>\n<p>L\u00e4hde: <a href=\"https:\/\/screenrant.com\/superman-robert-pattinson-batman-crossover-approved-by-vfx-supervisor\/\" rel=\"nofollow noopener\" target=\"_blank\">Screen Rant<\/a><\/p>\n<p>Lue my\u00f6s: <a href=\"https:\/\/www.episodi.fi\/uutiskirje\" title=\"Tilaa Episodin uutiskirje ja tied\u00e4t mit\u00e4 katsoa! Nappaa tv-vinkit suoraan s\u00e4hk\u00f6postiin t\u00e4st\u00e4.\" class=\"underline-custom !font-montserrat !font-bold !underline-offset-4 !decoration-4 !decoration-episodi-blue !text-md\" rel=\"nofollow noopener\" target=\"_blank\">Tilaa Episodin uutiskirje ja tied\u00e4t mit\u00e4 katsoa! Nappaa katseluvinkit suoraan s\u00e4hk\u00f6postiin t\u00e4st\u00e4.<\/a><\/p>\n","protected":false},"excerpt":{"rendered":"Superman -elokuvassa VFX-ty\u00f6ntekij\u00e4n\u00e4 toiminut Guy Williams kertoi, ett\u00e4 Robert Pattinsonin tulkitsema Batman ja David Corenswetin esitt\u00e4m\u00e4 Ter\u00e4smies voisivat&hellip;\n","protected":false},"author":2,"featured_media":9439,"comment_status":"","ping_status":"","sticky":false,"template":"","format":"standard","meta":{"footnotes":""},"categories":[131],"tags":[2897,178,155,137,33,173,31,30,172,4498,32,183,109],"class_list":{"0":"post-9438","1":"post","2":"type-post","3":"status-publish","4":"format-standard","5":"has-post-thumbnail","7":"category-elokuvat","8":"tag-batman","9":"tag-david-corenswet","10":"tag-elokuvat","11":"tag-entertainment","12":"tag-fi","13":"tag-film","14":"tag-finland","15":"tag-finnish","16":"tag-movies","17":"tag-robert-pattinson","18":"tag-suomi","19":"tag-superman","20":"tag-viihde"},"share_on_mastodon":{"url":"","error":""},"_links":{"self":[{"href":"https:\/\/www.europesays.com\/fi\/wp-json\/wp\/v2\/posts\/9438","targetHints":{"allow":["GET"]}}],"collection":[{"href":"https:\/\/www.europesays.com\/fi\/wp-json\/wp\/v2\/posts"}],"about":[{"href":"https:\/\/www.europesays.com\/fi\/wp-json\/wp\/v2\/types\/post"}],"author":[{"embeddable":true,"href":"https:\/\/www.europesays.com\/fi\/wp-json\/wp\/v2\/users\/2"}],"replies":[{"embeddable":true,"href":"https:\/\/www.europesays.com\/fi\/wp-json\/wp\/v2\/comments?post=9438"}],"version-history":[{"count":0,"href":"https:\/\/www.europesays.com\/fi\/wp-json\/wp\/v2\/posts\/9438\/revisions"}],"wp:featuredmedia":[{"embeddable":true,"href":"https:\/\/www.europesays.com\/fi\/wp-json\/wp\/v2\/media\/9439"}],"wp:attachment":[{"href":"https:\/\/www.europesays.com\/fi\/wp-json\/wp\/v2\/media?parent=9438"}],"wp:term":[{"taxonomy":"category","embeddable":true,"href":"https:\/\/www.europesays.com\/fi\/wp-json\/wp\/v2\/categories?post=9438"},{"taxonomy":"post_tag","embeddable":true,"href":"https:\/\/www.europesays.com\/fi\/wp-json\/wp\/v2\/tags?post=9438"}],"curies":[{"name":"wp","href":"https:\/\/api.w.org\/{rel}","templated":true}]}}