{"id":94390,"date":"2025-11-19T14:16:07","date_gmt":"2025-11-19T14:16:07","guid":{"rendered":"https:\/\/www.europesays.com\/fi\/94390\/"},"modified":"2025-11-19T14:16:07","modified_gmt":"2025-11-19T14:16:07","slug":"helena-ahti-hallberg-tilittaa-elamasta-espanjan-ja-suomen-valilla-ikava-iski","status":"publish","type":"post","link":"https:\/\/www.europesays.com\/fi\/94390\/","title":{"rendered":"Helena Ahti-Hallberg tilitt\u00e4\u00e4 el\u00e4m\u00e4st\u00e4 Espanjan ja Suomen v\u00e4lill\u00e4: ik\u00e4v\u00e4 iski"},"content":{"rendered":"<p>            Timo Korhonen\n        <\/p>\n<p class=\"subtitle \">Ik\u00e4v\u00e4 hiipi osaksi Helenan arkea.<\/p>\n<p class=\"article-content article-content-width !bg-background\">Tanssiopettaja\u00a0el\u00e4\u00e4 el\u00e4m\u00e4\u00e4 Suomen ja Espanjan v\u00e4lill\u00e4. H\u00e4n osti puolisonsa\u00a0kanssa asunnon Espanjasta viime vuonna. Vaikka arki sujuu, saattaa ik\u00e4v\u00e4 v\u00e4lill\u00e4 yll\u00e4tt\u00e4\u00e4.<\/p>\n<p class=\"font-weight-bold m-font-weight-bold article-content article-content-width !bg-background\">Arkistovideo: N\u00e4in sujui Helenan kes\u00e4<\/p>\n<p class=\"article-content article-content-width !bg-background\">Helena kertoo keskiviikkona (19.11.) tekem\u00e4ss\u00e4\u00e4n Instagram-julkaisussa n\u00e4kev\u00e4ns\u00e4 puolisonsa j\u00e4lleen pitk\u00e4st\u00e4 aikaa. Kuvan oheen h\u00e4n on lis\u00e4nnyt herttaisen yhteiskuvan, jossa pitk\u00e4\u00e4n yhteisel\u00e4m\u00e4\u00e4 el\u00e4nyt pari hymyilee toisilleen l\u00e4mim\u00e4sti.<\/p>\n<p class=\"article-content article-content-width !bg-background\">\u2013\u00a0T\u00e4n\u00e4\u00e4n m\u00e4 saan rakkaani kotiin, vihdoinkin!\u00a0Helena hehkuttaa julkaisussaan.<\/p>\n<p class=\"article-content article-content-width !bg-background\">Espanjan-koti on vaatinut jo pitk\u00e4\u00e4n laajaa remontointia, kun Helena puolestaan on joutunut pysym\u00e4\u00e4n t\u00f6idens\u00e4 parissa Suomessa. Helena kertoo, ett\u00e4 viime n\u00e4kem\u00e4st\u00e4 on vier\u00e4ht\u00e4nyt jo kuukauden p\u00e4iv\u00e4t.<\/p>\n<p class=\"article-content article-content-width !bg-background\">\u2013\u00a0Koira on saanut nauttia etel\u00e4n l\u00e4mm\u00f6st\u00e4 ja rakkaan huolenpidosta,\u00a0Helena kertoo.<\/p>\n<p>        <a itemprop=\"url\" href=\"https:\/\/www.seiska.fi\/kotimaa\/helena-ahti-hallbergin-yllatyskaanne\/1577250\" rel=\"nofollow noopener\" target=\"_blank\"><\/p>\n<p class=\"section-date\">\n        <strong class=\"article-section\" data-section=\"kotimaa\"><br \/>\n            kotimaa<br \/>\n        <\/strong><br \/>\n        11.1. 14:30\n    <\/p>\n<p>Helena Ahti-Hallbergin yll\u00e4tysk\u00e4\u00e4nne\n    <\/p>\n<p itemprop=\"description\" class=\"subtitle \">\n    TTK-tuomari remontoi puolisonsa kanssa unelmiensa kotia Espanjassa.\n<\/p>\n<p>        <\/a><\/p>\n<p>Ik\u00e4v\u00e4 iski<\/p>\n<p class=\"article-content article-content-width !bg-background\">Helenan oma aika Suomessa ei ole sujunut t\u00e4ysin mutkattomasti, kun Suomen-kotikin on vaatinut yll\u00e4tt\u00e4vi\u00e4 huoltot\u00f6it\u00e4.<\/p>\n<p class=\"article-content article-content-width !bg-background\">\u2013\u00a0T\u00e4\u00e4ll\u00e4 on tapahtunut kaikenlaista kuukauden aikana. Vesivahinko oli ihan todellinen ongelma, putkimiehen avulla siit\u00e4kin selvittiin. Sitten lukemattomat pikkupatterit tiens\u00e4 p\u00e4\u00e4ss\u00e4 niin ett\u00e4 min\u00e4 luulen ett\u00e4 laitteet rikki,\u00a0Helena listaa kohtaamiaan pulmia.<\/p>\n<p class=\"article-content article-content-width !bg-background\">Ty\u00f6kiireiden ja kodin haasteiden ohella yksi ik\u00e4v\u00e4 seikka on kuitenkin noussut ylitse muiden.<\/p>\n<p class=\"article-content article-content-width !bg-background\">\u2013\u00a0Kaikista k\u00e4yt\u00e4nn\u00f6n ongelmista kuitenkin selvi\u00e4\u00e4, mutta ik\u00e4v\u00e4\u00e4 toisen luo ei kukaan pysty korjaamaan,\u00a0Helena tunnustaa.<\/p>\n<p>        <a itemprop=\"url\" href=\"https:\/\/www.seiska.fi\/kotimaa\/emil-ja-sofie-hallbergilta-paljastus-helena-ahti-hallbergin-okykodista\/1924569\" rel=\"nofollow noopener\" target=\"_blank\"><\/p>\n<p>\nEmil ja Sofie Hallberg\n<\/p>\n<p class=\"section-date\">\n        <strong class=\"article-section\" data-section=\"kotimaa\"><br \/>\n            kotimaa<br \/>\n        <\/strong><br \/>\n        10.9. 06:30\n    <\/p>\n<p>Emil ja Sofie Hallbergilta paljastus Helena Ahti-Hallbergin \u00f6kykodista\n    <\/p>\n<p itemprop=\"description\" class=\"subtitle \">\n    Sofie ja Emil tekiv\u00e4t kes\u00e4ll\u00e4 roadtripin Italian kautta Espanjaan.\n<\/p>\n<p>        <\/a><\/p>\n<p>Pitk\u00e4 liitto<\/p>\n<p class=\"article-content article-content-width !bg-background\">Helena ja Eric juhlivat kes\u00e4kuussa 32-vuotish\u00e4\u00e4p\u00e4iv\u00e4\u00e4ns\u00e4. Tuolloin avioliittoa oli takana sen verran, ett\u00e4 Helena tyytyi muistelemaan vuosikymmenten takaista juhlaa lyhyesti.<\/p>\n<p class=\"article-content article-content-width !bg-background\">\u2013\u00a0T\u00e4n\u00e4\u00e4n 32 vuotta sitten j\u00e4nnitti ihan hirve\u00e4sti. Muistan is\u00e4n rauhoittavat sanat. Odotettiin kirkon ovien ulkopuolella meid\u00e4n vihkimistilaisuuden alkua,\u00a0Helena kirjoitti Instagramissa.<\/p>\n<p class=\"article-content article-content-width !bg-background\">Nyt yhteinen el\u00e4m\u00e4 on ollut uomissaan jo hyv\u00e4n aikaa, kun Helenan ja Ericin poika\u00a0on itsekin jo ehtinyt naimisiin.<\/p>\n<p class=\"article-content article-content-width !bg-background\">\u2013\u00a0Arki on parasta, yhdess\u00e4 on hauskinta. Arkisesti sujuu t\u00e4m\u00e4kin h\u00e4\u00e4p\u00e4iv\u00e4, autoillen kohti Espanjan kotia,\u00a0Helena paljasti t\u00e4m\u00e4n vuoden h\u00e4\u00e4p\u00e4iv\u00e4juhlinnoista.<\/p>\n<p>        <a itemprop=\"url\" href=\"https:\/\/www.seiska.fi\/kotimaa\/helena-ahti-hallberg-palasi-suomeen-kotona-odotti-hyytava-yllatys\/1967190\" rel=\"nofollow noopener\" target=\"_blank\"><\/p>\n<p>\nPalasi kotiin\n<\/p>\n<p class=\"section-date\">\n        <strong class=\"article-section\" data-section=\"kotimaa\"><br \/>\n            kotimaa<br \/>\n        <\/strong><br \/>\n        20.10. 16:30\n    <\/p>\n<p>Helena Ahti-Hallberg palasi Suomeen \u2013 kotona odotti hyyt\u00e4v\u00e4 yll\u00e4tys\n    <\/p>\n<p itemprop=\"description\" class=\"subtitle \">\n    Helenan paluu oli todellinen surkeiden sattumusten sarja.\n<\/p>\n<p>        <\/a><\/p>\n","protected":false},"excerpt":{"rendered":"Timo Korhonen Ik\u00e4v\u00e4 hiipi osaksi Helenan arkea. Tanssiopettaja\u00a0el\u00e4\u00e4 el\u00e4m\u00e4\u00e4 Suomen ja Espanjan v\u00e4lill\u00e4. H\u00e4n osti puolisonsa\u00a0kanssa asunnon Espanjasta&hellip;\n","protected":false},"author":2,"featured_media":94391,"comment_status":"","ping_status":"","sticky":false,"template":"","format":"standard","meta":{"footnotes":""},"categories":[136],"tags":[1075,407,137,4413,1819,33,31,30,4192,408,651,32,109],"class_list":{"0":"post-94390","1":"post","2":"type-post","3":"status-publish","4":"format-standard","5":"has-post-thumbnail","7":"category-julkkikset","8":"tag-avioliitto","9":"tag-celebrities","10":"tag-entertainment","11":"tag-eric-hallberg","12":"tag-espanja","13":"tag-fi","14":"tag-finland","15":"tag-finnish","16":"tag-helena-ahti-hallberg","17":"tag-julkkikset","18":"tag-suhteet","19":"tag-suomi","20":"tag-viihde"},"share_on_mastodon":{"url":"https:\/\/pubeurope.com\/@fi\/115576791594499808","error":""},"_links":{"self":[{"href":"https:\/\/www.europesays.com\/fi\/wp-json\/wp\/v2\/posts\/94390","targetHints":{"allow":["GET"]}}],"collection":[{"href":"https:\/\/www.europesays.com\/fi\/wp-json\/wp\/v2\/posts"}],"about":[{"href":"https:\/\/www.europesays.com\/fi\/wp-json\/wp\/v2\/types\/post"}],"author":[{"embeddable":true,"href":"https:\/\/www.europesays.com\/fi\/wp-json\/wp\/v2\/users\/2"}],"replies":[{"embeddable":true,"href":"https:\/\/www.europesays.com\/fi\/wp-json\/wp\/v2\/comments?post=94390"}],"version-history":[{"count":0,"href":"https:\/\/www.europesays.com\/fi\/wp-json\/wp\/v2\/posts\/94390\/revisions"}],"wp:featuredmedia":[{"embeddable":true,"href":"https:\/\/www.europesays.com\/fi\/wp-json\/wp\/v2\/media\/94391"}],"wp:attachment":[{"href":"https:\/\/www.europesays.com\/fi\/wp-json\/wp\/v2\/media?parent=94390"}],"wp:term":[{"taxonomy":"category","embeddable":true,"href":"https:\/\/www.europesays.com\/fi\/wp-json\/wp\/v2\/categories?post=94390"},{"taxonomy":"post_tag","embeddable":true,"href":"https:\/\/www.europesays.com\/fi\/wp-json\/wp\/v2\/tags?post=94390"}],"curies":[{"name":"wp","href":"https:\/\/api.w.org\/{rel}","templated":true}]}}