{"id":94410,"date":"2025-11-19T14:45:09","date_gmt":"2025-11-19T14:45:09","guid":{"rendered":"https:\/\/www.europesays.com\/fi\/94410\/"},"modified":"2025-11-19T14:45:09","modified_gmt":"2025-11-19T14:45:09","slug":"aino-jai-pois-maajussille-morsian-ohjelmasta-nain-hanella-menee","status":"publish","type":"post","link":"https:\/\/www.europesays.com\/fi\/94410\/","title":{"rendered":"Aino j\u00e4i pois Maajussille morsian -ohjelmasta, n\u00e4in h\u00e4nell\u00e4 menee"},"content":{"rendered":"<p><strong class=\"typography-bold\">Maajussille morsian -ohjelmasta tutut Tarja ja Aino saapuivat katsomaan TTK:n semifinaalia.\u00a0<\/strong><\/p>\n<p><a class=\"underline\" data-testid=\"internal-link\" role=\"link\" data-sentry-element=\"Link\" data-sentry-component=\"InternalLink\" data-sentry-source-file=\"InternalLink.tsx\" href=\"https:\/\/www.mtvuutiset.fi\/aihe\/tanssii-tahtien-kanssa\/2839810\" rel=\"nofollow noopener\" target=\"_blank\">Tanssii T\u00e4htien Kanssa<\/a> -ohjelman semifinaalil\u00e4hetyksess\u00e4 tanssistudiolla 16. marraskuuta n\u00e4htiin liuta tunnettuja kutsuvieraita. <a class=\"underline\" data-testid=\"external-link\" href=\"https:\/\/www.mtv.fi\/video\/e0b02bf24b7bed214a90\/julkkishaastatteluita-ja-tahtiloistoa-kurkista-ttk-n-punaiselle-matolle\" rel=\"noopener noreferrer nofollow\" data-sentry-component=\"ExternalLink\" data-sentry-source-file=\"ExternalLink.tsx\" target=\"_blank\">MTV Uutisten haastatteluun<\/a> saapuivat <a class=\"underline\" data-testid=\"internal-link\" role=\"link\" data-sentry-element=\"Link\" data-sentry-component=\"InternalLink\" data-sentry-source-file=\"InternalLink.tsx\" href=\"https:\/\/www.mtvuutiset.fi\/aihe\/maajussille-morsian\/2889974\" rel=\"nofollow noopener\" target=\"_blank\">Maajussille morsian<\/a> -ohjelmassa aikaisemmin n\u00e4hdyt <strong class=\"typography-bold\">Aino<\/strong> ja <strong class=\"typography-bold\">Tarja.<\/strong>\u00a0<\/p>\n<p>Aino kertoi el\u00e4m\u00e4\u00e4n kuuluvan hyv\u00e4\u00e4.\u00a0<\/p>\n<p>\u2013 T\u00e4mm\u00f6ist\u00e4 ruuhkavuosiarkea. Minullahan on kolme lasta, ovat kyll\u00e4 jo aika isoja.<\/p>\n<p>Aino n\u00e4htiin Maajussille morsian: Kaikki tarinat -ohjelmassa vuonna 2023, muta h\u00e4n joutui <a class=\"underline\" data-testid=\"external-link\" href=\"https:\/\/www.mtvuutiset.fi\/artikkeli\/yllatyskaanne-yksi-maajuisseista-paattaa-jattaytya-ohjelmasta-pois-heti-alkumetreilla\/8773522\" rel=\"noopener noreferrer nofollow\" data-sentry-component=\"ExternalLink\" data-sentry-source-file=\"ExternalLink.tsx\" target=\"_blank\">keskeytt\u00e4m\u00e4\u00e4n osallistumisensa heti kirjeiden saapumisen j\u00e4lkeen.<\/a><\/p>\n","protected":false},"excerpt":{"rendered":"Maajussille morsian -ohjelmasta tutut Tarja ja Aino saapuivat katsomaan TTK:n semifinaalia.\u00a0 Tanssii T\u00e4htien Kanssa -ohjelman semifinaalil\u00e4hetyksess\u00e4 tanssistudiolla 16.&hellip;\n","protected":false},"author":2,"featured_media":94411,"comment_status":"","ping_status":"","sticky":false,"template":"","format":"standard","meta":{"footnotes":""},"categories":[133],"tags":[137,33,31,30,32,206,156,109],"class_list":{"0":"post-94410","1":"post","2":"type-post","3":"status-publish","4":"format-standard","5":"has-post-thumbnail","7":"category-televisiot","8":"tag-entertainment","9":"tag-fi","10":"tag-finland","11":"tag-finnish","12":"tag-suomi","13":"tag-televisiot","14":"tag-tv","15":"tag-viihde"},"share_on_mastodon":{"url":"https:\/\/pubeurope.com\/@fi\/115576905635313961","error":""},"_links":{"self":[{"href":"https:\/\/www.europesays.com\/fi\/wp-json\/wp\/v2\/posts\/94410","targetHints":{"allow":["GET"]}}],"collection":[{"href":"https:\/\/www.europesays.com\/fi\/wp-json\/wp\/v2\/posts"}],"about":[{"href":"https:\/\/www.europesays.com\/fi\/wp-json\/wp\/v2\/types\/post"}],"author":[{"embeddable":true,"href":"https:\/\/www.europesays.com\/fi\/wp-json\/wp\/v2\/users\/2"}],"replies":[{"embeddable":true,"href":"https:\/\/www.europesays.com\/fi\/wp-json\/wp\/v2\/comments?post=94410"}],"version-history":[{"count":0,"href":"https:\/\/www.europesays.com\/fi\/wp-json\/wp\/v2\/posts\/94410\/revisions"}],"wp:featuredmedia":[{"embeddable":true,"href":"https:\/\/www.europesays.com\/fi\/wp-json\/wp\/v2\/media\/94411"}],"wp:attachment":[{"href":"https:\/\/www.europesays.com\/fi\/wp-json\/wp\/v2\/media?parent=94410"}],"wp:term":[{"taxonomy":"category","embeddable":true,"href":"https:\/\/www.europesays.com\/fi\/wp-json\/wp\/v2\/categories?post=94410"},{"taxonomy":"post_tag","embeddable":true,"href":"https:\/\/www.europesays.com\/fi\/wp-json\/wp\/v2\/tags?post=94410"}],"curies":[{"name":"wp","href":"https:\/\/api.w.org\/{rel}","templated":true}]}}