{"id":94412,"date":"2025-11-19T14:47:08","date_gmt":"2025-11-19T14:47:08","guid":{"rendered":"https:\/\/www.europesays.com\/fi\/94412\/"},"modified":"2025-11-19T14:47:08","modified_gmt":"2025-11-19T14:47:08","slug":"suomalais-ranskalainen-elokuvaohjaaja-alex-noyer-menetti-kotinsa-los-angelesin-maastopaloissa","status":"publish","type":"post","link":"https:\/\/www.europesays.com\/fi\/94412\/","title":{"rendered":"Suomalais-ranskalainen elokuvaohjaaja Alex Noyer menetti kotinsa Los Angelesin maastopaloissa"},"content":{"rendered":"<p>Elokuva|Alex Noyer perheineen menetti Los Angelesin tulipaloissa kaiken. H\u00e4nen uusi kauhuelokuvansa n\u00e4hd\u00e4\u00e4n Night Visions -festivaalilla.<\/p>\n<p class=\"article-body mb-nof-24 px-nof-16\">Elokuvaohjaaja <a class=\"article-personlink\" href=\"https:\/\/www.hs.fi\/haku\/?query=Alex%20Noyer\" rel=\"nofollow noopener\" target=\"_blank\">Alex Noyer<\/a> oli l\u00e4hd\u00f6ss\u00e4 New Yorkiin tekem\u00e4\u00e4n uutta elokuvaa ja piti kuvauksista videopalaveria. Keskustelun aikana Noyerin taustalla olevaan ikkunaan alkoi ilmesty\u00e4 savua.<\/p>\n<p class=\"article-body mb-nof-24 px-nof-16\">Puhelimeen tuli pian evakuointik\u00e4sky. Perheen talo sijaitsi vauraan Pacific Palisadesin asuinalueella Los Angelesissa.<\/p>\n","protected":false},"excerpt":{"rendered":"Elokuva|Alex Noyer perheineen menetti Los Angelesin tulipaloissa kaiken. H\u00e4nen uusi kauhuelokuvansa n\u00e4hd\u00e4\u00e4n Night Visions -festivaalilla. Elokuvaohjaaja Alex Noyer&hellip;\n","protected":false},"author":2,"featured_media":94413,"comment_status":"","ping_status":"","sticky":false,"template":"","format":"standard","meta":{"footnotes":""},"categories":[131],"tags":[155,137,33,173,31,30,46,172,32,109],"class_list":{"0":"post-94412","1":"post","2":"type-post","3":"status-publish","4":"format-standard","5":"has-post-thumbnail","7":"category-elokuvat","8":"tag-elokuvat","9":"tag-entertainment","10":"tag-fi","11":"tag-film","12":"tag-finland","13":"tag-finnish","14":"tag-helsingin-sanomat","15":"tag-movies","16":"tag-suomi","17":"tag-viihde"},"share_on_mastodon":{"url":"https:\/\/pubeurope.com\/@fi\/115576913448991126","error":""},"_links":{"self":[{"href":"https:\/\/www.europesays.com\/fi\/wp-json\/wp\/v2\/posts\/94412","targetHints":{"allow":["GET"]}}],"collection":[{"href":"https:\/\/www.europesays.com\/fi\/wp-json\/wp\/v2\/posts"}],"about":[{"href":"https:\/\/www.europesays.com\/fi\/wp-json\/wp\/v2\/types\/post"}],"author":[{"embeddable":true,"href":"https:\/\/www.europesays.com\/fi\/wp-json\/wp\/v2\/users\/2"}],"replies":[{"embeddable":true,"href":"https:\/\/www.europesays.com\/fi\/wp-json\/wp\/v2\/comments?post=94412"}],"version-history":[{"count":0,"href":"https:\/\/www.europesays.com\/fi\/wp-json\/wp\/v2\/posts\/94412\/revisions"}],"wp:featuredmedia":[{"embeddable":true,"href":"https:\/\/www.europesays.com\/fi\/wp-json\/wp\/v2\/media\/94413"}],"wp:attachment":[{"href":"https:\/\/www.europesays.com\/fi\/wp-json\/wp\/v2\/media?parent=94412"}],"wp:term":[{"taxonomy":"category","embeddable":true,"href":"https:\/\/www.europesays.com\/fi\/wp-json\/wp\/v2\/categories?post=94412"},{"taxonomy":"post_tag","embeddable":true,"href":"https:\/\/www.europesays.com\/fi\/wp-json\/wp\/v2\/tags?post=94412"}],"curies":[{"name":"wp","href":"https:\/\/api.w.org\/{rel}","templated":true}]}}