{"id":94452,"date":"2025-11-19T15:37:10","date_gmt":"2025-11-19T15:37:10","guid":{"rendered":"https:\/\/www.europesays.com\/fi\/94452\/"},"modified":"2025-11-19T15:37:10","modified_gmt":"2025-11-19T15:37:10","slug":"amazing-race-mari-hynysen-joel-poika-tekee-musiikkia-talta-se-kuulostaa","status":"publish","type":"post","link":"https:\/\/www.europesays.com\/fi\/94452\/","title":{"rendered":"Amazing Race: Mari Hynysen Joel poika tekee musiikkia \u2013 t\u00e4lt\u00e4 se kuulostaa"},"content":{"rendered":"<p>            <img decoding=\"async\" src=\"https:\/\/www.europesays.com\/fi\/wp-content\/uploads\/2025\/11\/1974935.webp\" width=\"620\" height=\"348\" alt=\"Amazing Race -t\u00e4hti Joel Volanen tekee musiikkia \u2013 t\u00e4lt\u00e4 se kuulostaa\"  fetchpriority=\"high\"\/>        <\/p>\n<p>\n            20251027, Helsinki. Amazing Race Suomi 2025 pressi. Kuvassa Mari Hynynen ja Joel Volanen.<br \/>\n            Timo Korhonen\n        <\/p>\n<p class=\"subtitle \">Mari Perankoski ja h\u00e4nen poikansa Joel n\u00e4hd\u00e4\u00e4n seikkailurealityn kolmannella kaudella.<\/p>\n<p class=\"article-content article-content-width !bg-background\">Amazing Race Suomi -tosi-tv-ohjelmassa 11 kaksihenkist\u00e4 tiimi\u00e4 kisaa 30 000 euron p\u00e4\u00e4palkinnosta.<\/p>\n<p class=\"font-weight-bold m-font-weight-bold article-content article-content-width !bg-background\">Katso video \u2013 Amazing Race -kilpailijoiden vinkit pakkaamiseen:<\/p>\n<p><b>Kohu hittisarjassa<\/b><\/p>\n<p class=\"article-content article-content-width !bg-background\"><a alt=\"Haku\" class=\"text-primary-red font-extrabold\" href=\"https:\/\/www.seiska.fi\/haku?q=Heikki Paasosen\" rel=\"nofollow noopener\" target=\"_blank\">Heikki Paasosen<\/a> juontama Amazing Race Suomi -ohjelman kolmas kausi starttasi lauantaina 15. marraskuuta.<\/p>\n<p class=\"article-content article-content-width !bg-background\">Yksi kilpailuun osallistuvista pareista on \u00e4iti\u2013poika-duo: n\u00e4yttelij\u00e4 <a alt=\"Haku\" class=\"text-primary-red font-extrabold\" href=\"https:\/\/www.seiska.fi\/haku?q=Mari Hynynen\" rel=\"nofollow noopener\" target=\"_blank\">Mari Hynynen<\/a> (o.s. <a alt=\"Haku\" class=\"text-primary-red font-extrabold\" href=\"https:\/\/www.seiska.fi\/haku?q=Perankoski\" rel=\"nofollow noopener\" target=\"_blank\">Perankoski<\/a>) ja h\u00e4nen poikansa <a alt=\"Haku\" class=\"text-primary-red font-extrabold\" href=\"https:\/\/www.seiska.fi\/haku?q=Joel Volanen\" rel=\"nofollow noopener\" target=\"_blank\">Joel Volanen<\/a>.\u00a0<\/p>\n<p class=\"article-content article-content-width !bg-background\">Joel on Marin ja n\u00e4yttelij\u00e4-ohjaaja <a alt=\"Haku\" class=\"text-primary-red font-extrabold\" href=\"https:\/\/www.seiska.fi\/haku?q=Jani Volasen\" rel=\"nofollow noopener\" target=\"_blank\">Jani Volasen<\/a> yhteinen lapsi. Mari on nykyisin naimisissa Kotiteollisuus-yhtyeen nokkamiehen\u00e4 tunnetun <a alt=\"Haku\" class=\"text-primary-red font-extrabold\" href=\"https:\/\/www.seiska.fi\/haku?q=Jouni Hynysen\" rel=\"nofollow noopener\" target=\"_blank\">Jouni Hynysen<\/a> kanssa.<\/p>\n<p class=\"article-content article-content-width !bg-background\">26-vuotias Joel tekee musiikkia Joel!-artistinimell\u00e4. Artistin virallisella Youtube-kanavalla on julkaistu viisi musiikkivideota. Tuorein musiikkivideo JURRIS \/\/ HERRA OPULENSSI on julkaistu kolme kuukautta sitten. Musiikkivideolla Joel r\u00e4pp\u00e4\u00e4 ulkona eri kohteissa.<\/p>\n<p class=\"article-content article-content-width !bg-background\"><a href=\"https:\/\/www.youtube.com\/watch?v=O-PV94whQVo\" target=\"_blank\" rel=\"nofollow noopener\">Voit katsoa musiikkivideon t\u00e4\u00e4lt\u00e4:<\/a><\/p>\n<p>Kohu hittisarjassa<\/p>\n<p class=\"article-content article-content-width !bg-background\">Mari ja Joel her\u00e4ttiv\u00e4t kohua sosiaalisessa mediassa jo Amazing Racen ensimm\u00e4isen jakson j\u00e4lkeen. Jaksossa kilpailijat suorittivat teht\u00e4v\u00e4\u00e4 Kambod\u017eassa Angkor Watin temppelialueella, miss\u00e4 heit\u00e4 ohjeistettiin kunnioittamaan paikan pyhyytt\u00e4 peitt\u00e4m\u00e4ll\u00e4 olkap\u00e4\u00e4ns\u00e4 ja polvensa.<\/p>\n<p class=\"article-content article-content-width !bg-background\">Osa katsojista kiinnitti kuitenkin huomionsa Joelin paitaan, jossa luki \u201cslut\u201d, eli englanniksi \u201clutka\u201d. Monien mielest\u00e4 t\u00e4llainen paita ei ollut sopiva asu pyh\u00e4ll\u00e4 temppelialueella.<\/p>\n<p class=\"article-content article-content-width !bg-background\">Toisaalta muutamat katsojat pohtivat, olisiko paidan teksti sittenkin ollut ruotsia \u2013 ruotsiksi slut\u00a0 tarkoittaa \u201cloppua\u201d.<\/p>\n<p class=\"italic m-italic article-content article-content-width !bg-background\">Amazing Race Suomi lauantaisin Nelosella ja Ruudussa.<\/p>\n<p>                <img decoding=\"async\" src=\"https:\/\/www.europesays.com\/fi\/wp-content\/uploads\/2025\/11\/1974909.webp\" width=\"576\" height=\"720\" alt=\"Mari nappasi Amazing Race -parikseen poikansa Joelin.\" loading=\"lazy\" \/>            <\/p>\n<p>\n            Mari nappasi Amazing Race -parikseen poikansa Joelin.<br \/>\n            Timo Korhonen\n        <\/p>\n","protected":false},"excerpt":{"rendered":"20251027, Helsinki. Amazing Race Suomi 2025 pressi. Kuvassa Mari Hynynen ja Joel Volanen. Timo Korhonen Mari Perankoski ja&hellip;\n","protected":false},"author":2,"featured_media":94453,"comment_status":"","ping_status":"","sticky":false,"template":"","format":"standard","meta":{"footnotes":""},"categories":[133],"tags":[17875,3177,137,33,31,30,3565,16090,8470,8473,8472,3018,1342,18593,32,206,156,109],"class_list":{"0":"post-94452","1":"post","2":"type-post","3":"status-publish","4":"format-standard","5":"has-post-thumbnail","7":"category-televisiot","8":"tag-aiti-ja-poika","9":"tag-amazing-race-suomi","10":"tag-entertainment","11":"tag-fi","12":"tag-finland","13":"tag-finnish","14":"tag-heikki-paasonen","15":"tag-joel-volanen","16":"tag-jouni-hynynen","17":"tag-mari-hynynen","18":"tag-mari-perankoski","19":"tag-muusikko","20":"tag-nayttelija","21":"tag-seikkailureality","22":"tag-suomi","23":"tag-televisiot","24":"tag-tv","25":"tag-viihde"},"share_on_mastodon":{"url":"https:\/\/pubeurope.com\/@fi\/115577110468928261","error":""},"_links":{"self":[{"href":"https:\/\/www.europesays.com\/fi\/wp-json\/wp\/v2\/posts\/94452","targetHints":{"allow":["GET"]}}],"collection":[{"href":"https:\/\/www.europesays.com\/fi\/wp-json\/wp\/v2\/posts"}],"about":[{"href":"https:\/\/www.europesays.com\/fi\/wp-json\/wp\/v2\/types\/post"}],"author":[{"embeddable":true,"href":"https:\/\/www.europesays.com\/fi\/wp-json\/wp\/v2\/users\/2"}],"replies":[{"embeddable":true,"href":"https:\/\/www.europesays.com\/fi\/wp-json\/wp\/v2\/comments?post=94452"}],"version-history":[{"count":0,"href":"https:\/\/www.europesays.com\/fi\/wp-json\/wp\/v2\/posts\/94452\/revisions"}],"wp:featuredmedia":[{"embeddable":true,"href":"https:\/\/www.europesays.com\/fi\/wp-json\/wp\/v2\/media\/94453"}],"wp:attachment":[{"href":"https:\/\/www.europesays.com\/fi\/wp-json\/wp\/v2\/media?parent=94452"}],"wp:term":[{"taxonomy":"category","embeddable":true,"href":"https:\/\/www.europesays.com\/fi\/wp-json\/wp\/v2\/categories?post=94452"},{"taxonomy":"post_tag","embeddable":true,"href":"https:\/\/www.europesays.com\/fi\/wp-json\/wp\/v2\/tags?post=94452"}],"curies":[{"name":"wp","href":"https:\/\/api.w.org\/{rel}","templated":true}]}}