{"id":94462,"date":"2025-11-19T15:44:18","date_gmt":"2025-11-19T15:44:18","guid":{"rendered":"https:\/\/www.europesays.com\/fi\/94462\/"},"modified":"2025-11-19T15:44:18","modified_gmt":"2025-11-19T15:44:18","slug":"tekoaly-muuttaa-talouden-lisaksi-myos-ihmista-itseaan","status":"publish","type":"post","link":"https:\/\/www.europesays.com\/fi\/94462\/","title":{"rendered":"Teko\u00e4ly muuttaa talouden lis\u00e4ksi my\u00f6s ihmist\u00e4 itse\u00e4\u00e4n"},"content":{"rendered":"<p class=\"faktanvinjetti\">Viisi nostoa artikkelista<\/p>\n<p class=\"fakta\">Teko\u00e4ly kehittyy ennenn\u00e4kem\u00e4tt\u00f6m\u00e4ll\u00e4 vauhdilla verrattuna esimerkiksi internetin levi\u00e4miseen.<\/p>\n<p class=\"fakta\">Teko\u00e4ly\u00e4 voidaan k\u00e4ytt\u00e4\u00e4 sek\u00e4 hyv\u00e4\u00e4n ett\u00e4 pahaan, ja sen k\u00e4ytt\u00f6\u00f6notto vaatii s\u00e4\u00e4ntely\u00e4 ja eettist\u00e4 pohdintaa.<\/p>\n<p class=\"fakta\">Ellis Instituutin Bernard Sch\u00f6lkopf my\u00f6nsi, ett\u00e4 kielimallien toiminta on osittain mysteeri asiantuntijoillekin.<\/p>\n<p class=\"fakta\">MySQL:n ex-johtajan M\u00e5rten Mickoksen mukaan teko\u00e4ly voi olla suurempi muutos kuin internet.<\/p>\n<p class=\"fakta\">P\u00e4iv\u00e4n kriittisimm\u00e4t puheenvuorot kuultiin Bj\u00f6rn Wahlroosilta ja Bengt Holmstr\u00f6milt\u00e4, jotka kritisoivat EU:n ylis\u00e4\u00e4ntely\u00e4.<\/p>\n<p class=\"faktanviite\">Tiivistelm\u00e4n teossa on hy\u00f6dynnetty teko\u00e4ly\u00e4, mutta sen on tarkastanut ihminen.<\/p>\n","protected":false},"excerpt":{"rendered":"Viisi nostoa artikkelista Teko\u00e4ly kehittyy ennenn\u00e4kem\u00e4tt\u00f6m\u00e4ll\u00e4 vauhdilla verrattuna esimerkiksi internetin levi\u00e4miseen. Teko\u00e4ly\u00e4 voidaan k\u00e4ytt\u00e4\u00e4 sek\u00e4 hyv\u00e4\u00e4n ett\u00e4 pahaan,&hellip;\n","protected":false},"author":2,"featured_media":94463,"comment_status":"","ping_status":"","sticky":false,"template":"","format":"standard","meta":{"footnotes":""},"categories":[84],"tags":[33,31,30,32,91,92],"class_list":{"0":"post-94462","1":"post","2":"type-post","3":"status-publish","4":"format-standard","5":"has-post-thumbnail","7":"category-teknologia","8":"tag-fi","9":"tag-finland","10":"tag-finnish","11":"tag-suomi","12":"tag-technology","13":"tag-teknologia"},"share_on_mastodon":{"url":"https:\/\/pubeurope.com\/@fi\/115577137712574197","error":""},"_links":{"self":[{"href":"https:\/\/www.europesays.com\/fi\/wp-json\/wp\/v2\/posts\/94462","targetHints":{"allow":["GET"]}}],"collection":[{"href":"https:\/\/www.europesays.com\/fi\/wp-json\/wp\/v2\/posts"}],"about":[{"href":"https:\/\/www.europesays.com\/fi\/wp-json\/wp\/v2\/types\/post"}],"author":[{"embeddable":true,"href":"https:\/\/www.europesays.com\/fi\/wp-json\/wp\/v2\/users\/2"}],"replies":[{"embeddable":true,"href":"https:\/\/www.europesays.com\/fi\/wp-json\/wp\/v2\/comments?post=94462"}],"version-history":[{"count":0,"href":"https:\/\/www.europesays.com\/fi\/wp-json\/wp\/v2\/posts\/94462\/revisions"}],"wp:featuredmedia":[{"embeddable":true,"href":"https:\/\/www.europesays.com\/fi\/wp-json\/wp\/v2\/media\/94463"}],"wp:attachment":[{"href":"https:\/\/www.europesays.com\/fi\/wp-json\/wp\/v2\/media?parent=94462"}],"wp:term":[{"taxonomy":"category","embeddable":true,"href":"https:\/\/www.europesays.com\/fi\/wp-json\/wp\/v2\/categories?post=94462"},{"taxonomy":"post_tag","embeddable":true,"href":"https:\/\/www.europesays.com\/fi\/wp-json\/wp\/v2\/tags?post=94462"}],"curies":[{"name":"wp","href":"https:\/\/api.w.org\/{rel}","templated":true}]}}