{"id":94481,"date":"2025-11-19T16:08:12","date_gmt":"2025-11-19T16:08:12","guid":{"rendered":"https:\/\/www.europesays.com\/fi\/94481\/"},"modified":"2025-11-19T16:08:12","modified_gmt":"2025-11-19T16:08:12","slug":"leskeksi-jaanyt-tuukka-temonen-antoi-seiskalle-koskettavan-erikoishaastattelun","status":"publish","type":"post","link":"https:\/\/www.europesays.com\/fi\/94481\/","title":{"rendered":"Leskeksi j\u00e4\u00e4nyt Tuukka Temonen antoi Seiskalle koskettavan erikoishaastattelun."},"content":{"rendered":"<p>            Matti Matikainen &amp; Eetu Ampuja\n        <\/p>\n<p class=\"subtitle \">Leskeksi j\u00e4\u00e4nyt Tuukka avaa lyhyesti tuntojaan Seiskalle.<\/p>\n<p class=\"article-content article-content-width !bg-background\"> perustamassa Pizzeria Rehtorissa on keskiviikkona hiljaista.<\/p>\n<p class=\"font-weight-bold m-font-weight-bold article-content article-content-width !bg-background\">Videolla Tuukka Temonen kertoo Olgan tilanteesta lokakuussa 2025:<\/p>\n<p class=\"article-content article-content-width !bg-background\">P\u00e4iv\u00e4 on kaunis. Iitin S\u00e4\u00e4skj\u00e4rvell\u00e4 paistaa aurinko, pakkasta on muutama aste. Keli on kirkas, mutta asiakkaita ei juuri n\u00e4y.<\/p>\n<p class=\"article-content article-content-width !bg-background\">Se ei johdu tuotteesta, sill\u00e4 Rehtorin pizzat tunnetaan herkullisesta maustaan. Nyt on kyse jostain aivan muusta.<\/p>\n<p class=\"article-content article-content-width !bg-background\">Suuri suru on laskeutunut vanhaan kyl\u00e4kouluun, jossa toimiva Rehtori on kaikesta huolimatta auki normaalisti.<\/p>\n<p>                <img decoding=\"async\" src=\"https:\/\/www.europesays.com\/fi\/wp-content\/uploads\/2025\/11\/1997956.webp\" width=\"576\" height=\"360\" alt=\"Pizzeria Rehtorissa oli hiljaista lounasaikaan.\" loading=\"lazy\" \/>            <\/p>\n<p>\n            Pizzeria Rehtorissa oli hiljaista lounasaikaan.<br \/>\n            Eetu Ampuja\n        <\/p>\n<p>Olgan hengentuote<\/p>\n<p class=\"article-content article-content-width !bg-background\">Pizzeria Rehtori oli ja on edesmenneen n\u00e4yttelij\u00e4 Olga Temosen hengentuote.<\/p>\n<p class=\"article-content article-content-width !bg-background\">H\u00e4n menehtyi maanantaina 17. marraskuuta 47 vuoden i\u00e4ss\u00e4. Vain alle kaksi vuotta sitten, joulukuussa 2023 Olga kertoi sairastuneensa aivosy\u00f6p\u00e4\u00e4n.<\/p>\n<p>        <a itemprop=\"url\" href=\"https:\/\/www.seiska.fi\/kotimaa\/nayttelija-olga-temonen-on-kuollut-1\/1898360\" rel=\"nofollow noopener\" target=\"_blank\"><\/p>\n<p>\nOlga Temonen\n<\/p>\n<p class=\"section-date\">\n        <strong class=\"article-section\" data-section=\"kotimaa\"><br \/>\n            kotimaa<br \/>\n        <\/strong><br \/>\n        17.11. 16:02\n    <\/p>\n<p>N\u00e4yttelij\u00e4 Olga Temonen on kuollut\n    <\/p>\n<p itemprop=\"description\" class=\"subtitle \">\n    Olga kertoi vuonna 2023 sairastavansa aivosy\u00f6p\u00e4\u00e4.\n<\/p>\n<p>        <\/a><\/p>\n<p class=\"article-content article-content-width !bg-background\">Olga siirtyi ajasta ikuisuuteen kotonaan, joka sijaitsee aivan Rehtorin naapurissa.<\/p>\n<p>                <img decoding=\"async\" src=\"https:\/\/www.europesays.com\/fi\/wp-content\/uploads\/2025\/11\/1997958.webp\" width=\"576\" height=\"639\" alt=\"Pizzerian yhteydess\u00e4 toimii my\u00f6s Olgan kotiel\u00e4inpiha.\" loading=\"lazy\" \/>            <\/p>\n<p>\n            Pizzerian yhteydess\u00e4 toimii my\u00f6s Olgan kotiel\u00e4inpiha.<br \/>\n            Eetu Ampuja\n        <\/p>\n<p>Kauniita kukkal\u00e4hetyksi\u00e4<\/p>\n<p class=\"article-content article-content-width !bg-background\">Sis\u00e4ll\u00e4 pizzeriassa n\u00e4kyy joitakin merkkej\u00e4 siit\u00e4, ettei kaikki ole aivan normaalisti.<\/p>\n<p class=\"article-content article-content-width !bg-background\">N\u00e4kyvin seikka ovat kukkal\u00e4hetykset, joita on ripoteltu ymp\u00e4ri ravintolaa. Taustalla takkatuli r\u00e4tisee hiljalleen.<\/p>\n<p>        <a itemprop=\"url\" href=\"https:\/\/www.seiska.fi\/vain-seiskassa\/tuukka-temosen-koskettava-erikoishaastattelu-tama-on-olgan-viimeinen-toivo\/1953725\" rel=\"nofollow noopener\" target=\"_blank\"><\/p>\n<p>\nKoskettava erikoishaastattelu\n<\/p>\n<p class=\"section-date\">\n        <strong class=\"article-section\" data-section=\"vain seiskassa\"><br \/>\n            vain seiskassa<br \/>\n        <\/strong><br \/>\n        9.10. 05:00\n    <\/p>\n<p>Tuukka Temosen koskettava erikoishaastattelu: T\u00e4m\u00e4 on Olgan viimeinen toivo\n    <\/p>\n<p itemprop=\"description\" class=\"subtitle \">\n    \u2013 Muita kortteja ei en\u00e4\u00e4 ole k\u00e4ytett\u00e4viss\u00e4, Tuukka Temonen sanoo Seiskalle.\n<\/p>\n<p>        <\/a><\/p>\n<p class=\"article-content article-content-width !bg-background\">Alkuiltap\u00e4iv\u00e4st\u00e4 Seiskan reportteri on ravintolan ainoa asiakas. Sitten vanhan kyl\u00e4kaupan ovi k\u00e4y, ja  astelee sis\u00e4\u00e4n.<\/p>\n<p>                <img decoding=\"async\" src=\"https:\/\/www.europesays.com\/fi\/wp-content\/uploads\/2025\/11\/1997960.webp\" width=\"576\" height=\"639\" alt=\"Takkatuli r\u00e4tisee, kukkal\u00e4hetys koristaa p\u00f6yt\u00e4\u00e4.\" loading=\"lazy\" \/>            <\/p>\n<p>\n            Takkatuli r\u00e4tisee, kukkal\u00e4hetys koristaa p\u00f6yt\u00e4\u00e4.<br \/>\n            Eetu Ampuja\n        <\/p>\n<p>Unohtumattomat kes\u00e4h\u00e4\u00e4t<\/p>\n<p class=\"article-content article-content-width !bg-background\">Leskeksi j\u00e4\u00e4nyt Tuukka, 50, ehti olla Olgan aviomies 17 vuoden ajan.<\/p>\n<p class=\"article-content article-content-width !bg-background\">Avioparin h\u00e4it\u00e4 tanssittiin kes\u00e4ll\u00e4 2008. Siit\u00e4 alkoi unohtumaton matka, joka p\u00e4\u00e4ttyi maanantaiaamuna ikuisiin hyv\u00e4steihin.<\/p>\n<p>\n            Nyt sitten paistellaan yksin n\u00e4it\u00e4 pizzoja.\n            <\/p>\n<p class=\"article-content article-content-width !bg-background\">Vain joitakin viikkoja sitten Seiska vieraili edelliskerran Rehtorissa. Tuolloin Tuukka paistoi pizzoja touhukkaana sill\u00e4 v\u00e4lin, kun Olga odotteli lasten kanssa kotosalla.<\/p>\n<p class=\"article-content article-content-width !bg-background\">\u2013 Nyt sitten paistellaan yksin n\u00e4it\u00e4 pizzoja, Tuukka huokaa.<\/p>\n<p>                <img decoding=\"async\" src=\"https:\/\/www.europesays.com\/fi\/wp-content\/uploads\/2025\/11\/1997962.webp\" width=\"576\" height=\"322\" alt=\"Tuukan ja Olgan h\u00e4it\u00e4 juhlittiin kes\u00e4ll\u00e4 2008.\" loading=\"lazy\" \/>            <\/p>\n<p>\n            Tuukan ja Olgan h\u00e4it\u00e4 juhlittiin kes\u00e4ll\u00e4 2008.<br \/>\n            Pasi Murto\n        <\/p>\n<p>Haikeus, suru &amp; kaipuu<\/p>\n<p class=\"article-content article-content-width !bg-background\">Tuukka on suostunut haastatteluun sill\u00e4 ehdolla, ettei h\u00e4nest\u00e4 otettaisi kuvia. Ravintolan takkatulen \u00e4\u00e4ress\u00e4 tuntojaan avaa v\u00e4syneen oloinen, murtunut mies.<\/p>\n<p class=\"article-content article-content-width !bg-background\">Pipo on vedetty syv\u00e4lle p\u00e4\u00e4h\u00e4n. Tuukka kuitenkin kuvailee voivansa tilanteeseen n\u00e4hden hyvin.<\/p>\n<p>        <a itemprop=\"url\" href=\"https:\/\/www.seiska.fi\/vain-seiskassa\/tuukka-temoselta-pysayttava-paljastus-olga-vaimon-tilasta-kommunikoi-osin-arvaamalla\/1953955\" rel=\"nofollow noopener\" target=\"_blank\"><\/p>\n<p>\nPys\u00e4ytt\u00e4v\u00e4 paljastus Olgasta\n<\/p>\n<p class=\"section-date\">\n        <strong class=\"article-section\" data-section=\"vain seiskassa\"><br \/>\n            vain seiskassa<br \/>\n        <\/strong><br \/>\n        10.10. 06:30\n    <\/p>\n<p>Tuukka Temoselta pys\u00e4ytt\u00e4v\u00e4 paljastus Olga-vaimon tilasta: kommunikoi osin arvaamalla\n    <\/p>\n<p itemprop=\"description\" class=\"subtitle \">\n    Tuukka Temosen on pakko tehd\u00e4 pitk\u00e4\u00e4 p\u00e4iv\u00e4\u00e4, vaikka perheess\u00e4 on tragedia.\n<\/p>\n<p>        <\/a><\/p>\n<p class=\"article-content article-content-width !bg-background\">\u2013 Olisi eri asia, jos kyse olisi onnettomuudesta tai vastaavasta \u00e4killisest\u00e4 poismenosta.<\/p>\n<p class=\"article-content article-content-width !bg-background\">\u2013 Olemme kuitenkin pystyneet varautumaan t\u00e4h\u00e4n enemm\u00e4n tai v\u00e4hemm\u00e4n kahden vuoden ajan. Sik\u00e4li t\u00e4m\u00e4 ei ole totaaliromahdus.<\/p>\n<p class=\"article-content article-content-width !bg-background\">\u2013 Toki t\u00e4m\u00e4 j\u00e4tt\u00e4\u00e4 haikeuden ja surun. Ja kaipuun pitk\u00e4ksi aikaa.<\/p>\n<p>                <img decoding=\"async\" src=\"https:\/\/www.europesays.com\/fi\/wp-content\/uploads\/2025\/11\/1997970.webp\" width=\"576\" height=\"639\" alt=\"Olgan k\u00e4denj\u00e4lki n\u00e4kyy kaikkialla pizzeriassa.\" loading=\"lazy\" \/>            <\/p>\n<p>\n            Olgan k\u00e4denj\u00e4lki n\u00e4kyy kaikkialla pizzeriassa.<br \/>\n            Eetu Ampuja\n        <\/p>\n<p>Kuolemasta ei puhuttu<\/p>\n<p class=\"article-content article-content-width !bg-background\">Olgan viimeiseksi julkiseksi esiintymiseksi j\u00e4i Tuukan ohjaaman Cancel-elokuvan kutsuvierasensi-ilta, joka j\u00e4rjestettiin 7. lokakuuta Helsingin Tennispalatsissa.<\/p>\n<p>        <a itemprop=\"url\" href=\"https:\/\/www.seiska.fi\/kotimaa\/temoset-yhdessa-ensi-illassa-tuukka-kertoo-tunnelmistaan-illan-paatteeksi\/1955081\" rel=\"nofollow noopener\" target=\"_blank\"><\/p>\n<p>\nTemoset yhdess\u00e4 ensi-illassa\n<\/p>\n<p class=\"section-date\">\n        <strong class=\"article-section\" data-section=\"kotimaa\"><br \/>\n            kotimaa<br \/>\n        <\/strong><br \/>\n        8.10. 11:06\n    <\/p>\n<p>Temoset yhdess\u00e4 ensi-illassa \u2013 Tuukka kertoo tunnelmistaan illan p\u00e4\u00e4tteeksi\n    <\/p>\n<p itemprop=\"description\" class=\"subtitle \">\n    Cancel-elokuvan ohjaaja Tuukka Temonen saapui perheens\u00e4 kanssa leffan kutsuvierasensi-iltaan.\n<\/p>\n<p>        <\/a><\/p>\n<p class=\"article-content article-content-width !bg-background\">Tuolloin Temoset ilmaantuivat punaiselle matolle yhdess\u00e4 nelj\u00e4n lapsensa kanssa: , ,  ja .<\/p>\n<p class=\"article-content article-content-width !bg-background\">Tuukan mukaan koko perhe tiesi jo tuolloin, ettei Olgalla ole en\u00e4\u00e4 paljon aikaa j\u00e4ljell\u00e4.<\/p>\n<p>\n            Olga itsekin varmasti tiedosti sen, vaikkemme halunneet puhua siit\u00e4.\n            <\/p>\n<p class=\"article-content article-content-width !bg-background\">\u2013 Varmaan kaikki muutkin sen n\u00e4kiv\u00e4t silloin. Olga itsekin varmasti tiedosti sen, vaikkemme koskaan halunneet puhua siit\u00e4.<\/p>\n<p class=\"article-content article-content-width !bg-background\">\u2013 Aina pit\u00e4\u00e4 s\u00e4ilytt\u00e4\u00e4 toivo. Siksi sit\u00e4 (kuolemaa) ei sanoitettu \u00e4\u00e4neen.<\/p>\n<p>                <img decoding=\"async\" src=\"https:\/\/www.europesays.com\/fi\/wp-content\/uploads\/2025\/11\/1997966.webp\" width=\"576\" height=\"720\" alt=\"Tuukka ja Olga lapsineen saapuivat yhdess\u00e4 punaiselle matolle lokakuussa 2025.\" loading=\"lazy\" \/>            <\/p>\n<p>\n            Tuukka ja Olga lapsineen saapuivat yhdess\u00e4 punaiselle matolle lokakuussa 2025.<br \/>\n            Jani Korpela\n        <\/p>\n<p>Koskettava yksityiskohta<\/p>\n<p class=\"article-content article-content-width !bg-background\">Pohjois-Karjalan Nurmeksessa 23.1.1978 syntyneen Olgan el\u00e4m\u00e4 p\u00e4\u00e4ttyi omassa kodissa Iitiss\u00e4, oman perheen ymp\u00e4r\u00f6im\u00e4n\u00e4.<\/p>\n<p class=\"article-content article-content-width !bg-background\">\u2013 Minusta se meni niin, kuin sen kuuluukin menn\u00e4. Juuri siten ajattelinkin, ett\u00e4 h\u00e4nen l\u00e4ht\u00f6ns\u00e4 hoidetaan t\u00e4st\u00e4 maanp\u00e4\u00e4llisest\u00e4 taipaleesta.<\/p>\n<p>\n            Tilasin sairaalas\u00e4ngynkin, mutta ei me sit\u00e4 koskaan laitettu kasaan.\n            <\/p>\n<p class=\"article-content article-content-width !bg-background\">Tuukka on tyytyv\u00e4inen siit\u00e4, ett\u00e4 Olga sai olla loppuun saakka kotosalla.<\/p>\n<p class=\"article-content article-content-width !bg-background\">\u2013 Tilasin sellaisen sairaalas\u00e4ngynkin, mutta ei me sit\u00e4 koskaan laitettu kasaan.<\/p>\n<p class=\"article-content article-content-width !bg-background\">\u2013 Olga pystyi olemaan viimeiseen asti omassa s\u00e4ngyss\u00e4\u00e4n. Se oli paras vaihtoehto.<\/p>\n<p>                <img decoding=\"async\" src=\"https:\/\/www.europesays.com\/fi\/wp-content\/uploads\/2025\/11\/1997968.webp\" width=\"576\" height=\"720\" alt=\"Olga ja Tuukka Jussi-gaalassa maaliskuussa.\" loading=\"lazy\" \/>            <\/p>\n<p>\n            Olga ja Tuukka Jussi-gaalassa maaliskuussa.<br \/>\n            Matti Matikainen\n        <\/p>\n","protected":false},"excerpt":{"rendered":"Matti Matikainen &amp; Eetu Ampuja Leskeksi j\u00e4\u00e4nyt Tuukka avaa lyhyesti tuntojaan Seiskalle. perustamassa Pizzeria Rehtorissa on keskiviikkona hiljaista.&hellip;\n","protected":false},"author":2,"featured_media":94482,"comment_status":"","ping_status":"","sticky":false,"template":"","format":"standard","meta":{"footnotes":""},"categories":[130],"tags":[3416,4052,137,2783,33,31,30,4173,683,11243,3411,13436,32,167,2721,109],"class_list":{"0":"post-94481","1":"post","2":"type-post","3":"status-publish","4":"format-standard","5":"has-post-thumbnail","7":"category-viihde","8":"tag-aivokasvain","9":"tag-aivosyopa","10":"tag-entertainment","11":"tag-erikoishaastattelu","12":"tag-fi","13":"tag-finland","14":"tag-finnish","15":"tag-iitti","16":"tag-kuolema","17":"tag-leski","18":"tag-olga-temonen","19":"tag-pizzeria-rehtori","20":"tag-suomi","21":"tag-terveys","22":"tag-tuukka-temonen","23":"tag-viihde"},"share_on_mastodon":{"url":"https:\/\/pubeurope.com\/@fi\/115577232243497042","error":""},"_links":{"self":[{"href":"https:\/\/www.europesays.com\/fi\/wp-json\/wp\/v2\/posts\/94481","targetHints":{"allow":["GET"]}}],"collection":[{"href":"https:\/\/www.europesays.com\/fi\/wp-json\/wp\/v2\/posts"}],"about":[{"href":"https:\/\/www.europesays.com\/fi\/wp-json\/wp\/v2\/types\/post"}],"author":[{"embeddable":true,"href":"https:\/\/www.europesays.com\/fi\/wp-json\/wp\/v2\/users\/2"}],"replies":[{"embeddable":true,"href":"https:\/\/www.europesays.com\/fi\/wp-json\/wp\/v2\/comments?post=94481"}],"version-history":[{"count":0,"href":"https:\/\/www.europesays.com\/fi\/wp-json\/wp\/v2\/posts\/94481\/revisions"}],"wp:featuredmedia":[{"embeddable":true,"href":"https:\/\/www.europesays.com\/fi\/wp-json\/wp\/v2\/media\/94482"}],"wp:attachment":[{"href":"https:\/\/www.europesays.com\/fi\/wp-json\/wp\/v2\/media?parent=94481"}],"wp:term":[{"taxonomy":"category","embeddable":true,"href":"https:\/\/www.europesays.com\/fi\/wp-json\/wp\/v2\/categories?post=94481"},{"taxonomy":"post_tag","embeddable":true,"href":"https:\/\/www.europesays.com\/fi\/wp-json\/wp\/v2\/tags?post=94481"}],"curies":[{"name":"wp","href":"https:\/\/api.w.org\/{rel}","templated":true}]}}