{"id":94507,"date":"2025-11-19T16:40:08","date_gmt":"2025-11-19T16:40:08","guid":{"rendered":"https:\/\/www.europesays.com\/fi\/94507\/"},"modified":"2025-11-19T16:40:08","modified_gmt":"2025-11-19T16:40:08","slug":"supon-asema-hammentaa-nama-kolme-vaihtoehtoa-poydalla","status":"publish","type":"post","link":"https:\/\/www.europesays.com\/fi\/94507\/","title":{"rendered":"Supon asema h\u00e4mment\u00e4\u00e4 \u2013 N\u00e4m\u00e4 kolme vaihtoehtoa p\u00f6yd\u00e4ll\u00e4"},"content":{"rendered":"<p>Kansallisen turvallisuuden yksik\u00f6n tilanne sis\u00e4ministeri\u00f6n sis\u00e4ll\u00e4 her\u00e4tt\u00e4\u00e4 kysymyksi\u00e4. P\u00e4\u00e4t\u00f6ksi\u00e4 on odotettavissa joulukuussa.<\/p>\n<p class=\"paragraph\">Elokuussa <a href=\"https:\/\/www.mtvuutiset.fi\/artikkeli\/sisaministerio-luopumassa-kansallisen-turvallisuuden-yksikosta-suojelupoliisi-siirtymassa-poliisiosaston-alaisuuteen\/9211878\" target=\"_blank\" rel=\"noopener nofollow\">julkisuuteen tuli tieto<\/a>, ett\u00e4 sis\u00e4ministeri\u00f6ss\u00e4 ollaan siirt\u00e4m\u00e4ss\u00e4 Suojelupoliisia poliisiosaston alaisuuteen.<\/p>\n<p class=\"paragraph\">Ministeri\u00f6 olisi luopumassa kansallisen turvallisuuden yksik\u00f6st\u00e4, joka on viime vuodet tulosohjannut suojelupoliisia.<\/p>\n<p class=\"paragraph\">Sis\u00e4ministeri\u00f6n kansliap\u00e4\u00e4llikk\u00f6 <strong>Matti Sarasmaa<\/strong> kertoo nyt Iltalehdelle, ett\u00e4  sis\u00e4ministeri\u00f6n organisaatiouudistuksen suunnittelu on loppusuoralla ja edelleen tilanne on se, ett\u00e4 uuteen malliin on tarkoitus siirty\u00e4 vuodenvaihteessa. Asiaa on muun muassa t\u00e4n\u00e4\u00e4n k\u00e4sitelty johtoryhm\u00e4ss\u00e4.<\/p>\n<p class=\"paragraph\">Sarasmaan mukaan t\u00e4m\u00e4n hetken esitys on, ett\u00e4 kansallisen turvallisuuden yksikk\u00f6 lakkautetaan ja sen teht\u00e4v\u00e4t jaetaan ministeri\u00f6ss\u00e4 uudella tavalla.<\/p>\n<p class=\"paragraph\">Mahdollista on my\u00f6s, ett\u00e4 Supo siirtyy suoraan kansliap\u00e4\u00e4llik\u00f6n alaisuuteen. Sarasmaa luonnehtii, ett\u00e4 t\u00e4m\u00e4 on toinen realistinen vaihtoehto.<\/p>\n<p class=\"paragraph\">Tarkastelussa on my\u00f6s kolmas vaihtoehto, jossa kansallisen turvallisuuden yksikk\u00f6 jatkaa ja sit\u00e4 vahvennetaan, jotta ty\u00f6t voidaan hoitaa nykyist\u00e4 paremmin.<\/p>\n<p class=\"paragraph\">Kaikista todenn\u00e4k\u00f6isemp\u00e4n\u00e4 Sarasmaa pit\u00e4\u00e4 kuitenkin sit\u00e4, ett\u00e4 yksikk\u00f6 lakkautetaan.<\/p>\n<p class=\"paragraph\">H\u00e4n painottaa, ett\u00e4 sis\u00e4ministeri <a href=\"https:\/\/www.iltalehti.fi\/henkilot\/Mari Rantanen\" class=\"article-link-person-page\" rel=\"nofollow noopener\" target=\"_blank\">Mari Rantanen<\/a> (ps) tekee viime k\u00e4dess\u00e4 ratkaisun joulukuun alussa.<\/p>\n<p>Apua ei \u201domasta yksin\u00e4isyydest\u00e4\u201d<\/p>\n<p class=\"paragraph\">Organisaatiomuutokset eiv\u00e4t ole kivuttomia ja Iltalehden tietojen mukaan Supon valvonnan siirt\u00e4minen poliisiosastolle her\u00e4tt\u00e4\u00e4 my\u00f6s eduskunnan p\u00e4\u00e4ss\u00e4 ja hallituspuolueiden keskenkin keskustelua ja lis\u00e4tiedon tarvetta.<\/p>\n<p class=\"paragraph\">Jos organisaatio muuttuu, kyse on muun muassa siit\u00e4, miten tiedustelutoiminnan itsen\u00e4isyys turvataan ja miten siviilitiedustelun ohjaus jatkossa pelaa. Muun muassa t\u00e4st\u00e4 halutaan parempaa selkoa. Organisaatiomuutos linkittyy my\u00f6s eduskunnassa k\u00e4sittelyss\u00e4 olevaan <a href=\"https:\/\/www.eduskunta.fi\/FI\/vaski\/HallituksenEsitys\/Sivut\/HE_29+2025.aspx\" target=\"_blank\" rel=\"noopener nofollow\">poliisilain muutosesitykseen<\/a>.<\/p>\n<p class=\"paragraph\">Sarasmaa tuntuu olevan tietoinen siit\u00e4, ett\u00e4 muun muassa Supon siirt\u00e4minen poliisiosaston alle puhuttaa.<\/p>\n<p class=\"paragraph\"><strong>Onko tullut poliittiselta kent\u00e4lt\u00e4 palautetta, ett\u00e4 t\u00e4llaista ei pit\u00e4isi tehd\u00e4?<\/strong><\/p>\n<p class=\"paragraph\">\u2013 On varmaan jonkun verran. Suoraan minulle ei ole tullut. Kyll\u00e4 varmaan se on keskusteluttanut. Ehk\u00e4 sit\u00e4 keskustelua on my\u00f6skin jollain tavalla edesautettu, Sarasmaa arvelee.<\/p>\n<p class=\"paragraph\">H\u00e4n on itse kuitenkin saanut tehd\u00e4 ty\u00f6t\u00e4\u00e4n rauhassa.<\/p>\n<p class=\"paragraph\">Kysytt\u00e4ess\u00e4 kansliap\u00e4\u00e4llik\u00f6lt\u00e4 n\u00e4kemyst\u00e4 Supon kannasta siihen, mink\u00e4 alaisuudessa se haluaisi olla, Sarasmaa toteaa, ettei Supolla ole kantaa.<\/p>\n<p class=\"paragraph\">\u2013 Heit\u00e4 ohjataan sis\u00e4ministeri\u00f6st\u00e4, se heille riitt\u00e4\u00e4.<\/p>\n<p>Suojelupoliisin p\u00e4\u00e4toimipaikka Helsingin Kaartinkaupungissa. Supo<\/p>\n<p class=\"paragraph\">Sarasmaa tiivist\u00e4\u00e4 organisaatiomuutoksen tarkoittavan sit\u00e4, ett\u00e4 teht\u00e4v\u00e4t asemoidaan ja resursoidaan niin, ett\u00e4 ne voidaan hoitaa kunnolla.<\/p>\n<p class=\"paragraph\">\u2013 [Kansallisen turvallisuuden] yksikk\u00f6 on aika pieni ja sen merkitys on korostunut ja ty\u00f6t\u00e4 on paljon. Jostain muualta l\u00f6ytyy nyt se vahvuus ja apu kuin omasta yksin\u00e4isyydest\u00e4, h\u00e4n sanoo.<\/p>\n<p>\u201dEi dramaattinen asia\u201d<\/p>\n<p class=\"paragraph\">Sarasmaa puhuu itse \u201dpienest\u00e4 organisaatiotarkennuksesta\u201d, jossa teht\u00e4vi\u00e4 ei h\u00e4vi\u00e4 eik\u00e4 tule lis\u00e4\u00e4 vaan niit\u00e4 vain jaetaan uudelleen.<\/p>\n<p class=\"paragraph\">\u2013 T\u00e4ss\u00e4 nyt on v\u00e4h\u00e4n ollut jostain syyst\u00e4 dramatiikkaa. Mutta ei t\u00e4m\u00e4 meid\u00e4n n\u00e4kemyksemme mukaan ole mitenk\u00e4\u00e4n dramaattinen asia. P\u00e4invastoin nyt luodaan edellytyksi\u00e4.<\/p>\n<p class=\"paragraph\">Ilmeisesti organisaatiomuutoksen valmistelukaan ei ole sujunut ministeri\u00f6ss\u00e4 t\u00e4ysin kitkatta.<\/p>\n<p class=\"paragraph\">Iltalehti kysyi Sarasmaalta huhuista virkavapaille siirtymisest\u00e4, mutta t\u00e4llaista ei juuri h\u00e4nen mukaansa ole. Kansallisen turvallisuuden yksik\u00f6ss\u00e4 on my\u00f6s ollut Suojelupoliisista ihmisi\u00e4 ty\u00f6kierrossa, mit\u00e4 Sarasmaa sanoo normaaliksi asiaksi.<\/p>\n<p class=\"paragraph\">Kun Sarasmaalta kysyy, onko organisaatiouudistus her\u00e4tt\u00e4nyt ahdistusta, h\u00e4n sanoo, ett\u00e4 n\u00e4in v\u00e4itet\u00e4\u00e4n, mutta h\u00e4n on haastatellut kaikki ihmiset.<\/p>\n<p class=\"paragraph\">\u2013 Pieni\u00e4 huolia on, mutta ei kukaan ole kokenut ylitsep\u00e4\u00e4sem\u00e4t\u00f6nt\u00e4 ik\u00e4\u00e4n kuin ahdistusta. Huoli on tietysti, ett\u00e4 miss\u00e4 on tuleva paikka ja mit\u00e4 tulevat teht\u00e4v\u00e4t, mutta ne on kaikki k\u00e4yty l\u00e4pi.<\/p>\n<p class=\"paragraph\">Henkil\u00f6st\u00f6v\u00e4hennystarvetta ei ole Sarasmaan mukaan tarvetta.<\/p>\n<p class=\"paragraph\">\u2013 P\u00e4invastoin. Yrit\u00e4mme nyt tarkastella viel\u00e4, voitaisiinko siirtym\u00e4kausi varmistaa, ett\u00e4 annetaan hetkeksi lis\u00e4resursseja, jos vain on mahdollista, ett\u00e4 t\u00e4m\u00e4 l\u00e4htee kunnolla k\u00e4yntiin.<\/p>\n<p>Kyse Supon kyvyst\u00e4 tehd\u00e4 ty\u00f6t\u00e4<\/p>\n<p class=\"paragraph\">Sarasmaan mukaan organisaatiohanke ei ole k\u00e4ynnistynyt poliittisella ohjauksella, vaan h\u00e4n on itse p\u00e4\u00e4tt\u00e4nyt asiasta.<\/p>\n<p class=\"paragraph\">\u2013 T\u00e4m\u00e4 oli ihan k\u00e4ynnist\u00e4m\u00e4ni hanke. Totta kai olen ministerin pit\u00e4nyt tietoisena. H\u00e4n on ollut tietoinen vaiheista ja tekee sitten lopullisen p\u00e4\u00e4t\u00f6ksen.<\/p>\n<p class=\"paragraph\">Sarasmaa muistuttaa, ett\u00e4 sis\u00e4ministeri\u00f6n organisaatio on pysynyt melko pitk\u00e4\u00e4n samana.<\/p>\n<p class=\"paragraph\">\u2013 Meill\u00e4 on paljon osastoja ja yksik\u00f6it\u00e4. T\u00e4ss\u00e4 nyt vain yhden yksik\u00f6n [kansallisen turvallisuuden yksik\u00f6n] osalta ei ole ollut resursseja ja mahdollisuuksia tehd\u00e4 kunnolla. Liitet\u00e4\u00e4n teht\u00e4v\u00e4n v\u00e4h\u00e4n isompiin kokonaisuuksiin. Sit\u00e4 kautta tulee tuki ja sijaisuudet ja mahdollisuudet tehd\u00e4 ty\u00f6t\u00e4 uudessa asennossa paremmin.<\/p>\n<p class=\"paragraph\">\u2013 Meille on tulossa siviili- ja sotilastiedustelulain p\u00e4ivitykset ja Supon toimintaedellytysten parantamiseen on resursoitu 10 miljoonaa juuri t\u00e4n\u00e4 vuonna lis\u00e4\u00e4. Meid\u00e4n pit\u00e4\u00e4 huolehtia, ett\u00e4 sill\u00e4 on kyky tehd\u00e4 ty\u00f6t\u00e4. Siit\u00e4 on vain kyse.<\/p>\n<p class=\"paragraph\">Iltalehti tavoitti eduskunnasta my\u00f6s sis\u00e4ministeri Mari Rantasen ja kysyi Supon siirrosta poliisiosaston alaisuuteen. H\u00e4n totesi valmistelun olevan kesken ja sanoi, ett\u00e4 siit\u00e4 kannattaa kysy\u00e4 kansliap\u00e4\u00e4llikk\u00f6 Sarasmaalta.<\/p>\n<p class=\"paragraph\">Kansallisen turvallisuuden yksikk\u00f6 <a href=\"https:\/\/intermin.fi\/ministerio\/johto-ja-organisaatio\/osastot-ja-yksikot\" target=\"_blank\" rel=\"noopener nofollow\">k\u00e4sittelee<\/a> kansallista turvallisuutta ja siviilitiedustelua sek\u00e4 valmiutta, varautumista, organisaatioturvallisuutta, riskienhallintaa ja kyberturvallisuutta koskevia asioita, mink\u00e4 lis\u00e4ksi yksikk\u00f6 koordinoi ministeri\u00f6n hybridiasioita. Yksikk\u00f6 my\u00f6s valvoo, yhteensovittaa ja kehitt\u00e4\u00e4 n\u00e4it\u00e4 asioita yhteisty\u00f6ss\u00e4 muiden toimijoiden kanssa. Kansallisen turvallisuuden yksikk\u00f6 tulosohjaa suojelupoliisia.<\/p>\n<p class=\"paragraph\">Yksikk\u00f6 on toiminut suoraan kansliap\u00e4\u00e4llik\u00f6n alaisuudessa. Yksikk\u00f6\u00e4 johtaa kansallisen turvallisuuden yksik\u00f6n johtaja <strong>Petri Knape<\/strong>.<\/p>\n","protected":false},"excerpt":{"rendered":"Kansallisen turvallisuuden yksik\u00f6n tilanne sis\u00e4ministeri\u00f6n sis\u00e4ll\u00e4 her\u00e4tt\u00e4\u00e4 kysymyksi\u00e4. P\u00e4\u00e4t\u00f6ksi\u00e4 on odotettavissa joulukuussa. Elokuussa julkisuuteen tuli tieto, ett\u00e4 sis\u00e4ministeri\u00f6ss\u00e4&hellip;\n","protected":false},"author":2,"featured_media":43619,"comment_status":"","ping_status":"","sticky":false,"template":"","format":"standard","meta":{"footnotes":""},"categories":[5],"tags":[35,22,23,26,27,33,31,30,863,17,53,24,25,28,29,1708,1707,15,18,21,637,32,19,20,546,16],"class_list":{"0":"post-94507","1":"post","2":"type-post","3":"status-publish","4":"format-standard","5":"has-post-thumbnail","7":"category-otsikot","8":"tag-24h","9":"tag-breaking-news","10":"tag-breakingnews","11":"tag-featured-news","12":"tag-featurednews","13":"tag-fi","14":"tag-finland","15":"tag-finnish","16":"tag-hallitus","17":"tag-headlines","18":"tag-laki-oikeus-ja-rikos","19":"tag-latest-news","20":"tag-latestnews","21":"tag-main-news","22":"tag-mainnews","23":"tag-ministeriot-ja-valtioneuvosto","24":"tag-ministerit","25":"tag-news","26":"tag-otsikot","27":"tag-paauutiset","28":"tag-politiikka","29":"tag-suomi","30":"tag-top-stories","31":"tag-topstories","32":"tag-turvallisuus","33":"tag-uutiset"},"share_on_mastodon":{"url":"https:\/\/pubeurope.com\/@fi\/115577357783022323","error":""},"_links":{"self":[{"href":"https:\/\/www.europesays.com\/fi\/wp-json\/wp\/v2\/posts\/94507","targetHints":{"allow":["GET"]}}],"collection":[{"href":"https:\/\/www.europesays.com\/fi\/wp-json\/wp\/v2\/posts"}],"about":[{"href":"https:\/\/www.europesays.com\/fi\/wp-json\/wp\/v2\/types\/post"}],"author":[{"embeddable":true,"href":"https:\/\/www.europesays.com\/fi\/wp-json\/wp\/v2\/users\/2"}],"replies":[{"embeddable":true,"href":"https:\/\/www.europesays.com\/fi\/wp-json\/wp\/v2\/comments?post=94507"}],"version-history":[{"count":0,"href":"https:\/\/www.europesays.com\/fi\/wp-json\/wp\/v2\/posts\/94507\/revisions"}],"wp:featuredmedia":[{"embeddable":true,"href":"https:\/\/www.europesays.com\/fi\/wp-json\/wp\/v2\/media\/43619"}],"wp:attachment":[{"href":"https:\/\/www.europesays.com\/fi\/wp-json\/wp\/v2\/media?parent=94507"}],"wp:term":[{"taxonomy":"category","embeddable":true,"href":"https:\/\/www.europesays.com\/fi\/wp-json\/wp\/v2\/categories?post=94507"},{"taxonomy":"post_tag","embeddable":true,"href":"https:\/\/www.europesays.com\/fi\/wp-json\/wp\/v2\/tags?post=94507"}],"curies":[{"name":"wp","href":"https:\/\/api.w.org\/{rel}","templated":true}]}}