{"id":94517,"date":"2025-11-19T17:04:07","date_gmt":"2025-11-19T17:04:07","guid":{"rendered":"https:\/\/www.europesays.com\/fi\/94517\/"},"modified":"2025-11-19T17:04:07","modified_gmt":"2025-11-19T17:04:07","slug":"zelenskyin-lahipiiri-pakenee-maasta-madannaisyydesta-paljastui-vasta-jaavuoren-huippu","status":"publish","type":"post","link":"https:\/\/www.europesays.com\/fi\/94517\/","title":{"rendered":"Zelenskyin l\u00e4hipiiri pakenee maasta \u2013 M\u00e4d\u00e4nn\u00e4isyydest\u00e4 paljastui vasta j\u00e4\u00e4vuoren huippu"},"content":{"rendered":"<p class=\"paragraph\">Ukrainaa ravisteleva korruptioskandaali ei olisi voinut tapahtua maan tulevaisuuden kannalta kriittisemp\u00e4n\u00e4 ajankohtana.<\/p>\n<p class=\"paragraph\">Maan hallitus on menett\u00e4m\u00e4ss\u00e4 legitimiteettins\u00e4 ja ajautumassa kohti toimintakyvytt\u00f6myytt\u00e4, kun Ukrainan eliitti odottaa peloissaan seuraavaa paljastusta.<\/p>\n<p class=\"paragraph\">Ukrainan korruptionvastaiset virastot NABU ja SAP paljastivat viime viikolla, ett\u00e4 maan suurimman s\u00e4hk\u00f6ntuottajan Enerhoatomin kautta on kavallettu noin sata miljoonaa dollaria eli 86 miljoonaa euroa.<\/p>\n<p class=\"paragraph\">Julmaa ironiaa on erityisesti siin\u00e4, ett\u00e4 korruptioskandaali kohdistuu Ukrainan energiasektorille samaan aikaan, kun Ven\u00e4j\u00e4 heikent\u00e4\u00e4 talven alla ukrainalaisten puolustustahtoa ja kiihdytt\u00e4\u00e4 iskujaan maan energiainfrastruktuuriin.<\/p>\n<p class=\"paragraph\">L\u00e4ht\u00f6passit on saanut jo kaksi ministeri\u00e4 ja monien paikka heiluu. Ep\u00e4iltyjen joukossa on poliitikkoja ja tunnettuja liikemiehi\u00e4, jotka kuuluvat Ukrainan presidentti <a href=\"https:\/\/www.iltalehti.fi\/henkilot\/Volodymyr Zelenskyi\" class=\"article-link-person-page\" rel=\"nofollow noopener\" target=\"_blank\">Volodymyr Zelenskyin<\/a> l\u00e4hipiiriin.<\/p>\n<p class=\"paragraph\">NABU ja SAP ovat korostaneet, ett\u00e4 tutkinta jatkuu edelleen ja uusia syytteit\u00e4 sek\u00e4 paljastuksia on luvassa. Nykyisten ep\u00e4iltyjen uskotaan lis\u00e4ksi solmivan erilaisia sopimuksia syytt\u00e4jien kanssa ja paljastavan lis\u00e4\u00e4 ep\u00e4iltyj\u00e4.<\/p>\n<p>Operaatio Midas<\/p>\n<p class=\"paragraph\">Vaikka korruptioskandaali tapahtuu kriittisell\u00e4 hetkell\u00e4, sen voi silti ajatella todistavan Ukrainan instituutioiden voimakkuudesta. Poliittinen johto voidaan aina vaihtaa ja rikolliset tuomita. Ukrainan vastarinta ei ole maata johtavan roistojoukon varassa.<\/p>\n<p class=\"paragraph\">Maan korruption vastaisten virastojen toiminta j\u00e4\u00e4 joka tapauksessa historiaan. 15 kuukautta kest\u00e4neen ja j\u00e4nnityselokuvaa muistuttaneen operaatio Midaksen aikana NABU ja SAP salakuuntelivat yksityisasuntoja ja toimistoja ja dokumentoivat koko rikossarjan.<\/p>\n<p class=\"paragraph\">Korruptiotutkijat tekiv\u00e4t ty\u00f6ns\u00e4 loppuun asti huolimatta heihin kohdistuneesta painostuksesta ja pid\u00e4tyksist\u00e4. Tutkijoiden v\u00e4itettiin muun muassa olevan virastoon soluttautuneita Ven\u00e4j\u00e4n vakoilijoita.<\/p>\n<p class=\"paragraph\">Tutkijoita vastaan k\u00e4viv\u00e4t maan vaikutusvaltaisimmat tahot: presidentinkanslia ja turvallisuuspalvelu. Zelenskyi yritti puhaltaa pelin poikki jo kes\u00e4ll\u00e4 ja riist\u00e4\u00e4 virastoilta niiden toimintaedellytykset.<\/p>\n<p class=\"paragraph\">Zelenskyi per\u00e4\u00e4ntyi suunnitelmistaan, kun ukrainalaiset aloittivat laajat mielenosoitukset korruptionvastaisten virastojen itsen\u00e4isyyden puolesta.<\/p>\n<p class=\"paragraph\">Ilman kansalaisyhteiskunnan tukea tutkinta olisi haudattu ja korruption vastaisten viranomaisten toimivalta halvaannutettu.<\/p>\n<p>Kultainen wc-p\u00f6ntt\u00f6<\/p>\n<p class=\"paragraph\">Yksi keskeisimmist\u00e4 ep\u00e4illyist\u00e4 on <a href=\"https:\/\/www.iltalehti.fi\/henkilot\/Timur Mindit\u0161\" class=\"article-link-person-page\" rel=\"nofollow noopener\" target=\"_blank\">Timur Mindit\u0161<\/a>, Zelenskyin entinen liikekumppani, joka pakeni tutkijoiden nen\u00e4n edest\u00e4 Israeliin.<\/p>\n<p class=\"paragraph\"><a href=\"https:\/\/www.pravda.com.ua\/articles\/2025\/11\/18\/8007740\/\" target=\"_blank\" rel=\"noopener nofollow\">Ukrainska Pravda<\/a> -sanomalehden (UP) l\u00e4hteiden mukaan Mindit\u0161 on todenn\u00e4k\u00f6isesti vain j\u00e4\u00e4vuoren huippu. H\u00e4nen roolinsa oli toimia \u201dkassamiehen\u00e4\u201d eli jakaa rahat salaliittolaisten kesken.<\/p>\n<p class=\"paragraph\">Mindit\u0161in asunnosta l\u00f6ytyneet dollarikasat sek\u00e4 surullisenkuuluisa kultainen wc-p\u00f6ntt\u00f6 ovat sy\u00f6pyneet ukrainalaisten verkkokalvoille. Raivoa kansalaisten keskuudessa lis\u00e4\u00e4 se, ett\u00e4 h\u00e4nen oli ylip\u00e4\u00e4t\u00e4\u00e4n mahdollista poistua maasta.<\/p>\n<p class=\"paragraph\">Maan rajat ovat olleet suljetut asevelvollisuusik\u00e4isilt\u00e4 ukrainalaisilta l\u00e4hes sodan alusta asti.<\/p>\n<p class=\"paragraph\">Raivoa lis\u00e4\u00e4v\u00e4t my\u00f6s koko ajan paljastuvat yksityiskohdat rikosten kyynisyydest\u00e4.<\/p>\n<p class=\"paragraph\">P\u00f6yt\u00e4kirjoissa muun muassa yksi ep\u00e4illyist\u00e4 valittaa selk\u00e4kivuista, jotka johtuvat raskaiden k\u00e4teiskassien raahaamisesta ymp\u00e4ri Kiovaa. Toinen ep\u00e4ilty viittaa siihen, ett\u00e4 olisi \u201drahan tuhlausta\u201d investoida ydinvoimaloiden l\u00e4hell\u00e4 sijaitsevien t\u00e4rkeiden s\u00e4hk\u00f6asemien suojaamiseen.<\/p>\n<p>Elefantti huoneessa<\/p>\n<p class=\"paragraph\">Ukrainan presidentti Volodymyr Zelenskyiin asti paljastukset eiv\u00e4t ulotu. Useat hallitusl\u00e4hteet arvioivat presidentin keskittyneen johtamaan sotatoimia.<\/p>\n<p class=\"paragraph\">Sen sijaan Ukrainan ep\u00e4virallisen kakkosmiehen, presidentinhallinnon p\u00e4\u00e4llik\u00f6n <a href=\"https:\/\/www.iltalehti.fi\/henkilot\/Andriy Yermak\" class=\"article-link-person-page\" rel=\"nofollow noopener\" target=\"_blank\">Andri Jermakin<\/a> kohdalla tilanne on toinen.<\/p>\n<p class=\"paragraph\">UP:n l\u00e4hteiden mukaan juuri Jermak oli kes\u00e4ll\u00e4 Ukrainan korruptionvastaisia viranomaisia vastaan k\u00e4ynnistetyn hy\u00f6kk\u00e4yksen taustalla. Sen tarkoitus oli pys\u00e4ytt\u00e4\u00e4 operaatio Midas, tai ainakin hidastaa tutkintaa niin, ett\u00e4 asia olisi hoidettu tulevaisuudessa pois p\u00e4iv\u00e4j\u00e4rjestyksest\u00e4 ilman suurempaa melua.<\/p>\n<p>Andri Jermakin kerrotaan vastaavan suurelta osin maan hallinnosta ja k\u00e4yt\u00e4nn\u00f6n asioiden hoitamisesta. EPA \/ AOP<\/p>\n<p class=\"paragraph\">\u2013 Jermak on niin vaikutusvaltainen ja syv\u00e4ll\u00e4 maan sis\u00e4isiss\u00e4 asioissa, ett\u00e4 laajamittainen korruptioj\u00e4rjestelm\u00e4 ei voi toimia ilman h\u00e4nen tietoaan asiasta, <a href=\"https:\/\/kyivindependent.com\/who-is-andriy-yermak-and-can-ukraines-new-corruption-scandal-finally-sink-him\/\" target=\"_blank\" rel=\"noopener nofollow\">sanoo<\/a> Ukrainan korruptiontorjuntakeskuksen johtaja <strong>Daria Kalenjuk<\/strong> Kyiv Independentin haastattelussa.<\/p>\n<p class=\"paragraph\">Zelenskyin hallitus on <a href=\"https:\/\/www.pravda.com.ua\/news\/2025\/11\/18\/8007778\/\" target=\"_blank\" rel=\"noopener nofollow\">vaarassa menett\u00e4\u00e4<\/a> parlamentaarisen enemmist\u00f6ns\u00e4 presidentin johtaman Kansan palvelija -puolueen edustajien vaatiessa Jermakin eroa.<\/p>\n<p class=\"paragraph\">\u2013 Jotta presidentti voi todistaa, ettei h\u00e4n ole osa j\u00e4rjestelm\u00e4\u00e4 eik\u00e4 korruptoitunut, h\u00e4nen on p\u00e4\u00e4st\u00e4v\u00e4 eroon koko korruptoituneesta l\u00e4hipiirist\u00e4\u00e4n. Mukaan lukien Jermakista.<\/p>\n<p>Kiireellinen ty\u00f6matka<\/p>\n<p class=\"paragraph\">Toinen kysymysmerkki on Ukrainan entinen puolustusministeri ja nykyinen maan kansallisen turvallisuusneuvoston johtaja <a href=\"https:\/\/www.iltalehti.fi\/henkilot\/Rustem Umerov\" class=\"article-link-person-page\" rel=\"nofollow noopener\" target=\"_blank\">Rustem Umerov<\/a>.<\/p>\n<p class=\"paragraph\">Umerov poistui yll\u00e4tt\u00e4en Ukrainasta ensin kiireelliselle ty\u00f6matkalle Turkkiin ja sen j\u00e4lkeen tapaamaan perhett\u00e4\u00e4n Yhdysvaltoihin.<\/p>\n<p class=\"paragraph\">Ukrainan viranomaiset kiirehtiv\u00e4t ampumaan alas huhut siit\u00e4, ett\u00e4 Umerov ei olisi aikeissa palata matkaltaan.<\/p>\n<p>Rustem Umerovin kerrotaan neuvotelleen Turkissa sotavankien vaihdosta. imago sport<\/p>\n<p class=\"paragraph\">UP:n l\u00e4hteiden mukaan Ukrainan hallinnossa ly\u00f6d\u00e4\u00e4n parhaillaan vetoa siit\u00e4 palaako Umerov en\u00e4\u00e4 maahan vai ei.<\/p>\n<p class=\"paragraph\">Ukrainalaismedia Suspilnen viranomaistietojen <a href=\"https:\/\/suspilne.media\/1166932-sekretar-rnbo-umerov-povernetsa-v-ukrainu-19-listopada\/\" target=\"_blank\" rel=\"noopener nofollow\">mukaan<\/a> Umerovin olisi m\u00e4\u00e4r\u00e4 palata Ukrainaan torstaina 20. marraskuuta.<\/p>\n<p class=\"paragraph\">Zelenskyille, joka nousi valtaan lupauksella kitke\u00e4 maasta korruptio, ei ole l\u00e4hiaikoina luvassa helpotusta.<\/p>\n<p class=\"paragraph\">Tutkinnan uskotaan viev\u00e4n ainakin vuoden. Lis\u00e4ksi l\u00e4hteet korruptionvastaisissa virastoissa kertovat, ett\u00e4 seuraavaksi tutkinta on keskittym\u00e4ss\u00e4 maan puolustussektorille.<\/p>\n<p class=\"paragraph\">Luottamuksen palauttaminen Ukrainan hallintoon tulee olemaan eritt\u00e4in vaikeaa.<\/p>\n<p class=\"paragraph\">L\u00e4nsimaiden sotilaallinen apu Ukrainalle on jo valmiiksi romahtanut t\u00e4m\u00e4n vuoden syksyll\u00e4 yli 40 prosenttia verrattuna vuoden alkupuoliskoon.<\/p>\n<p class=\"paragraph\">Kannattaa kuitenkin muistaa, ett\u00e4 Ukrainan viranomaiset kykeniv\u00e4t tuomaan  korruption esiin. Ukrainaa ei saa rangaista siit\u00e4, ett\u00e4 sen viranomaiset tekiv\u00e4t ty\u00f6ns\u00e4.<\/p>\n","protected":false},"excerpt":{"rendered":"Ukrainaa ravisteleva korruptioskandaali ei olisi voinut tapahtua maan tulevaisuuden kannalta kriittisemp\u00e4n\u00e4 ajankohtana. Maan hallitus on menett\u00e4m\u00e4ss\u00e4 legitimiteettins\u00e4 ja&hellip;\n","protected":false},"author":2,"featured_media":94518,"comment_status":"","ping_status":"","sticky":false,"template":"","format":"standard","meta":{"footnotes":""},"categories":[14],"tags":[35,22,23,26,27,33,31,30,17,53,24,25,803,28,29,15,18,21,637,38,32,5658,19,20,56,16,59,60,61],"class_list":{"0":"post-94517","1":"post","2":"type-post","3":"status-publish","4":"format-standard","5":"has-post-thumbnail","7":"category-ulkomaat","8":"tag-24h","9":"tag-breaking-news","10":"tag-breakingnews","11":"tag-featured-news","12":"tag-featurednews","13":"tag-fi","14":"tag-finland","15":"tag-finnish","16":"tag-headlines","17":"tag-laki-oikeus-ja-rikos","18":"tag-latest-news","19":"tag-latestnews","20":"tag-levottomuudet-ja-sodat","21":"tag-main-news","22":"tag-mainnews","23":"tag-news","24":"tag-otsikot","25":"tag-paauutiset","26":"tag-politiikka","27":"tag-rikos","28":"tag-suomi","29":"tag-tiedustelu","30":"tag-top-stories","31":"tag-topstories","32":"tag-ulkomaat","33":"tag-uutiset","34":"tag-world","35":"tag-world-news","36":"tag-worldnews"},"share_on_mastodon":{"url":"https:\/\/pubeurope.com\/@fi\/115577452223649496","error":""},"_links":{"self":[{"href":"https:\/\/www.europesays.com\/fi\/wp-json\/wp\/v2\/posts\/94517","targetHints":{"allow":["GET"]}}],"collection":[{"href":"https:\/\/www.europesays.com\/fi\/wp-json\/wp\/v2\/posts"}],"about":[{"href":"https:\/\/www.europesays.com\/fi\/wp-json\/wp\/v2\/types\/post"}],"author":[{"embeddable":true,"href":"https:\/\/www.europesays.com\/fi\/wp-json\/wp\/v2\/users\/2"}],"replies":[{"embeddable":true,"href":"https:\/\/www.europesays.com\/fi\/wp-json\/wp\/v2\/comments?post=94517"}],"version-history":[{"count":0,"href":"https:\/\/www.europesays.com\/fi\/wp-json\/wp\/v2\/posts\/94517\/revisions"}],"wp:featuredmedia":[{"embeddable":true,"href":"https:\/\/www.europesays.com\/fi\/wp-json\/wp\/v2\/media\/94518"}],"wp:attachment":[{"href":"https:\/\/www.europesays.com\/fi\/wp-json\/wp\/v2\/media?parent=94517"}],"wp:term":[{"taxonomy":"category","embeddable":true,"href":"https:\/\/www.europesays.com\/fi\/wp-json\/wp\/v2\/categories?post=94517"},{"taxonomy":"post_tag","embeddable":true,"href":"https:\/\/www.europesays.com\/fi\/wp-json\/wp\/v2\/tags?post=94517"}],"curies":[{"name":"wp","href":"https:\/\/api.w.org\/{rel}","templated":true}]}}