{"id":94562,"date":"2025-11-19T18:19:14","date_gmt":"2025-11-19T18:19:14","guid":{"rendered":"https:\/\/www.europesays.com\/fi\/94562\/"},"modified":"2025-11-19T18:19:14","modified_gmt":"2025-11-19T18:19:14","slug":"petri-matikainen-kertoo-jypin-hirmuvireesta","status":"publish","type":"post","link":"https:\/\/www.europesays.com\/fi\/94562\/","title":{"rendered":"Petri Matikainen kertoo JYPin hirmuvireest\u00e4"},"content":{"rendered":"<p>JYP on noussut Petri Matikaisen komennossa SM-liigan pohjalta suoraan vahvaksi mestariehdokkaaksi. Joukkue on viel\u00e4 saamassa kovan luokan vahvistuksen viel\u00e4 t\u00e4ll\u00e4 viikolla.<\/p>\n<p>Lue tiivistelm\u00e4<\/p>\n<p>Tiivistelm\u00e4 on teko\u00e4lyn tekem\u00e4 ja ihmisen tarkistama.<\/p>\n<p class=\"article-body mb-nof-24 px-nof-16 sndp-summary-bullet-point-font\">Jyv\u00e4skyl\u00e4n JYP on noussut p\u00e4\u00e4valmentaja Petri Matikaisen johdolla SM-liigan pohjalta sarjan k\u00e4rkeen ja mestariehdokkaaksi.<\/p>\n<p class=\"article-body mb-nof-24 px-nof-16 sndp-summary-bullet-point-font\">Joukkueella on liigan paras pistekeskiarvo ja eniten tehtyj\u00e4 maaleja ottelua kohden.<\/p>\n<p class=\"article-body mb-nof-24 px-nof-16 sndp-summary-bullet-point-font\">Erikoisista valmennusmetodeistaan tunnettu Matikainen korostaa nyt rohkeuden ja heitt\u00e4ytymiskyvyn merkityst\u00e4.<\/p>\n<p class=\"article-body mb-nof-24 px-nof-16 sndp-summary-bullet-point-font\">JYPin yleis\u00f6keskiarvo on noussut korkeimmaksi Jyv\u00e4skyl\u00e4ss\u00e4 sitten mestaruuskauden 2011\u201312.<\/p>\n<p class=\"article-body mb-nof-24 px-nof-16\">Tajuton fakta heti k\u00e4rkeen: Jyv\u00e4skyl\u00e4n JYP on t\u00e4ll\u00e4 hetkell\u00e4 SM-liigan paras joukkue. Siis yksi suurimmista mestarisuosikeista.<\/p>\n<p class=\"article-body mb-nof-24 px-nof-16\">Tajuton siksi, ettei t\u00e4m\u00e4 joukkue ole pelannut koko vuosikymmenell\u00e4 kertaakaan edes pudotuspeleiss\u00e4.<\/p>\n<p class=\"article-body mb-nof-24 px-nof-16\">Eik\u00e4 kyse ole edes mielipiteest\u00e4. JYPill\u00e4 on paitsi SM-liigan paras pistekeskiarvo (2,2\/o), my\u00f6s selv\u00e4sti eniten tehtyj\u00e4 maaleja (4,1\/o).<\/p>\n<p class=\"article-body mb-nof-24 px-nof-16\">Mit\u00e4 ihmett\u00e4 Jyv\u00e4skyl\u00e4ss\u00e4 tapahtuu?<\/p>\n<p class=\"article-body mb-nof-24 px-nof-16\">\u2013 Pit\u00e4\u00e4 olla tyytyv\u00e4inen poikiin, ett\u00e4 miten he laittavat itse\u00e4\u00e4n likoon. Olemme olleet syksyn mittaan todella yhten\u00e4inen ryhm\u00e4, JYPin sensaatiok\u00e4skij\u00e4 <a class=\"article-personlink\" href=\"https:\/\/www.is.fi\/haku\/?query=Petri%20Matikainen\" rel=\"nofollow noopener\" target=\"_blank\">Petri Matikainen<\/a> toteaa rauhallisesti.<\/p>\n<p class=\"article-body mb-nof-24 px-nof-16\">Yksi suurimmista syist\u00e4 JYPin rakettimaiseen nousuun on ilman muuta konkarivalmentaja Matikainen itse, joka saapui t\u00e4ksi kaudeksi joukkueen penkin taakse.<\/p>\n<p class=\"article-body mb-nof-24 px-nof-16\">\u2013 Ei t\u00e4m\u00e4 mik\u00e4\u00e4n mun juttu ole. Min\u00e4 olen vain yksi osa t\u00e4t\u00e4 koneistoa, Matikainen kuittaa.<\/p>\n<p class=\"article-body mb-nof-24 px-nof-16\">\u2013 Meill\u00e4 on my\u00f6s tosi hyv\u00e4 valmennustiimi, koko staffi ja huolto. Me olemme perhe ja rehellisi\u00e4 toisillemme. Meill\u00e4 on oma juttu, ja koko organisaatio ihan urheilujohtajasta l\u00e4htien on samassa veneess\u00e4.<\/p>\n<p><img decoding=\"async\" src=\"https:\/\/www.europesays.com\/fi\/wp-content\/uploads\/2025\/11\/1763576353_320_468.jpg\" alt=\"JYP on noussut Petri Matikaisen komennossa nopeasti aivan uuteen kukoistukseen.\" class=\"_Img_1rerz_1\" style=\"aspect-ratio:1.5011727912431587\" loading=\"eager\"\/><\/p>\n<p class=\"article-picture-caption\">JYP on noussut Petri Matikaisen komennossa nopeasti aivan uuteen kukoistukseen. Kuva:\u00a0Vesa P\u00f6pp\u00f6nen \/ All Over Press<\/p>\n<p class=\"article-body mb-nof-24 px-nof-16\">Pelaajiston ja Matikaisen lis\u00e4ksi paljon kehuja erityisesti kiekkobisneksen kulisseissa on ker\u00e4nnyt JYPin uudehko urheilujohtaja <a class=\"article-personlink\" href=\"https:\/\/www.is.fi\/haku\/?query=Simo%20M%C3%A4lki%C3%A4\" rel=\"nofollow noopener\" target=\"_blank\">Simo M\u00e4lki\u00e4<\/a>, jonka seura v\u00e4rv\u00e4si viime kaudeksi HIFK:n organisaatiosta.<\/p>\n<p class=\"article-body mb-nof-24 px-nof-16\">JYPill\u00e4 on nyt kasassa niin laadukas joukkue, ettei sarjan k\u00e4rkip\u00e4\u00e4ss\u00e4 keikkuminen olekaan siihen n\u00e4hden edes suuri yll\u00e4tys.<\/p>\n<p class=\"article-body mb-nof-24 px-nof-16\">Alkukaudella suurimman valokeilan on ker\u00e4nnyt kapteeni <a class=\"article-personlink\" href=\"https:\/\/www.is.fi\/haku\/?query=Jere%20Lassilan\" rel=\"nofollow noopener\" target=\"_blank\">Jere Lassilan<\/a> johtama superketju, jonka laidoilla viilett\u00e4v\u00e4t kultakyp\u00e4r\u00e4 <a class=\"article-personlink\" href=\"https:\/\/www.is.fi\/haku\/?query=Santeri%20Huovila\" rel=\"nofollow noopener\" target=\"_blank\">Santeri Huovila<\/a> ja liigan maalip\u00f6rssin ykk\u00f6snimi <a class=\"article-personlink\" href=\"https:\/\/www.is.fi\/haku\/?query=Leevi%20Tukiainen\" rel=\"nofollow noopener\" target=\"_blank\">Leevi Tukiainen<\/a>.<\/p>\n<p class=\"article-body mb-nof-24 px-nof-16\">JYPin tulivoimasta kertoo kuitenkin paljon, ett\u00e4 koko liigan maalip\u00f6rssiss\u00e4 kakkosena on joukkueen kolmosketjun laituri <a class=\"article-personlink\" href=\"https:\/\/www.is.fi\/haku\/?query=Valtteri%20Ojantakanen\" rel=\"nofollow noopener\" target=\"_blank\">Valtteri Ojantakanen<\/a> \u2013 joka on nelj\u00e4n edellisen kauden ajalta koko SM-liigan kovin maalintekij\u00e4.<\/p>\n<p><img decoding=\"async\" src=\"https:\/\/www.europesays.com\/fi\/wp-content\/uploads\/2025\/11\/1763576353_450_468.jpg\" alt=\"JYP on takonut alkukaudella keskim\u00e4\u00e4rin yli nelj\u00e4 maalia ottelua kohden.\" class=\"_Img_1rerz_1\" style=\"aspect-ratio:1.5011727912431587\" loading=\"eager\"\/><\/p>\n<p class=\"article-picture-caption\">JYP on takonut alkukaudella keskim\u00e4\u00e4rin yli nelj\u00e4 maalia ottelua kohden. Kuva:\u00a0Vesa P\u00f6pp\u00f6nen \/ All Over Press<\/p>\n<p class=\"article-body mb-nof-24 px-nof-16\">Eik\u00e4 JYP ole viel\u00e4 edes saanut kaikkea potentiaaliaan k\u00e4ytt\u00f6\u00f6n.<\/p>\n<p class=\"article-body mb-nof-24 px-nof-16\">\u2013 Kyll\u00e4 t\u00e4ss\u00e4 on vaikka miten paljon viel\u00e4 kirist\u00e4misen varaa. Kaikkihan n\u00e4ille pojille on mahdollista.<\/p>\n<p class=\"article-body mb-nof-24 px-nof-16\">\u2013 Haaveilla saa ja unelmia pit\u00e4\u00e4 olla, mutta pit\u00e4\u00e4 my\u00f6s muistaa olla hetkess\u00e4 kiinni hyv\u00e4ll\u00e4 fiilingill\u00e4.<\/p>\n<p class=\"article-body mb-nof-24 px-nof-16\">Erikseen Matikainen haluaa suitsuttaa NHL-konkari <a class=\"article-personlink\" href=\"https:\/\/www.is.fi\/haku\/?query=Sami%20Vatasta\" rel=\"nofollow noopener\" target=\"_blank\">Sami Vatasta<\/a> \u2013 jolta ei varmastikaan ole viel\u00e4 syksyll\u00e4 n\u00e4hty edes parasta pelivirett\u00e4.<\/p>\n<p class=\"article-body mb-nof-24 px-nof-16\">\u2013 Vadun merkitys on iso. Se rentous ja voittamisen halu. Ja t\u00e4ysin tasap\u00e4inen suhtautuminen joukkueen muihin kavereihin. Se on ihailtavaa, siis todella ihailtavaa, Matikainen hehkuttaa jopa hieman tunteen vallassa.<\/p>\n<p class=\"article-body mb-nof-24 px-nof-16\">Eik\u00e4 JYP ole viel\u00e4 koko kaudella edes saanut k\u00e4ytt\u00f6\u00f6ns\u00e4 toista kiekollista huippupuolustajaansa, koko liigan viime kauden peliaikakuningasta <a class=\"article-personlink\" href=\"https:\/\/www.is.fi\/haku\/?query=Teemu%20Erosta\" rel=\"nofollow noopener\" target=\"_blank\">Teemu Erosta<\/a>.<\/p>\n<p class=\"article-body mb-nof-24 px-nof-16\">Matikainen kertoo, ett\u00e4 Eronen on kuitenkin jo kuntoutunut syksyn vammastaan.<\/p>\n<p class=\"article-body mb-nof-24 px-nof-16\">\u2013 Teemuhan olisi ollut jo viime viikon KalPa-peleiss\u00e4 kokoonpanossa, mutta meill\u00e4 on t\u00e4t\u00e4 flunssa-aaltoa ollut nyt pirusti. \u00c4iji\u00e4 tippui jo viime viikolla valtava kasa, ja t\u00e4ll\u00e4 viikolla on tippunut lis\u00e4\u00e4, mutta yrit\u00e4mme nyt saada rivit kuntoon.<\/p>\n<p><img decoding=\"async\" src=\"https:\/\/www.europesays.com\/fi\/wp-content\/uploads\/2025\/11\/1763576354_806_468.jpg\" alt=\"Leevi Tukiainen on s\u00e4ken\u00f6inyt JYPin suurimpana t\u00e4hten\u00e4. H\u00e4n on paukuttanut kauden 20 liigapeliin 18 maalia.\" class=\"_Img_1rerz_1\" style=\"aspect-ratio:1.5011727912431587\" loading=\"eager\"\/><\/p>\n<p class=\"article-picture-caption\">Leevi Tukiainen on s\u00e4ken\u00f6inyt JYPin suurimpana t\u00e4hten\u00e4. H\u00e4n on paukuttanut kauden 20 liigapeliin 18 maalia. Kuva:\u00a0Vesa P\u00f6pp\u00f6nen \/ All Over Press<\/p>\n<p class=\"article-body mb-nof-24 px-nof-16\">Kuten valtaisat maalim\u00e4\u00e4r\u00e4t kuvaavat, JYPin pelaamista on t\u00e4ll\u00e4 kaudella leimannut raikas hy\u00f6kk\u00e4yspelaaminen. Ahnaasti ja rohkeasti mutta samalla yhten\u00e4isesti pelaavan joukkueen ottelut ovat \u00e4ityneet monena iltana maalikarkeloiksi \u2013 jotka JYP useimmiten voittaa.<\/p>\n<p class=\"article-body mb-nof-24 px-nof-16\">Ero entisaikojen menestys-JYPin \u201dtraktorikiekkoon\u201d on suuri.<\/p>\n<p class=\"article-body mb-nof-24 px-nof-16\">\u2013 Meid\u00e4n pelaajilla on tietyt vapaudet toimia, kunhan ei s\u00e4rje joukkuetta. Ty\u00f6teli\u00e4s pit\u00e4\u00e4 olla.<\/p>\n<p class=\"article-body mb-nof-24 px-nof-16\">\u2013 Sanoisin, ett\u00e4 meill\u00e4 on vaativa mutta samalla inhimillinen ja rakastava ote pelaajia kohtaan. Se on tuottanut t\u00e4ll\u00e4 hetkell\u00e4 t\u00e4llaisen tuloksen.<\/p>\n<p class=\"article-body mb-nof-24 px-nof-16\">Jyv\u00e4skyl\u00e4\u00e4n on syttynyt syksyn aikana pitk\u00e4st\u00e4 aikaa my\u00f6s kiekkobuumi, ja vanha Hippos on natissut liitoksistaan. JYPin t\u00e4h\u00e4nastinen yleis\u00f6keskiarvo 3937 on korkein Jyv\u00e4skyl\u00e4ss\u00e4 sitten mestaruuskauden 2011\u201312.<\/p>\n<p><img decoding=\"async\" src=\"https:\/\/www.europesays.com\/fi\/wp-content\/uploads\/2025\/11\/1763576354_102_468.jpg\" alt=\"T\u00e4yten\u00e4 notkuva Hippos on saanut nauttia alkukaudella melkoisista n\u00e4ytelmist\u00e4.\" class=\"_Img_1rerz_1\" style=\"aspect-ratio:1.5\" loading=\"eager\"\/><\/p>\n<p class=\"article-picture-caption\">T\u00e4yten\u00e4 notkuva Hippos on saanut nauttia alkukaudella melkoisista n\u00e4ytelmist\u00e4. Kuva:\u00a0Vesa P\u00f6pp\u00f6nen \/ All Over Press<\/p>\n<p class=\"article-body mb-nof-24 px-nof-16\">Matikainen puhuu toistuvasti my\u00f6s pelaajiensa rohkeudesta ja heitt\u00e4ytymiskyvyst\u00e4. Se vaikuttaa olevan nyt h\u00e4nen valmennusfilosofiansa johtava ajatus.<\/p>\n<p class=\"article-body mb-nof-24 px-nof-16\">\u2013 T\u00e4m\u00e4h\u00e4n on v\u00e4h\u00e4n kuin rohkeusbisnes. Me haluamme olla, millaisia olemme. Niin min\u00e4 sen koen. Emme me matki ket\u00e4\u00e4n tai katso, miten muut tekev\u00e4t.<\/p>\n<p class=\"article-body mb-nof-24 px-nof-16\">\u2013 Minulle voittaminen on sit\u00e4, ett\u00e4 riisut tai pikemminkin avaat henkisesti itsesi ja uskallat olla, mit\u00e4 haluat olla. Ja jokainen joukkueessa uskaltaisi olla.<\/p>\n<p class=\"article-body mb-nof-24 px-nof-16\">Matikainen ei ole tavallinen j\u00e4\u00e4kiekkovalmentaja. H\u00e4nen vuosien saatossa k\u00e4ytt\u00e4mist\u00e4\u00e4n metodeista liikkuu v\u00e4rikk\u00e4it\u00e4 tarinoita yht\u00e4 paljon kuin on kertojiakin.<\/p>\n<p class=\"article-body mb-nof-24 px-nof-16\">Milloin h\u00e4n on her\u00e4tellyt joukkuettaan tuomalla moottorisahan pukukoppiin, milloin jakanut pelaajilleen pikkulasten leikkiautot ja k\u00e4skenyt n\u00e4iden leikki\u00e4 yhdess\u00e4 pukukopin lattialle tuomallaan lastenhuoneen leikkimatolla.<\/p>\n<p class=\"article-body mb-nof-24 px-nof-16\">\u2013 Olen t\u00e4ysin hervoton ja h\u00e4pe\u00e4m\u00e4t\u00f6n, kun olen t\u00f6iss\u00e4. Yrit\u00e4n kaikkeni, eik\u00e4 minulla ole mit\u00e4\u00e4n h\u00e4pe\u00e4\u00e4. Minulle on ihan sama, mit\u00e4 jotkut puhuvat tai kyseenalaistavat keinojani, Matikainen sanoi ennen kuluvan kauden alkua.<\/p>\n<p class=\"article-body mb-nof-24 px-nof-16\">\u2013 Menemme helvetinmoisen sumun l\u00e4pi. Viisi j\u00e4tk\u00e4\u00e4 hy\u00f6kk\u00e4\u00e4, mutta he eiv\u00e4t tied\u00e4 mit\u00e4 edess\u00e4 on. Silti olemme kimpassa ja uskallamme menn\u00e4 sinne, minne emme ole aiemmin uskaltaneet menn\u00e4, h\u00e4n jatkoi tuolloin selostaen JYPin alkanutta matkaa kohti suurta tuntematonta.<\/p>\n<p class=\"article-body mb-nof-24 px-nof-16\">Nyt vaikuttaa vahvasti silt\u00e4, ett\u00e4 erikoismies Matikainen on saanut koko JYPin heitt\u00e4ytym\u00e4\u00e4n kanssaan sumun keskelle.<\/p>\n<p class=\"article-body mb-nof-24 px-nof-16\">\u2013 Tykk\u00e4\u00e4n n\u00e4ist\u00e4 pojista. He suorittavat ja harjoittelevat todella hyvin ja ovat toistensa kanssa hyv\u00e4\u00e4 pataa, Matikainen sanoo JYPin pelaajiin viitaten.<\/p>\n<p class=\"article-body mb-nof-24 px-nof-16\">\u2013 En min\u00e4 oikeastaan olen juuri seurannut sarjataulukkoa tai sit\u00e4, miss\u00e4 me siin\u00e4 menemme. Enk\u00e4 ajattele viel\u00e4k\u00e4\u00e4n. Ihan p\u00e4iv\u00e4 kerrallaan t\u00e4ss\u00e4 oikeasti menn\u00e4\u00e4n. Lopputulos ja sijoitus sitten m\u00e4\u00e4r\u00e4ytyy sen mukaan.<\/p>\n<p class=\"article-body mb-nof-24 px-nof-16\">Alun perin Matikaisen sopimus JYPin kanssa kattoi vain yhden kauden. Hiljattain h\u00e4n kuitenkin teki ensi kauden kattavan jatkosopimuksen.<\/p>\n<p class=\"article-body mb-nof-24 px-nof-16\">\u2013 N\u00e4m\u00e4 ovat niin hyvi\u00e4 poikia, ett\u00e4 enh\u00e4n min\u00e4 voi t\u00e4t\u00e4 kesken j\u00e4tt\u00e4\u00e4. Organisaatiokin on ollut tosi hyv\u00e4 minulle. Olen saanut olla oma itseni.<\/p>\n","protected":false},"excerpt":{"rendered":"JYP on noussut Petri Matikaisen komennossa SM-liigan pohjalta suoraan vahvaksi mestariehdokkaaksi. Joukkue on viel\u00e4 saamassa kovan luokan vahvistuksen&hellip;\n","protected":false},"author":2,"featured_media":94563,"comment_status":"","ping_status":"","sticky":false,"template":"","format":"standard","meta":{"footnotes":""},"categories":[158],"tags":[33,31,30,34,159,32,160],"class_list":{"0":"post-94562","1":"post","2":"type-post","3":"status-publish","4":"format-standard","5":"has-post-thumbnail","7":"category-urheilu","8":"tag-fi","9":"tag-finland","10":"tag-finnish","11":"tag-ilta-sanomat","12":"tag-sports","13":"tag-suomi","14":"tag-urheilu"},"share_on_mastodon":{"url":"https:\/\/pubeurope.com\/@fi\/115577747599438457","error":""},"_links":{"self":[{"href":"https:\/\/www.europesays.com\/fi\/wp-json\/wp\/v2\/posts\/94562","targetHints":{"allow":["GET"]}}],"collection":[{"href":"https:\/\/www.europesays.com\/fi\/wp-json\/wp\/v2\/posts"}],"about":[{"href":"https:\/\/www.europesays.com\/fi\/wp-json\/wp\/v2\/types\/post"}],"author":[{"embeddable":true,"href":"https:\/\/www.europesays.com\/fi\/wp-json\/wp\/v2\/users\/2"}],"replies":[{"embeddable":true,"href":"https:\/\/www.europesays.com\/fi\/wp-json\/wp\/v2\/comments?post=94562"}],"version-history":[{"count":0,"href":"https:\/\/www.europesays.com\/fi\/wp-json\/wp\/v2\/posts\/94562\/revisions"}],"wp:featuredmedia":[{"embeddable":true,"href":"https:\/\/www.europesays.com\/fi\/wp-json\/wp\/v2\/media\/94563"}],"wp:attachment":[{"href":"https:\/\/www.europesays.com\/fi\/wp-json\/wp\/v2\/media?parent=94562"}],"wp:term":[{"taxonomy":"category","embeddable":true,"href":"https:\/\/www.europesays.com\/fi\/wp-json\/wp\/v2\/categories?post=94562"},{"taxonomy":"post_tag","embeddable":true,"href":"https:\/\/www.europesays.com\/fi\/wp-json\/wp\/v2\/tags?post=94562"}],"curies":[{"name":"wp","href":"https:\/\/api.w.org\/{rel}","templated":true}]}}