{"id":94594,"date":"2025-11-19T19:04:11","date_gmt":"2025-11-19T19:04:11","guid":{"rendered":"https:\/\/www.europesays.com\/fi\/94594\/"},"modified":"2025-11-19T19:04:11","modified_gmt":"2025-11-19T19:04:11","slug":"tiesitko-tata-tama-90-luvun-kulttielokuva-sai-milla-jovovichin-lopettamaan-nayttelemisen","status":"publish","type":"post","link":"https:\/\/www.europesays.com\/fi\/94594\/","title":{"rendered":"Tiesitk\u00f6 t\u00e4t\u00e4? T\u00e4m\u00e4 90-luvun kulttielokuva sai Milla Jovovichin lopettamaan n\u00e4yttelemisen"},"content":{"rendered":"<p>Indie-is\u00e4 <strong>Richard Linklaterin<\/strong> vuonna 1993 ensi-iltansa saanut Dazed and Confused -hengailuklassikko oli niin t\u00e4ynn\u00e4 hahmoja, ettei kaikille riitt\u00e4nyt aikaa kankaalla. N\u00e4in k\u00e4vi esimerkiksi Resident Evil -t\u00e4hti <strong>Milla Jovovichille<\/strong>, joka joutui pettym\u00e4\u00e4n valmiin elokuvan n\u00e4hdess\u00e4\u00e4n.<\/p>\n<p>Lue my\u00f6s: <a href=\"https:\/\/www.episodi.fi\/uutiset\/tiesitko-tata-bruce-willisin-90-luvun-hittielokuva-sai-alkunsa-16-vuotiaan-kynasta\/\" title=\"Tiesitk\u00f6 t\u00e4t\u00e4? Bruce Willisin 90-luvun hittielokuva sai alkunsa 16-vuotiaan kyn\u00e4st\u00e4\" class=\"underline-custom !font-montserrat !font-bold !underline-offset-4 !decoration-4 !decoration-episodi-blue !text-md\" rel=\"nofollow noopener\" target=\"_blank\">Tiesitk\u00f6 t\u00e4t\u00e4? Bruce Willisin 90-luvun hittielokuva sai alkunsa 16-vuotiaan kyn\u00e4st\u00e4<\/a><\/p>\n<p>Vaikka Jovovich oli merkitt\u00e4v\u00e4ss\u00e4 roolissa elokuvan julisteissa ja markkinointimateriaaleissa, j\u00e4i suurin osa h\u00e4nen hahmonsa kohtauksista leikkaushuoneen lattialle. Jovovichin hahmolla oli oma pieni tarinansa, mutta kun elokuvaa jouduttiin lyhent\u00e4m\u00e4\u00e4n sen alkuper\u00e4isest\u00e4 165 minuutin kestosta siedett\u00e4v\u00e4mp\u00e4\u00e4n 102 minuuttiin, sai Jovovich tyyty\u00e4 pariin minuuttiin ja muutaman repliikkiin.<\/p>\n<p>Jovovichin sanotaan olleen varsin tyytym\u00e4t\u00f6n lopputulokseen \u2013 jopa sen verran, ett\u00e4 h\u00e4n p\u00e4\u00e4tti laittaa n\u00e4yttelij\u00e4nuransa j\u00e4\u00e4hylle keskitty\u00e4kseen musiikkiinsa. Jovovich palasi elokuviin vasta vuonna 1997, jolloin<strong> Luc Bessonin <\/strong>The Fifth Element -elokuvan toinen p\u00e4\u00e4osa nosti n\u00e4yttelij\u00e4n uran uudelle tasolle.<\/p>\n<p>L\u00e4hde: <a href=\"https:\/\/screenrant.com\/dazed-and-confused-behind-the-scenes-facts-trivia\/\" rel=\"nofollow noopener\" target=\"_blank\">Screen Rant<\/a><\/p>\n<p>Lue my\u00f6s: <a href=\"https:\/\/www.episodi.fi\/uutiskirje\/?uutiskirjemainos=tekstilinkkimainos\" title=\"Tilaa Episodin uutiskirje ja voit voittaa leffalippuja! Nappaa tv-vinkit suoraan s\u00e4hk\u00f6postiin t\u00e4st\u00e4.\" class=\"underline-custom !font-montserrat !font-bold !underline-offset-4 !decoration-4 !decoration-episodi-blue !text-md\" rel=\"nofollow noopener\" target=\"_blank\">Tilaa Episodin uutiskirje ja voit voittaa leffalippuja! Nappaa katseluvinkit suoraan s\u00e4hk\u00f6postiin t\u00e4st\u00e4.<\/a><\/p>\n","protected":false},"excerpt":{"rendered":"Indie-is\u00e4 Richard Linklaterin vuonna 1993 ensi-iltansa saanut Dazed and Confused -hengailuklassikko oli niin t\u00e4ynn\u00e4 hahmoja, ettei kaikille riitt\u00e4nyt&hellip;\n","protected":false},"author":2,"featured_media":94595,"comment_status":"","ping_status":"","sticky":false,"template":"","format":"standard","meta":{"footnotes":""},"categories":[136],"tags":[407,137,33,31,30,408,32,109],"class_list":{"0":"post-94594","1":"post","2":"type-post","3":"status-publish","4":"format-standard","5":"has-post-thumbnail","7":"category-julkkikset","8":"tag-celebrities","9":"tag-entertainment","10":"tag-fi","11":"tag-finland","12":"tag-finnish","13":"tag-julkkikset","14":"tag-suomi","15":"tag-viihde"},"share_on_mastodon":{"url":"https:\/\/pubeurope.com\/@fi\/115577924036531796","error":""},"_links":{"self":[{"href":"https:\/\/www.europesays.com\/fi\/wp-json\/wp\/v2\/posts\/94594","targetHints":{"allow":["GET"]}}],"collection":[{"href":"https:\/\/www.europesays.com\/fi\/wp-json\/wp\/v2\/posts"}],"about":[{"href":"https:\/\/www.europesays.com\/fi\/wp-json\/wp\/v2\/types\/post"}],"author":[{"embeddable":true,"href":"https:\/\/www.europesays.com\/fi\/wp-json\/wp\/v2\/users\/2"}],"replies":[{"embeddable":true,"href":"https:\/\/www.europesays.com\/fi\/wp-json\/wp\/v2\/comments?post=94594"}],"version-history":[{"count":0,"href":"https:\/\/www.europesays.com\/fi\/wp-json\/wp\/v2\/posts\/94594\/revisions"}],"wp:featuredmedia":[{"embeddable":true,"href":"https:\/\/www.europesays.com\/fi\/wp-json\/wp\/v2\/media\/94595"}],"wp:attachment":[{"href":"https:\/\/www.europesays.com\/fi\/wp-json\/wp\/v2\/media?parent=94594"}],"wp:term":[{"taxonomy":"category","embeddable":true,"href":"https:\/\/www.europesays.com\/fi\/wp-json\/wp\/v2\/categories?post=94594"},{"taxonomy":"post_tag","embeddable":true,"href":"https:\/\/www.europesays.com\/fi\/wp-json\/wp\/v2\/tags?post=94594"}],"curies":[{"name":"wp","href":"https:\/\/api.w.org\/{rel}","templated":true}]}}