{"id":94600,"date":"2025-11-19T19:11:09","date_gmt":"2025-11-19T19:11:09","guid":{"rendered":"https:\/\/www.europesays.com\/fi\/94600\/"},"modified":"2025-11-19T19:11:09","modified_gmt":"2025-11-19T19:11:09","slug":"eetu-luostarisen-paluu-nhl-kaukaloon-venyy-syyna-grillatessa-kaynyt-onnettomuus-urheilua-lyhyesti","status":"publish","type":"post","link":"https:\/\/www.europesays.com\/fi\/94600\/","title":{"rendered":"Eetu Luostarisen paluu NHL-kaukaloon venyy \u2013 syyn\u00e4 grillatessa k\u00e4ynyt onnettomuus | Urheilua lyhyesti"},"content":{"rendered":"<p class=\"aw-1gybjub aw-5vja16 kEtdKx kmuxyA yle__article__paragraph\">J\u00e4\u00e4kiekkojoukkue Florida Panthersin p\u00e4\u00e4valmentajan mukaan suomalaishy\u00f6kk\u00e4\u00e4j\u00e4 on saanut grillatessa tapahtuneessa onnettomuudessa palovammoja.<\/p>\n<p><img decoding=\"async\" alt=\"Eetu Luostarinen firar sitt m\u00e5l.\" src=\"https:\/\/www.europesays.com\/fi\/wp-content\/uploads\/2025\/11\/39-153253868df76ae7abb3.jpeg\" class=\"aw-1l9m598 hKVVvP\"\/><\/p>\n<p>Avaa kuvien katselu<\/p>\n<p>Eetu Luostarinen on aloittanut NHL-kauden lupaavasti. H\u00e4nen toipumistaan seurataan viikko viikolta. Kuva: Nathan Ray \/ AOP<\/p>\n<p>20:08\u2022P\u00e4ivitetty 20:17<\/p>\n<p class=\"aw-1gybjub aw-1p7kakr kEtdKx cEmitX yle__article__paragraph\">Florida Panthersin suomalaishy\u00f6kk\u00e4\u00e4j\u00e4 <strong class=\"aw-ak79eh KyCXm yle__article__strong\">Eetu Luostarisen<\/strong> paluu NHL-kaukaloihin venyy.<\/p>\n<p class=\"aw-1gybjub aw-1p7kakr kEtdKx cEmitX yle__article__paragraph\">Panthersin p\u00e4\u00e4valmentaja <strong class=\"aw-ak79eh KyCXm yle__article__strong\">Paul Maurice<\/strong> kertoo kertoo NHL:n <a class=\"aw-iao6s4 iHOxEa yle__article__link\" href=\"https:\/\/www.nhl.com\/news\/nhl-status-report-new-and-notes-november-19-2025\" role=\"link\" rel=\"nofollow noopener\" target=\"_blank\">verkkosivuilla<\/a>, ett\u00e4 Luostarisen vammaa arvioidaan viikko viikolta. Mauricen mukaan Luostarinen on saanut palovammoja grillatessa tapahtuneessa onnettomuudessa.<\/p>\n<p class=\"aw-1gybjub aw-1p7kakr kEtdKx cEmitX yle__article__paragraph\">Panthersin mediavastaavan <strong class=\"aw-ak79eh KyCXm yle__article__strong\">Jameson Oliven<\/strong> mukaan Luostarisen paluu riippuu paljon siit\u00e4, milloin h\u00e4n pystyy pukemaan j\u00e4\u00e4kiekkovarusteet p\u00e4\u00e4lleen. Oliven mukaan hyv\u00e4 asia on, ett\u00e4 Luostarisen ei ole tarvinnut y\u00f6py\u00e4 y\u00f6n yli sairaalassa tapahtuneen vuoksi.<\/p>\n<p class=\"aw-1gybjub aw-1p7kakr kEtdKx cEmitX yle__article__paragraph\">Luostarinen on ker\u00e4nnyt t\u00e4ll\u00e4 kaudella 18 ottelussa 10 tehopistett\u00e4 tehden kolme maalia ja sy\u00f6tt\u00e4en seitsem\u00e4n.<\/p>\n<p class=\"aw-1gybjub aw-1p7kakr kEtdKx cEmitX yle__article__paragraph\">Joukkue tiedotti aiemmin t\u00e4ll\u00e4 viikolla, ett\u00e4 Luostarinen k\u00e4rsii alavartalovammasta.<\/p>\n<p class=\"aw-1gybjub aw-1p7kakr kEtdKx cEmitX yle__article__paragraph\">P\u00e4\u00e4valmentaja Mauricella oli my\u00f6s lis\u00e4\u00e4 huonoja uutisia. Joukkueen hy\u00f6kk\u00e4\u00e4j\u00e4 <strong class=\"aw-ak79eh KyCXm yle__article__strong\">Cole Schwindt<\/strong> on poissa tositoimista todenn\u00e4k\u00f6isesti kahdesta kolmeen kuukautta. Schwindt joutuu k\u00e4sileikkaukseen.<\/p>\n","protected":false},"excerpt":{"rendered":"J\u00e4\u00e4kiekkojoukkue Florida Panthersin p\u00e4\u00e4valmentajan mukaan suomalaishy\u00f6kk\u00e4\u00e4j\u00e4 on saanut grillatessa tapahtuneessa onnettomuudessa palovammoja. Avaa kuvien katselu Eetu Luostarinen on&hellip;\n","protected":false},"author":2,"featured_media":94601,"comment_status":"","ping_status":"","sticky":false,"template":"","format":"standard","meta":{"footnotes":""},"categories":[158],"tags":[33,31,30,159,32,160],"class_list":{"0":"post-94600","1":"post","2":"type-post","3":"status-publish","4":"format-standard","5":"has-post-thumbnail","7":"category-urheilu","8":"tag-fi","9":"tag-finland","10":"tag-finnish","11":"tag-sports","12":"tag-suomi","13":"tag-urheilu"},"share_on_mastodon":{"url":"https:\/\/pubeurope.com\/@fi\/115577951831429723","error":""},"_links":{"self":[{"href":"https:\/\/www.europesays.com\/fi\/wp-json\/wp\/v2\/posts\/94600","targetHints":{"allow":["GET"]}}],"collection":[{"href":"https:\/\/www.europesays.com\/fi\/wp-json\/wp\/v2\/posts"}],"about":[{"href":"https:\/\/www.europesays.com\/fi\/wp-json\/wp\/v2\/types\/post"}],"author":[{"embeddable":true,"href":"https:\/\/www.europesays.com\/fi\/wp-json\/wp\/v2\/users\/2"}],"replies":[{"embeddable":true,"href":"https:\/\/www.europesays.com\/fi\/wp-json\/wp\/v2\/comments?post=94600"}],"version-history":[{"count":0,"href":"https:\/\/www.europesays.com\/fi\/wp-json\/wp\/v2\/posts\/94600\/revisions"}],"wp:featuredmedia":[{"embeddable":true,"href":"https:\/\/www.europesays.com\/fi\/wp-json\/wp\/v2\/media\/94601"}],"wp:attachment":[{"href":"https:\/\/www.europesays.com\/fi\/wp-json\/wp\/v2\/media?parent=94600"}],"wp:term":[{"taxonomy":"category","embeddable":true,"href":"https:\/\/www.europesays.com\/fi\/wp-json\/wp\/v2\/categories?post=94600"},{"taxonomy":"post_tag","embeddable":true,"href":"https:\/\/www.europesays.com\/fi\/wp-json\/wp\/v2\/tags?post=94600"}],"curies":[{"name":"wp","href":"https:\/\/api.w.org\/{rel}","templated":true}]}}