{"id":94610,"date":"2025-11-19T19:18:11","date_gmt":"2025-11-19T19:18:11","guid":{"rendered":"https:\/\/www.europesays.com\/fi\/94610\/"},"modified":"2025-11-19T19:18:11","modified_gmt":"2025-11-19T19:18:11","slug":"finlandia-talon-seinille-lavahti-erikoinen-naky","status":"publish","type":"post","link":"https:\/\/www.europesays.com\/fi\/94610\/","title":{"rendered":"Finlandia-talon seinille l\u00e4v\u00e4hti erikoinen n\u00e4ky"},"content":{"rendered":"<p>Teknologia- ja kasvuyritystapahtuma Slushin logo valaisi Finlandia-taloa alkuviikosta.<\/p>\n<p><img decoding=\"async\" class=\"image image-show image-preview\" src=\"https:\/\/www.europesays.com\/fi\/wp-content\/uploads\/2025\/11\/d02391a48e474d40dd369bf97fc9ed870c5f3c03b571efbbf32ca4ecb895f9a7.jpg\" alt=\"\"\/><img decoding=\"async\" class=\"image image-show\" src=\"https:\/\/www.europesays.com\/fi\/wp-content\/uploads\/2025\/11\/1763579891_875_d02391a48e474d40dd369bf97fc9ed870c5f3c03b571efbbf32ca4ecb895f9a7.jpg\" alt=\"\"\/><\/p>\n<p>T\u00e4lt\u00e4 valaistu Slushin logo n\u00e4ytti maanantaina Finlandia-talolla. Mari Pudas<\/p>\n<p class=\"paragraph\">Finlandia-talon poikkeuksellinen ulkomuoto on her\u00e4tt\u00e4nyt huomiota t\u00e4ll\u00e4 viikolla aina pime\u00e4n tullen.<\/p>\n<p class=\"paragraph\">Ikoninen rakennus on alkuviikosta valaistu sinis\u00e4vyisesti, ja sit\u00e4 on koristanut valkoinen Slush-teksti.<\/p>\n<p class=\"paragraph\">Kyseess\u00e4 on teknologia- ja kasvuyritystapahtuma<strong> <\/strong>Slushin logo. J\u00e4ttitapahtuma j\u00e4rjestet\u00e4\u00e4n keskiviikkona ja torstaina Helsingin Messukeskuksessa.<\/p>\n<p class=\"paragraph\">Slushin mediavastaava <strong>Nelli Sillanp\u00e4\u00e4n<\/strong> mukaan valospektaakkeli Finlandia-talon ulkopuolella ei ole mainos, vaan Finlandia-talossa j\u00e4rjestettiin tiistaina Slushin tapahtuma.<\/p>\n<p class=\"paragraph\">Slush Investor Day -tapahtumaan osallistui yli 2 000 \u201dhuippuluokan venture-sijoittajaa\u201d, kerrotaan tapahtumakuvauksessa.<\/p>\n<p class=\"paragraph\">\u2013 P\u00e4iv\u00e4 on omistettu korkeatasoisille keskusteluille ja verkostoitumiselle ilman mediaa ja startup-yrityksi\u00e4, vain sijoittajat saman katon alla, kuvauksessa kerrotaan.<\/p>\n<p class=\"paragraph\">Slush ei vastannut, maksoiko valaistun logon toteutus ja valaiseeko logo Finlandia-taloa my\u00f6s loppuviikolla.<\/p>\n<p class=\"paragraph\">J\u00e4lkimm\u00e4iseen kysymykseen saatiin vastaus keskiviikkoiltana. Silloin Finlandia-talo oli jo valaistu legendaarisen saksalaisyhtyeen Kraftwerkin logolla. Yhtye esiintyy Finlandia-talossa torstaina.<\/p>\n","protected":false},"excerpt":{"rendered":"Teknologia- ja kasvuyritystapahtuma Slushin logo valaisi Finlandia-taloa alkuviikosta. T\u00e4lt\u00e4 valaistu Slushin logo n\u00e4ytti maanantaina Finlandia-talolla. Mari Pudas Finlandia-talon&hellip;\n","protected":false},"author":2,"featured_media":94611,"comment_status":"","ping_status":"","sticky":false,"template":"","format":"standard","meta":{"footnotes":""},"categories":[5],"tags":[35,22,23,26,27,33,31,30,17,24,25,28,29,15,18,21,721,544,2407,7926,32,19,20,16134,16],"class_list":{"0":"post-94610","1":"post","2":"type-post","3":"status-publish","4":"format-standard","5":"has-post-thumbnail","7":"category-otsikot","8":"tag-24h","9":"tag-breaking-news","10":"tag-breakingnews","11":"tag-featured-news","12":"tag-featurednews","13":"tag-fi","14":"tag-finland","15":"tag-finnish","16":"tag-headlines","17":"tag-latest-news","18":"tag-latestnews","19":"tag-main-news","20":"tag-mainnews","21":"tag-news","22":"tag-otsikot","23":"tag-paauutiset","24":"tag-rahoitus","25":"tag-rahoitus-ja-kiinteistoala-sektori","26":"tag-sijoittaminen-rahoitus","27":"tag-startup-yritykset","28":"tag-suomi","29":"tag-top-stories","30":"tag-topstories","31":"tag-uudet-yritykset","32":"tag-uutiset"},"share_on_mastodon":{"url":"https:\/\/pubeurope.com\/@fi\/115577979457737792","error":""},"_links":{"self":[{"href":"https:\/\/www.europesays.com\/fi\/wp-json\/wp\/v2\/posts\/94610","targetHints":{"allow":["GET"]}}],"collection":[{"href":"https:\/\/www.europesays.com\/fi\/wp-json\/wp\/v2\/posts"}],"about":[{"href":"https:\/\/www.europesays.com\/fi\/wp-json\/wp\/v2\/types\/post"}],"author":[{"embeddable":true,"href":"https:\/\/www.europesays.com\/fi\/wp-json\/wp\/v2\/users\/2"}],"replies":[{"embeddable":true,"href":"https:\/\/www.europesays.com\/fi\/wp-json\/wp\/v2\/comments?post=94610"}],"version-history":[{"count":0,"href":"https:\/\/www.europesays.com\/fi\/wp-json\/wp\/v2\/posts\/94610\/revisions"}],"wp:featuredmedia":[{"embeddable":true,"href":"https:\/\/www.europesays.com\/fi\/wp-json\/wp\/v2\/media\/94611"}],"wp:attachment":[{"href":"https:\/\/www.europesays.com\/fi\/wp-json\/wp\/v2\/media?parent=94610"}],"wp:term":[{"taxonomy":"category","embeddable":true,"href":"https:\/\/www.europesays.com\/fi\/wp-json\/wp\/v2\/categories?post=94610"},{"taxonomy":"post_tag","embeddable":true,"href":"https:\/\/www.europesays.com\/fi\/wp-json\/wp\/v2\/tags?post=94610"}],"curies":[{"name":"wp","href":"https:\/\/api.w.org\/{rel}","templated":true}]}}