{"id":94613,"date":"2025-11-19T19:31:11","date_gmt":"2025-11-19T19:31:11","guid":{"rendered":"https:\/\/www.europesays.com\/fi\/94613\/"},"modified":"2025-11-19T19:31:11","modified_gmt":"2025-11-19T19:31:11","slug":"kelly-brookin-suhkuhetkea-tosi-tv-ohjelmassa-odotetaan-upeat-luomukurvit","status":"publish","type":"post","link":"https:\/\/www.europesays.com\/fi\/94613\/","title":{"rendered":"Kelly Brookin suhkuhetke\u00e4 tosi-tv-ohjelmassa odotetaan: Upeat luomukurvit"},"content":{"rendered":"<p>            All Over Press\n        <\/p>\n<p class=\"subtitle \">Muistatko Kelly Brookin? Nyt kaunotar ihastuttaa tosi-tv-ohjelmassa.<\/p>\n<p class=\"article-content article-content-width !bg-background\">Brittil\u00e4inen mediapersoona ja malli , 45, puhuttaa parhaillaan suositun tosi-tv-ohjelman tiimoilta.<\/p>\n<p class=\"font-weight-bold m-font-weight-bold article-content article-content-width !bg-background\">Arkistovideolla Kelly Kalonji rannalla:<\/p>\n<p class=\"article-content article-content-width !bg-background\">Lukemattomia kertoja planeetan kauneimpien naisten joukkoon \u00e4\u00e4nestetty Kelly on mukana I\u2019m A Celebrity\u2026 Get Me Out Of Here! -ohjelmassa.<\/p>\n<p class=\"article-content article-content-width !bg-background\">Briteiss\u00e4 suosittu tv-formaatti on n\u00e4hty Suomessakin vuonna 2022.<\/p>\n<p class=\"article-content article-content-width !bg-background\"> ja  is\u00e4nn\u00f6im\u00e4 Olen julkkis&#8230; P\u00e4\u00e4st\u00e4k\u00e4\u00e4 minut pois! ei kuitenkaan ottanut tuulta alleen.<\/p>\n<p>        <a itemprop=\"url\" href=\"https:\/\/www.seiska.fi\/katso\/olen-julkkis-paastakaa-minut-pois-kisassa-syodaan-penista-ja-aivoja-julkkiskaunottaret-yokkivat\/225709\" rel=\"nofollow noopener\" target=\"_blank\"><\/p>\n<p>\ntv\n<\/p>\n<p class=\"section-date\">\n        <strong class=\"article-section\" data-section=\"katso\"><br \/>\n            katso<br \/>\n        <\/strong><br \/>\n        21.1.2022 15:12\n    <\/p>\n<p>Olen julkkis&#8230; P\u00e4\u00e4st\u00e4k\u00e4\u00e4 minut pois! -kisassa sy\u00f6d\u00e4\u00e4n penist\u00e4 ja aivoja: Julkkiskaunottaret y\u00f6kkiv\u00e4t\n    <\/p>\n<p>        <\/a><\/p>\n<p>Kuvataan Australiassa<\/p>\n<p class=\"article-content article-content-width !bg-background\">Mutta maailmalla tosi-tv-sarjalla pyyhkii hyvin. Ohjelma ker\u00e4\u00e4 tuotantokausi toisensa j\u00e4lkeen j\u00e4risytt\u00e4vi\u00e4 katsojam\u00e4\u00e4ri\u00e4.<\/p>\n<p class=\"article-content article-content-width !bg-background\">Tuoreimman tuotantokauden yksi suurimmista t\u00e4hdist\u00e4 on rouva Brook, jonka pelkk\u00e4 saapuminen Australiaan aiheutti mediah\u00e4rdellin.<\/p>\n<p class=\"article-content article-content-width !bg-background\">Aikoinaan \u201dmaailman t\u00e4ydellisimm\u00e4ksi naiseksi\u201d hehkutetun Kellyn edesottamukset Australian kuumuudessa kiinnostavat suuresti tv-katsojia.<\/p>\n<p>        <a itemprop=\"url\" href=\"https:\/\/www.seiska.fi\/ulkomaat\/maailman-taydellisimman-naisen-kiusallinen-ongelma-kellyn-38-valtavat-luomurinnat-vain-kasvavat-ja-kasvavat-nama-ovat-jo-kokoa-34ff\/599128\" rel=\"nofollow noopener\" target=\"_blank\"><\/p>\n<p>\nKATSO KUVAT\n<\/p>\n<p class=\"section-date\">\n        <strong class=\"article-section\" data-section=\"ulkomaat\"><br \/>\n            ulkomaat<br \/>\n        <\/strong><br \/>\n        15.1.2018 16:04\n    <\/p>\n<p>\u201dMaailman t\u00e4ydellisimm\u00e4n naisen\u201d kiusallinen ongelma: Kellyn, 38, valtavat luomurinnat vain kasvavat ja kasvavat \u2013 \u201dN\u00e4m\u00e4 ovat jo kokoa 34FF\u201d\n    <\/p>\n<p>        <\/a><\/p>\n<p>                <img decoding=\"async\" src=\"https:\/\/www.europesays.com\/fi\/wp-content\/uploads\/2025\/11\/1997022.webp\" width=\"576\" height=\"322\" alt=\"Kelly Brook pelmahti Brisbanen lentoasemalle 9. marraskuuta, ja mediah\u00e4rdelli oli valmis.\" loading=\"lazy\" \/>            <\/p>\n<p>\n            Kelly Brook pelmahti Brisbanen lentoasemalle 9. marraskuuta, ja mediah\u00e4rdelli oli valmis.<br \/>\n            AOP\n        <\/p>\n<p>Uhkea alusvaatemalli<\/p>\n<p class=\"article-content article-content-width !bg-background\">Alusvaatemallinakin ty\u00f6skennellyt Kelly on ollut kotimaassaan kauneudestaan palvottu mutta kummallista kyll\u00e4 my\u00f6s irvailtu kaunotar.<\/p>\n<p class=\"article-content article-content-width !bg-background\">Kurveistaan ylpe\u00e4 Kelly on sinut itsens\u00e4 kanssa, mutta v\u00e4\u00e4r\u00e4leuat ovat jaksaneet huomautella h\u00e4nen painostaan.<\/p>\n<p class=\"article-content article-content-width !bg-background\">Kelly n\u00e4p\u00e4ytti arvostelijoita juoksemalla t\u00e4n\u00e4 vuonna Lontoon maratonin. Mediapersoona ja malli on my\u00f6nt\u00e4nyt jojoilunsa kilojensa kanssa.<\/p>\n<p>        <a itemprop=\"url\" href=\"https:\/\/www.seiska.fi\/ulkomaat\/uhkea-glamourmalli-kelly-brook-kiusaantuu-miesten-huomiosta-en-ole-mikaan-seksisymboli-enaa\/1745896\" rel=\"nofollow noopener\" target=\"_blank\"><\/p>\n<p class=\"section-date\">\n        <strong class=\"article-section\" data-section=\"ulkomaat\"><br \/>\n            ulkomaat<br \/>\n        <\/strong><br \/>\n        10.7.2019 13:33\n    <\/p>\n<p>Uhkea glamourmalli Kelly Brook kiusaantuu miesten huomiosta: En ole mik\u00e4\u00e4n seksisymboli en\u00e4\u00e4!\n    <\/p>\n<p>        <\/a><\/p>\n<p>                <img decoding=\"async\" src=\"https:\/\/www.europesays.com\/fi\/wp-content\/uploads\/2025\/11\/1997035.webp\" width=\"576\" height=\"322\" alt=\"Kelly Brook on parhaillaan Australiassa suositun tosi-tv-ohjelman kuvauksissa.\" loading=\"lazy\" \/>            <\/p>\n<p>\n            Kelly Brook on parhaillaan Australiassa suositun tosi-tv-ohjelman kuvauksissa.<br \/>\n            AOP\n        <\/p>\n<p>Odotettu suihkuhetki<\/p>\n<p class=\"article-content article-content-width !bg-background\">Suurin osa briteist\u00e4 vaikuttaa kuitenkin rakastavan Kelly\u00e4.<\/p>\n<p class=\"article-content article-content-width !bg-background\">Nyt tv-vastaanottimien \u00e4\u00e4rell\u00e4 ymp\u00e4ri Britanniaa odotetaan kuumeisesti Kellyn suihkuhetke\u00e4 viidakossa.<\/p>\n<p>        <a itemprop=\"url\" href=\"https:\/\/www.seiska.fi\/ulkomaat\/nyt-on-kurvit-kohdillaan-40-vuotias-kelly-brook-postasi-rehellisia-bikinikuvia-fanit-sekosivat-jumalaisesta-vartalosta\/467294\" rel=\"nofollow noopener\" target=\"_blank\"><\/p>\n<p>\nKATSO KUVAT\n<\/p>\n<p class=\"section-date\">\n        <strong class=\"article-section\" data-section=\"ulkomaat\"><br \/>\n            ulkomaat<br \/>\n        <\/strong><br \/>\n        10.7.2020 11:13\n    <\/p>\n<p>Nyt on kurvit kohdillaan: 40-vuotias Kelly Brook postasi rehellisi\u00e4 bikinikuvia \u2013 fanit sekosivat jumalaisesta vartalosta!\n    <\/p>\n<p>        <\/a><\/p>\n<p class=\"article-content article-content-width !bg-background\">Aiheesta k\u00e4y somessa kova supina. Tiktokiin on ladattu useampi video brittikatsojista, jotka odottavat Kellyn suihkuhetke\u00e4 kuin Kuuta nousevaa.<\/p>\n<p class=\"article-content article-content-width !bg-background\">\u2013 Koita kest\u00e4\u00e4, kamu. Kyll\u00e4 se suihkukohtaus sielt\u00e4 viel\u00e4 tulee! Er\u00e4\u00e4nkin videon kommenttikent\u00e4ss\u00e4 tsempataan.<\/p>\n<p>Avioliitto tauolla<\/p>\n<p class=\"article-content article-content-width !bg-background\">Vaikka Brook saisi punan poskille, edes innokkaimpien fanien ei kannata vaivautua: Kelly on onnellisesti naimisissa  kanssa.<\/p>\n<p class=\"article-content article-content-width !bg-background\">Tosin juuri nyt julkkisparin avioliitto on tauolla tai \u201dbreikill\u00e4\u201d, kuten Kelly ja Jeremy asian itse ilmaisevat.<\/p>\n<p class=\"article-content article-content-width !bg-background\">Syy l\u00f6ytyy juuri k\u00e4ynniss\u00e4 olevista tv-kuvauksista Australiassa. Se tulee olemaan pisin aika, jonka aviopari on ollut erossa toisistaan.<\/p>\n","protected":false},"excerpt":{"rendered":"All Over Press Muistatko Kelly Brookin? Nyt kaunotar ihastuttaa tosi-tv-ohjelmassa. Brittil\u00e4inen mediapersoona ja malli , 45, puhuttaa parhaillaan&hellip;\n","protected":false},"author":2,"featured_media":94614,"comment_status":"","ping_status":"","sticky":false,"template":"","format":"standard","meta":{"footnotes":""},"categories":[136],"tags":[3751,407,137,33,31,30,18608,18606,408,2682,18607,32,1214,109],"class_list":{"0":"post-94613","1":"post","2":"type-post","3":"status-publish","4":"format-standard","5":"has-post-thumbnail","7":"category-julkkikset","8":"tag-australia","9":"tag-celebrities","10":"tag-entertainment","11":"tag-fi","12":"tag-finland","13":"tag-finnish","14":"tag-im-a-celebrity-get-me-out-of-here","15":"tag-jeremy-paris","16":"tag-julkkikset","17":"tag-kauneus","18":"tag-kelly-brook","19":"tag-suomi","20":"tag-tosi-tv","21":"tag-viihde"},"share_on_mastodon":{"url":"https:\/\/pubeurope.com\/@fi\/115578030406177280","error":""},"_links":{"self":[{"href":"https:\/\/www.europesays.com\/fi\/wp-json\/wp\/v2\/posts\/94613","targetHints":{"allow":["GET"]}}],"collection":[{"href":"https:\/\/www.europesays.com\/fi\/wp-json\/wp\/v2\/posts"}],"about":[{"href":"https:\/\/www.europesays.com\/fi\/wp-json\/wp\/v2\/types\/post"}],"author":[{"embeddable":true,"href":"https:\/\/www.europesays.com\/fi\/wp-json\/wp\/v2\/users\/2"}],"replies":[{"embeddable":true,"href":"https:\/\/www.europesays.com\/fi\/wp-json\/wp\/v2\/comments?post=94613"}],"version-history":[{"count":0,"href":"https:\/\/www.europesays.com\/fi\/wp-json\/wp\/v2\/posts\/94613\/revisions"}],"wp:featuredmedia":[{"embeddable":true,"href":"https:\/\/www.europesays.com\/fi\/wp-json\/wp\/v2\/media\/94614"}],"wp:attachment":[{"href":"https:\/\/www.europesays.com\/fi\/wp-json\/wp\/v2\/media?parent=94613"}],"wp:term":[{"taxonomy":"category","embeddable":true,"href":"https:\/\/www.europesays.com\/fi\/wp-json\/wp\/v2\/categories?post=94613"},{"taxonomy":"post_tag","embeddable":true,"href":"https:\/\/www.europesays.com\/fi\/wp-json\/wp\/v2\/tags?post=94613"}],"curies":[{"name":"wp","href":"https:\/\/api.w.org\/{rel}","templated":true}]}}