{"id":94622,"date":"2025-11-19T19:43:09","date_gmt":"2025-11-19T19:43:09","guid":{"rendered":"https:\/\/www.europesays.com\/fi\/94622\/"},"modified":"2025-11-19T19:43:09","modified_gmt":"2025-11-19T19:43:09","slug":"raju-tilanne-miss-universum-kisassa-video-leviaa-somessa","status":"publish","type":"post","link":"https:\/\/www.europesays.com\/fi\/94622\/","title":{"rendered":"Raju tilanne Miss Universum -kisassa \u2013 Video levi\u00e4\u00e4 somessa"},"content":{"rendered":"<p>Miss Universum -kilpailun esikarsintaosuus on k\u00e4ynniss\u00e4 Thaimaassa. <\/p>\n<p><img decoding=\"async\" class=\"image image-show image-preview\" src=\"https:\/\/www.europesays.com\/fi\/wp-content\/uploads\/2025\/11\/48dc85a5422e9483bfc96c4c6c7c5869bab4e73fe2a63f2c928b9030a1355b07.jpg\" alt=\"\"\/><img decoding=\"async\" class=\"image image-show\" src=\"https:\/\/www.europesays.com\/fi\/wp-content\/uploads\/2025\/11\/1763581389_911_48dc85a5422e9483bfc96c4c6c7c5869bab4e73fe2a63f2c928b9030a1355b07.jpg\" alt=\"\"\/><\/p>\n<p>Miss Universum -kilpailu on k\u00e4ynniss\u00e4 Thaimaassa.  AOP<\/p>\n<p class=\"paragraph\">Miss Universum -kilpailuissa n\u00e4htiin keskiviikkona raju tilanne, kun Jamaikan edustaja <strong>Gabrielle Henry<\/strong> putosi lavalta.<\/p>\n<p class=\"paragraph\">Thaimaan Bangkokissa oli k\u00e4ynniss\u00e4 kilpailun esikarsintaosuus, kun Henry asteli lavalle n\u00e4ytt\u00e4v\u00e4ss\u00e4 iltapuvussa. Pian h\u00e4n putosi lavalta hurjan n\u00e4k\u00f6isesti.<\/p>\n<p class=\"paragraph\">Videot tapahtuneesta alkoivat levit\u00e4 sosiaalisessa mediassa. Henry ei n\u00e4yt\u00e4 kompastuvan tilanteessa, vaan h\u00e4n putoaa kuin suorilta jaloilta alas kesken tyynen missik\u00e4velyns\u00e4.<\/p>\n<p class=\"paragraph\">Jos julkaisu ei n\u00e4y, voit katsoa sen <a href=\"https:\/\/www.instagram.com\/reel\/DRPftQREpoC\/\" target=\"_blank\" rel=\"noopener nofollow\">t\u00e4st\u00e4 linkist\u00e4<\/a>.<\/p>\n<p class=\"paragraph\">Videoissa n\u00e4kyy, kuinka tilanne aiheuttaa kohinaa yleis\u00f6ss\u00e4 ja useat nousevat seisomaan n\u00e4hd\u00e4kseen, mit\u00e4 tapahtui. Instagramissa, X:ss\u00e4 ja Tiktokissa jaetuilla videoilla n\u00e4hd\u00e4\u00e4n, kuinka Jamaikan edustaja kuljetetaan paareilla pois lavalta.<\/p>\n<p class=\"paragraph\">Jos julkaisu ei n\u00e4y, voit katsoa sen <a href=\"https:\/\/www.tiktok.com\/@mumx2025\/video\/7574457971208506642?_r=1&amp;_t=ZN-91XGkIS5WBK\" target=\"_blank\" rel=\"noopener nofollow\">t\u00e4st\u00e4 linkist\u00e4<\/a>.<\/p>\n<p class=\"paragraph\">Miss Universumin johtaja <strong>Raul Rocha<\/strong> tiedotti tapahtuneesta ja Miss Jamaikan tilasta <a href=\"https:\/\/www.instagram.com\/p\/DRPv7Q9CVUJ\/\" target=\"_blank\" rel=\"noopener nofollow\">Instagram-tilill\u00e4\u00e4n<\/a>. Rocha kirjoitti, ett\u00e4 Henry\u00e4 hoidetaan sairaalassa.<\/p>\n<p class=\"paragraph\">\u2013 Onneksi h\u00e4nell\u00e4 ei ole murtumia ja h\u00e4n on hyviss\u00e4 k\u00e4siss\u00e4. H\u00e4net pidet\u00e4\u00e4n tarkkailussa y\u00f6n yli, ja olemme yhteydess\u00e4 h\u00e4nen perheeseens\u00e4 tukeaksemme h\u00e4nt\u00e4, Rocha kirjoitti.<\/p>\n<p class=\"paragraph\">\u2013 Toivotamme h\u00e4nelle pikaista paranemista.<\/p>\n<p class=\"paragraph\">Miss Universum -kisan lavalla tapahtui aiemminkin, sill\u00e4 kansallisasua esitelless\u00e4\u00e4n Miss Iso-Britannia <strong>Dani Latimer<\/strong> kompastui.<\/p>\n<p class=\"paragraph\">Yht\u00e4 vakavasta tilanteesta ei kuitenkaan ollut kyse, sill\u00e4 Latimer ei pudonnut lavalta ja p\u00e4\u00e4si nopeasti omin voimin yl\u00f6s.<\/p>\n<p class=\"paragraph\">Jos julkaisu ei n\u00e4y, voit katsoa sen <a href=\"https:\/\/www.instagram.com\/reel\/DROs2pZDmz7\/?utm_source=ig_embed\" rel=\"noopener nofollow\" target=\"_blank\">t\u00e4st\u00e4 linkist\u00e4<\/a>.<\/p>\n<p class=\"paragraph\">Miss Suomi <strong>Sarah Dzafce<\/strong> edustaa parhaillaan Suomea Miss Universum -kilpailussa.<\/p>\n<p><script async src=\"\/\/www.instagram.com\/embed.js\"><\/script><script async src=\"\/\/www.tiktok.com\/embed.js\"><\/script><\/p>\n","protected":false},"excerpt":{"rendered":"Miss Universum -kilpailun esikarsintaosuus on k\u00e4ynniss\u00e4 Thaimaassa. Miss Universum -kilpailu on k\u00e4ynniss\u00e4 Thaimaassa. AOP Miss Universum -kilpailuissa n\u00e4htiin&hellip;\n","protected":false},"author":2,"featured_media":94623,"comment_status":"","ping_status":"","sticky":false,"template":"","format":"standard","meta":{"footnotes":""},"categories":[14],"tags":[35,22,23,26,27,33,31,30,17,501,24,25,28,29,15,18,21,2461,103,32,502,167,19,20,56,16,59,60,61],"class_list":{"0":"post-94622","1":"post","2":"type-post","3":"status-publish","4":"format-standard","5":"has-post-thumbnail","7":"category-ulkomaat","8":"tag-24h","9":"tag-breaking-news","10":"tag-breakingnews","11":"tag-featured-news","12":"tag-featurednews","13":"tag-fi","14":"tag-finland","15":"tag-finnish","16":"tag-headlines","17":"tag-laakaripalvelut","18":"tag-latest-news","19":"tag-latestnews","20":"tag-main-news","21":"tag-mainnews","22":"tag-news","23":"tag-otsikot","24":"tag-paauutiset","25":"tag-sairaalat-ja-terveyskeskukset","26":"tag-sosiaalikysymykset","27":"tag-suomi","28":"tag-terveydenhoito","29":"tag-terveys","30":"tag-top-stories","31":"tag-topstories","32":"tag-ulkomaat","33":"tag-uutiset","34":"tag-world","35":"tag-world-news","36":"tag-worldnews"},"share_on_mastodon":{"url":"https:\/\/pubeurope.com\/@fi\/115578077674695080","error":""},"_links":{"self":[{"href":"https:\/\/www.europesays.com\/fi\/wp-json\/wp\/v2\/posts\/94622","targetHints":{"allow":["GET"]}}],"collection":[{"href":"https:\/\/www.europesays.com\/fi\/wp-json\/wp\/v2\/posts"}],"about":[{"href":"https:\/\/www.europesays.com\/fi\/wp-json\/wp\/v2\/types\/post"}],"author":[{"embeddable":true,"href":"https:\/\/www.europesays.com\/fi\/wp-json\/wp\/v2\/users\/2"}],"replies":[{"embeddable":true,"href":"https:\/\/www.europesays.com\/fi\/wp-json\/wp\/v2\/comments?post=94622"}],"version-history":[{"count":0,"href":"https:\/\/www.europesays.com\/fi\/wp-json\/wp\/v2\/posts\/94622\/revisions"}],"wp:featuredmedia":[{"embeddable":true,"href":"https:\/\/www.europesays.com\/fi\/wp-json\/wp\/v2\/media\/94623"}],"wp:attachment":[{"href":"https:\/\/www.europesays.com\/fi\/wp-json\/wp\/v2\/media?parent=94622"}],"wp:term":[{"taxonomy":"category","embeddable":true,"href":"https:\/\/www.europesays.com\/fi\/wp-json\/wp\/v2\/categories?post=94622"},{"taxonomy":"post_tag","embeddable":true,"href":"https:\/\/www.europesays.com\/fi\/wp-json\/wp\/v2\/tags?post=94622"}],"curies":[{"name":"wp","href":"https:\/\/api.w.org\/{rel}","templated":true}]}}