{"id":94624,"date":"2025-11-19T19:44:08","date_gmt":"2025-11-19T19:44:08","guid":{"rendered":"https:\/\/www.europesays.com\/fi\/94624\/"},"modified":"2025-11-19T19:44:08","modified_gmt":"2025-11-19T19:44:08","slug":"ulla-kalmanlehto-paatti-auttaa-asunnotonta-leenaa-ja-tarjosi-hanelle-kodin-miksi-ei-kotimaa","status":"publish","type":"post","link":"https:\/\/www.europesays.com\/fi\/94624\/","title":{"rendered":"Ulla Kalmanlehto p\u00e4\u00e4tti auttaa asunnotonta Leenaa ja tarjosi h\u00e4nelle kodin \u2013 \u201dMiksi ei?\u201d | Kotimaa"},"content":{"rendered":"<p class=\"aw-1gybjub aw-5vja16 kEtdKx kmuxyA yle__article__paragraph\">Kerroimme asunnottoman lapsiperheen \u00e4idist\u00e4 tiistaina. Nyt Leena ja h\u00e4nen poikansa ovat l\u00f6yt\u00e4neet kodin.<\/p>\n<p><img decoding=\"async\" alt=\"Henkil\u00f6 pakkaa matkalaukkuaan olohuoneessa, jossa on pelkistetty sisustus. \" src=\"https:\/\/www.europesays.com\/fi\/wp-content\/uploads\/2025\/11\/39-15511576911abcc01081.jpeg\" class=\"aw-1l9m598 hKVVvP\"\/><\/p>\n<p>Avaa kuvien katselu<\/p>\n<p>Leena asunnossaan, josta h\u00e4n joutuu muuttamaan pois. Kuva: Antti Haanp\u00e4\u00e4 \/ Yle<\/p>\n<p>19:07\u2022P\u00e4ivitetty 21:42<\/p>\n<p>Juttu tiivistettyn\u00e4<\/p>\n<ul class=\"aw-1jjocuh iJTSwP yle__article__list yle__article__list--ul\">\n<li class=\"aw-1j7gwms gNYKfi\">Leena ja h\u00e4nen 17-vuotias poikansa l\u00f6ysiv\u00e4t kodin Turusta asunnottomuuden j\u00e4lkeen.<\/li>\n<li class=\"aw-1j7gwms gNYKfi\">He saavat asua kolmikerroksisessa puutaloasunnossa kahden kuukauden ajan joulukuun puoliv\u00e4list\u00e4 eteenp\u00e4in.<\/li>\n<li class=\"aw-1j7gwms gNYKfi\">El\u00e4kkeell\u00e4 oleva Ulla Kalmanlehto tarjosi omaa tyhj\u00e4\u00e4 asuntoaan Leenalle siksi aikaa, kun h\u00e4n itse on matkoilla.<\/li>\n<li class=\"aw-1j7gwms gNYKfi\">Leenalle j\u00e4\u00e4 asumista varten k\u00e4ytett\u00e4v\u00e4ksi noin 300 euroa kuukaudessa pakollisten menojen j\u00e4lkeen.<\/li>\n<\/ul>\n<p class=\"aw-1gybjub aw-1p7kakr kEtdKx cEmitX yle__article__paragraph\">T\u00e4m\u00e4 on teko\u00e4lyn avulla tuotettu, toimittajan tarkistama tiivistelm\u00e4.<\/p>\n<p class=\"aw-1gybjub aw-1p7kakr kEtdKx cEmitX yle__article__paragraph\">Turkulainen <strong class=\"aw-ak79eh KyCXm yle__article__strong\">Leena<\/strong> ja h\u00e4nen 17-vuotias poikansa ovat l\u00f6yt\u00e4neet kodin.<\/p>\n<p class=\"aw-1gybjub aw-1p7kakr kEtdKx cEmitX yle__article__paragraph\">Kerroimme <a class=\"aw-iao6s4 iHOxEa yle__article__link\" href=\"https:\/\/yle.fi\/a\/74-20189895\" role=\"link\" rel=\"nofollow noopener\" target=\"_blank\">asunnottomaksi j\u00e4\u00e4v\u00e4n Leenan tilanteesta tiistaina<\/a>, ja pian h\u00e4n sai kaksi asuntotarjousta, joista toinen t\u00e4rpp\u00e4si.<\/p>\n<p class=\"aw-1gybjub aw-1p7kakr kEtdKx cEmitX yle__article__paragraph\">Leena p\u00e4\u00e4see muuttamaan kolmikerroksiseen puutaloasuntoon Turussa joulukuun puoliv\u00e4lin j\u00e4lkeen kahdeksi kuukaudeksi.<\/p>\n<p class=\"aw-1gybjub aw-1p7kakr kEtdKx cEmitX yle__article__paragraph\">Leenan tulot romahtivat ty\u00f6paikan vaihtumisen my\u00f6t\u00e4. Lis\u00e4ksi h\u00e4nell\u00e4 on kulutusluottoja, jotka pienent\u00e4v\u00e4t huomattavasti h\u00e4nen kuukausittaista k\u00e4ytt\u00f6varaansa. Lopulta rahat eiv\u00e4t en\u00e4\u00e4 riitt\u00e4neet nykyisen vuokra-asunnon vuokraan, ja Leena j\u00e4i asunnottomaksi.<\/p>\n<p class=\"aw-1gybjub aw-1p7kakr kEtdKx cEmitX yle__article__paragraph\">Leena ei esiinny t\u00e4ss\u00e4 jutussa oikealla nimell\u00e4\u00e4n asian arkaluonteisuuden vuoksi, mutta my\u00f6s siksi, ett\u00e4 h\u00e4nell\u00e4 on alaik\u00e4inen poika.<\/p>\n<p class=\"aw-1gybjub aw-1p7kakr kEtdKx cEmitX yle__article__paragraph\">Leena kertoo, ettei ep\u00e4r\u00f6inyt hetke\u00e4k\u00e4\u00e4n tarttua tilaisuuteen ja muuttaa uuteen kotiin kahdeksi kuukaudeksi. Asunto on k\u00e4velymatkan p\u00e4\u00e4ss\u00e4 pojan koulusta.<\/p>\n<p class=\"aw-1gybjub aw-1p7kakr kEtdKx cEmitX yle__article__paragraph\">\u2013 Todella helpottavalta tuntuu, koska olin murehtinut sit\u00e4, ett\u00e4 en n\u00e4e poikaani paljoa en\u00e4\u00e4 ja yht\u00e4kki\u00e4 meid\u00e4n yhteys katkeaa. Yll\u00e4tt\u00e4en joku hyv\u00e4syd\u00e4minen ihminen ilmoittaa, ett\u00e4 h\u00e4n on l\u00e4hd\u00f6ss\u00e4 pois ja asunto on tyhj\u00e4n\u00e4 kaksi kuukautta.<\/p>\n<p class=\"aw-1gybjub aw-1p7kakr kEtdKx cEmitX yle__article__paragraph\">Leena kertoo, ett\u00e4 my\u00f6s h\u00e4nen poikansa oli vastannut syd\u00e4min \u00e4itins\u00e4 laittamaan viestiin asunnon l\u00f6ytymisest\u00e4.<\/p>\n<p class=\"aw-1gybjub aw-1p7kakr kEtdKx cEmitX yle__article__paragraph\">\u2013 Saamme yhteisen joulun, Leena iloitsee.<\/p>\n<p>Ulla Kalmanlehto ei ep\u00e4r\u00f6inyt, etteik\u00f6 voisi auttaa<\/p>\n<p class=\"aw-1gybjub aw-1p7kakr kEtdKx cEmitX yle__article__paragraph\">El\u00e4kkeell\u00e4 oleva <strong class=\"aw-ak79eh KyCXm yle__article__strong\">Ulla Kalmanlehto<\/strong> halusi auttaa Leenaa.<\/p>\n<p class=\"aw-1gybjub aw-1p7kakr kEtdKx cEmitX yle__article__paragraph\">\u2013 Olen itse etel\u00e4n l\u00e4mm\u00f6ss\u00e4 talvisin ja ajattelin, ett\u00e4 miksi ei, kun kerran asunto on tyhjill\u00e4\u00e4n. Seh\u00e4n on hyv\u00e4, ett\u00e4 siell\u00e4 joku asuu, ettei tarvitse murehtia murtovarkaista tai muusta.<\/p>\n<p class=\"aw-1gybjub aw-1p7kakr kEtdKx cEmitX yle__article__paragraph\">Kalmanlehto kertoo, ett\u00e4 on aiemminkin majoittanut ihmisi\u00e4 kotonaan esimerkiksi kes\u00e4isin, kun h\u00e4n on pidempi\u00e4 jaksoja poissa.<\/p>\n<p class=\"aw-1gybjub aw-1p7kakr kEtdKx cEmitX yle__article__paragraph\">H\u00e4n sanoo, ett\u00e4 ei n\u00e4e majoittamisessa riskej\u00e4, sill\u00e4 Leena on 50-vuotias ty\u00f6ss\u00e4k\u00e4yv\u00e4 ihminen. Kalmanlehto k\u00e4\u00e4ntyi my\u00f6s omasta tahdostaan h\u00e4nen puoleensa.<\/p>\n<p class=\"aw-1gybjub aw-1p7kakr kEtdKx cEmitX yle__article__paragraph\">\u2013 Kyll\u00e4 min\u00e4 yleens\u00e4 uskon, ett\u00e4 p\u00e4\u00e4osa ihmisist\u00e4 tarkoittaa hyv\u00e4\u00e4 eik\u00e4 ole mit\u00e4\u00e4n vilunkia mieless\u00e4.<\/p>\n<p class=\"aw-1gybjub aw-1p7kakr kEtdKx cEmitX yle__article__paragraph\">Kalmanlehdon mielest\u00e4 on surullista, ett\u00e4 yhteiskunta ei kykene auttamaan Leenan kaltaista palkkaty\u00f6ss\u00e4 k\u00e4yv\u00e4\u00e4 ihmist\u00e4, jolla varat eiv\u00e4t riit\u00e4 vuokra-asuntoon.<\/p>\n<p class=\"aw-1gybjub aw-1p7kakr kEtdKx cEmitX yle__article__paragraph\">\u2013 Toivoisin, ett\u00e4 olisi paljon minun kaltaisia ihmisi\u00e4, jotka voisivat tulla avuksi, kun ei niit\u00e4 asuntoja hirve\u00e4sti ole tyrkyll\u00e4. Voisimme paremmin olla toistemme tukena vaikeissa tilanteissa, ett\u00e4 v\u00e4h\u00e4n voi omastakin joskus antaa.<\/p>\n<p>Nyt Leenalle j\u00e4\u00e4 hieman k\u00e4ytt\u00f6rahaa asumiskulujen j\u00e4lkeen<\/p>\n<p class=\"aw-1gybjub aw-1p7kakr kEtdKx cEmitX yle__article__paragraph\">Leena ja Kalmanlehto p\u00e4\u00e4siv\u00e4t hyvin sopuun asumisj\u00e4rjestelyst\u00e4 ja korvauksesta.<\/p>\n<p class=\"aw-1gybjub aw-1p7kakr kEtdKx cEmitX yle__article__paragraph\">Maksettavaksi Leenalle tulee enimmill\u00e4\u00e4n noin sadan euron s\u00e4hk\u00f6lasku kuukaudessa.<\/p>\n<p class=\"aw-1gybjub aw-1p7kakr kEtdKx cEmitX yle__article__paragraph\">Leena on tyytyv\u00e4inen j\u00e4rjestelyyn. Asumiseen h\u00e4nelle j\u00e4\u00e4 pakollisten menojen j\u00e4lkeen v\u00e4h\u00e4n p\u00e4\u00e4lle 300 euroa.<\/p>\n<p class=\"aw-1gybjub aw-1p7kakr kEtdKx cEmitX yle__article__paragraph\">\u2013 Siit\u00e4 j\u00e4\u00e4 viel\u00e4 v\u00e4h\u00e4n joulurahaa meille.<\/p>\n<p class=\"aw-1gybjub aw-1p7kakr kEtdKx cEmitX yle__article__paragraph\">Kaksi kuukautta antaa Leenalle my\u00f6s lis\u00e4aikaa uuden asunnon l\u00f6yt\u00e4miseen, mik\u00e4 ei ole ihan helppo teht\u00e4v\u00e4 t\u00e4m\u00e4nhetkisell\u00e4 budjetilla.<\/p>\n<p class=\"aw-1gybjub aw-1p7kakr kEtdKx cEmitX yle__article__paragraph\"><strong class=\"aw-ak79eh KyCXm yle__article__strong\">Leena n\u00e4ytt\u00e4\u00e4 videolla pieni\u00e4 esineit\u00e4, joita h\u00e4n on saanut lapsiltaan. H\u00e4n my\u00f6s kertoo, milt\u00e4 poismuutto nykyisest\u00e4 asunnosta tuntuu.<\/strong><\/p>\n<p class=\"aw-1gybjub aw-1p7kakr kEtdKx cEmitX yle__article__paragraph\"><strong class=\"aw-ak79eh KyCXm yle__article__strong\">Onko sinulla meille juttuvinkki?<\/strong> Voit l\u00e4hesty\u00e4 toimitusta luottamuksella. Halutessasi voit olla yhteydess\u00e4 my\u00f6s s\u00e4hk\u00f6postitse osoitteeseen tuomo.bjorksten@yle.fi. Luemme kaikki yhteydenotot, mutta emme pysty takaamaan jokaiselle henkil\u00f6kohtaista vastausta.<\/p>\n","protected":false},"excerpt":{"rendered":"Kerroimme asunnottoman lapsiperheen \u00e4idist\u00e4 tiistaina. Nyt Leena ja h\u00e4nen poikansa ovat l\u00f6yt\u00e4neet kodin. Avaa kuvien katselu Leena asunnossaan,&hellip;\n","protected":false},"author":2,"featured_media":94625,"comment_status":"","ping_status":"","sticky":false,"template":"","format":"standard","meta":{"footnotes":""},"categories":[12],"tags":[542,582,22,23,26,27,33,31,30,17,543,71,587,8737,24,25,28,29,15,18,21,32,78,19,20,16],"class_list":{"0":"post-94624","1":"post","2":"type-post","3":"status-publish","4":"format-standard","5":"has-post-thumbnail","7":"category-suomi","8":"tag-asuminen","9":"tag-asunnottomuus","10":"tag-breaking-news","11":"tag-breakingnews","12":"tag-featured-news","13":"tag-featurednews","14":"tag-fi","15":"tag-finland","16":"tag-finnish","17":"tag-headlines","18":"tag-koti-ja-asuminen","19":"tag-kotimaa","20":"tag-koyhyys-ja-sosiaaliturva","21":"tag-lapsiperheet","22":"tag-latest-news","23":"tag-latestnews","24":"tag-main-news","25":"tag-mainnews","26":"tag-news","27":"tag-otsikot","28":"tag-paauutiset","29":"tag-suomi","30":"tag-talous","31":"tag-top-stories","32":"tag-topstories","33":"tag-uutiset"},"share_on_mastodon":{"url":"https:\/\/pubeurope.com\/@fi\/115578081628794458","error":""},"_links":{"self":[{"href":"https:\/\/www.europesays.com\/fi\/wp-json\/wp\/v2\/posts\/94624","targetHints":{"allow":["GET"]}}],"collection":[{"href":"https:\/\/www.europesays.com\/fi\/wp-json\/wp\/v2\/posts"}],"about":[{"href":"https:\/\/www.europesays.com\/fi\/wp-json\/wp\/v2\/types\/post"}],"author":[{"embeddable":true,"href":"https:\/\/www.europesays.com\/fi\/wp-json\/wp\/v2\/users\/2"}],"replies":[{"embeddable":true,"href":"https:\/\/www.europesays.com\/fi\/wp-json\/wp\/v2\/comments?post=94624"}],"version-history":[{"count":0,"href":"https:\/\/www.europesays.com\/fi\/wp-json\/wp\/v2\/posts\/94624\/revisions"}],"wp:featuredmedia":[{"embeddable":true,"href":"https:\/\/www.europesays.com\/fi\/wp-json\/wp\/v2\/media\/94625"}],"wp:attachment":[{"href":"https:\/\/www.europesays.com\/fi\/wp-json\/wp\/v2\/media?parent=94624"}],"wp:term":[{"taxonomy":"category","embeddable":true,"href":"https:\/\/www.europesays.com\/fi\/wp-json\/wp\/v2\/categories?post=94624"},{"taxonomy":"post_tag","embeddable":true,"href":"https:\/\/www.europesays.com\/fi\/wp-json\/wp\/v2\/tags?post=94624"}],"curies":[{"name":"wp","href":"https:\/\/api.w.org\/{rel}","templated":true}]}}