{"id":94628,"date":"2025-11-19T19:46:25","date_gmt":"2025-11-19T19:46:25","guid":{"rendered":"https:\/\/www.europesays.com\/fi\/94628\/"},"modified":"2025-11-19T19:46:25","modified_gmt":"2025-11-19T19:46:25","slug":"retkeilypalvelut-ja-retkeilyn-kehitysohjelma-tampereen-kaupunki-luonto-ja-ymparisto-luonnossa-liikkuminen","status":"publish","type":"post","link":"https:\/\/www.europesays.com\/fi\/94628\/","title":{"rendered":"Retkeilypalvelut ja retkeilyn kehitysohjelma [Tampereen kaupunki &#8211; Luonto ja ymp\u00e4rist\u00f6 &#8211; Luonnossa liikkuminen"},"content":{"rendered":"<p>Retkeilypalvelun j\u00e4rjest\u00e4misvastuu on kaupungin kiinteist\u00f6toimella, ja retkeilypalveluja toteuttaa Ekokumppanit Oy.<\/p>\n<p>Vuosina 2021-2023 eri puolille Tamperetta on lis\u00e4tty melontalaitureita, tulipaikkoja, laavuja ja muita rakenteita. Esimerkiksi Hervannan luonnonsuojelu- ja retkeilyalueelle on rakennettu pitkospuista ja taukopaikkoja ja Tohloppiin on toteutettu esteet\u00f6n reitti ja katselulaituri. Digitaalinen seudullinen ulkoilun ja retkeilyn kartta on otettu k\u00e4ytt\u00f6\u00f6n. Retkeilypalvelujen kehitt\u00e4mist\u00e4 suuntaa Retkeilypalvelut 2021-2025 -ohjelma.<\/p>\n<p>Retkeilypalvelut 2021-2025 -ohjelman tavoitteena on Tampereen seudun retkeilyn ja luontoliikkumisen palveluiden kehitt\u00e4minen yhteisty\u00f6ss\u00e4 asukkaiden, sidosryhmien, kaupungin eri yksik\u00f6iden ja muiden kuntien kanssa. Pyrkimyksen\u00e4 on my\u00f6s, ett\u00e4 asukkaat k\u00e4ytt\u00e4v\u00e4t retkeilypalveluja runsaasti ja matkailijat l\u00f6yt\u00e4v\u00e4t Tampereen uudenlaisena, helposti saavutettavana luontovirkistyskohteena. Asunto- ja kiinteist\u00f6lautakunta hyv\u00e4ksyi ohjelman 16.12.2020. \u00a0Retkeilyn kehitysohjelma 2021\u20132025 on p\u00e4ivitetty vuosille 2024\u20132025.\u00a0<\/p>\n<p>Kehitysohjelman aikana tuotetaan<\/p>\n<ul>\n<li>uusia reittej\u00e4 maalle ja vesille<\/li>\n<li>reittiopasteita<\/li>\n<li>opastetauluja ja karttoja<\/li>\n<li>s\u00e4hk\u00f6isi\u00e4 opastuspalveluita<\/li>\n<li>laavuja<\/li>\n<li>tulipaikkoja<\/li>\n<li>liitereit\u00e4<\/li>\n<li>kuivak\u00e4ym\u00e4l\u00f6it\u00e4<\/li>\n<\/ul>\n<p>sek\u00e4 huolletaan, hoidetaan ja yll\u00e4pidet\u00e4\u00e4n retkeilyalueita ja -tiloja.<\/p>\n<p>\u00a0<\/p>\n","protected":false},"excerpt":{"rendered":"Retkeilypalvelun j\u00e4rjest\u00e4misvastuu on kaupungin kiinteist\u00f6toimella, ja retkeilypalveluja toteuttaa Ekokumppanit Oy. Vuosina 2021-2023 eri puolille Tamperetta on lis\u00e4tty melontalaitureita,&hellip;\n","protected":false},"author":2,"featured_media":94629,"comment_status":"","ping_status":"","sticky":false,"template":"","format":"standard","meta":{"footnotes":""},"categories":[117],"tags":[33,31,30,72,476,118,32,119,477],"class_list":{"0":"post-94628","1":"post","2":"type-post","3":"status-publish","4":"format-standard","5":"has-post-thumbnail","7":"category-luonto","8":"tag-fi","9":"tag-finland","10":"tag-finnish","11":"tag-luonto","12":"tag-nature","13":"tag-science","14":"tag-suomi","15":"tag-tiede","16":"tag-wildlife"},"share_on_mastodon":{"url":"https:\/\/pubeurope.com\/@fi\/115578089178044504","error":""},"_links":{"self":[{"href":"https:\/\/www.europesays.com\/fi\/wp-json\/wp\/v2\/posts\/94628","targetHints":{"allow":["GET"]}}],"collection":[{"href":"https:\/\/www.europesays.com\/fi\/wp-json\/wp\/v2\/posts"}],"about":[{"href":"https:\/\/www.europesays.com\/fi\/wp-json\/wp\/v2\/types\/post"}],"author":[{"embeddable":true,"href":"https:\/\/www.europesays.com\/fi\/wp-json\/wp\/v2\/users\/2"}],"replies":[{"embeddable":true,"href":"https:\/\/www.europesays.com\/fi\/wp-json\/wp\/v2\/comments?post=94628"}],"version-history":[{"count":0,"href":"https:\/\/www.europesays.com\/fi\/wp-json\/wp\/v2\/posts\/94628\/revisions"}],"wp:featuredmedia":[{"embeddable":true,"href":"https:\/\/www.europesays.com\/fi\/wp-json\/wp\/v2\/media\/94629"}],"wp:attachment":[{"href":"https:\/\/www.europesays.com\/fi\/wp-json\/wp\/v2\/media?parent=94628"}],"wp:term":[{"taxonomy":"category","embeddable":true,"href":"https:\/\/www.europesays.com\/fi\/wp-json\/wp\/v2\/categories?post=94628"},{"taxonomy":"post_tag","embeddable":true,"href":"https:\/\/www.europesays.com\/fi\/wp-json\/wp\/v2\/tags?post=94628"}],"curies":[{"name":"wp","href":"https:\/\/api.w.org\/{rel}","templated":true}]}}