{"id":94630,"date":"2025-11-19T19:57:10","date_gmt":"2025-11-19T19:57:10","guid":{"rendered":"https:\/\/www.europesays.com\/fi\/94630\/"},"modified":"2025-11-19T19:57:10","modified_gmt":"2025-11-19T19:57:10","slug":"koko-lapsuutemme-elimme-kuin-kaksoset","status":"publish","type":"post","link":"https:\/\/www.europesays.com\/fi\/94630\/","title":{"rendered":"\u201dKoko lapsuutemme elimme kuin kaksoset\u201d"},"content":{"rendered":"<p>Olga Temosen kuolema kosketti lukuisia suomalaisia. <\/p>\n<p><img decoding=\"async\" class=\"image image-show image-preview\" src=\"https:\/\/www.europesays.com\/fi\/wp-content\/uploads\/2025\/11\/2d4253412704d42d48eef0ee6634f5f223f2589657f0393b55e3c4af07a76ac3.jpg\" alt=\"\"\/><img decoding=\"async\" class=\"image image-show\" src=\"https:\/\/www.europesays.com\/fi\/wp-content\/uploads\/2025\/11\/1763582230_769_2d4253412704d42d48eef0ee6634f5f223f2589657f0393b55e3c4af07a76ac3.jpg\" alt=\"\"\/><\/p>\n<p>Olga Temonen nukkui pois maanantaina kotonaan Iitiss\u00e4.  Pete Anikari<\/p>\n<p class=\"paragraph\">\u2013 Maanantaina el\u00e4m\u00e4ni pys\u00e4htyi. Kohtasin surun, joka oli niin suuri, etten sit\u00e4 voi viel\u00e4 k\u00e4sitt\u00e4\u00e4 ja aika n\u00e4ytt\u00e4\u00e4, mihin se ajan saatossa muotoutuu, kirjoittaa <a href=\"https:\/\/www.iltalehti.fi\/henkilot\/Olga Temonen\" class=\"article-link-person-page\" rel=\"nofollow noopener\" target=\"_blank\">Olga Temosen<\/a> <strong>Juulia<\/strong>-sisko sosiaaalisessa mediassa.<\/p>\n<p class=\"paragraph\">Temonen (os. Koskikallio) kuoli 47-vuotiaana kotonaan Iitiss\u00e4. H\u00e4n sairasti aivosy\u00f6p\u00e4\u00e4.<\/p>\n<p class=\"paragraph\">Temosella on yhteens\u00e4 nelj\u00e4 sisarusta: siskot <strong>Veera<\/strong>, Juulia ja <strong>Saima<\/strong> sek\u00e4 isoveli <strong>Ivar<\/strong>. Juulia-sisko kirjoitti siskostaan ja h\u00e4nen poismenostaan koskettavan julkaisun <a href=\"https:\/\/www.facebook.com\/profile.php?id=61572334090808\" rel=\"noopener nofollow\" target=\"_blank\">Facebookissa<\/a>. Julkaisuun on lis\u00e4tty useita yhteiskuvia sisaruksista vuosien varrelta.<\/p>\n<p class=\"paragraph\">\u2013 Siskoni Olga oli mun el\u00e4m\u00e4\u00e4ni kaikkein eniten vaikuttanut ihminen. Mun tukipilari numero yksi. Olgan kanssa jaoin kaikki pienimm\u00e4tkin surut ja ilot, el\u00e4m\u00e4n joka vaiheessa. Koko lapsuutemme elimme kuin kaksoset. Aina yhdess\u00e4 kaikkialla ja syd\u00e4n aina toistemme puolella, h\u00e4n kirjoittaa.<\/p>\n<p class=\"paragraph\">H\u00e4n kirjoittaa, ett\u00e4 on joutunut kohtaamaan surun nyt suurempana kuin olisi koskaan osannut pel\u00e4t\u00e4.<\/p>\n<p class=\"paragraph\">\u2013 Nyt sen kanssa on vain opittava el\u00e4m\u00e4\u00e4n ja ehk\u00e4 siit\u00e4 voi jotain my\u00f6s oppia. Tied\u00e4n, ett\u00e4 se muuttaa vuosien saatossa muotoaan, koska jo nyt jotkut muistot palaavat mieleen kirkkaampina kuin kertaakaan viimeiseen kahteen vuoteen, mink\u00e4 Olgan sairaus on el\u00e4m\u00e4\u00e4mme varjostanut.<\/p>\n<p class=\"paragraph\">H\u00e4n kirjoittaa, ett\u00e4 surusta huolimatta el\u00e4m\u00e4 jatkuu ja kiittelee surussa muistaneita.<\/p>\n<p class=\"paragraph\">\u2013 Mutta suurin kiitos kuuluu Olga sulle \u2013 ihan koko el\u00e4m\u00e4st\u00e4. Teit siit\u00e4 aina kerta toisensa j\u00e4lkeen mulle parempaa. Hyv\u00e4\u00e4 matkaa valoon rakas. M\u00e4 tied\u00e4n, ett\u00e4 me n\u00e4hd\u00e4\u00e4n viel\u00e4.<\/p>\n<p class=\"paragraph\">Temosen omaiset kertoivat aiemmin, ett\u00e4 Olga nukkui pois perheens\u00e4 ymp\u00e4r\u00f6im\u00e4n\u00e4, levollisesti ja suuren rakkauden vallitessa.  Olga Temosen leski <a href=\"https:\/\/www.iltalehti.fi\/henkilot\/Tuukka Temonen\" class=\"article-link-person-page\" rel=\"nofollow noopener\" target=\"_blank\">Tuukka Temonen<\/a> kertoi <a href=\"https:\/\/www.iltalehti.fi\/viihdeuutiset\/a21c0483-3cba-486c-b6dc-31c038d985d8\" rel=\"nofollow noopener\" target=\"_blank\">Iltalehdelle<\/a>, ett\u00e4 Olgan siskot ja muutamat yst\u00e4v\u00e4t k\u00e4viv\u00e4t hyv\u00e4stelem\u00e4ss\u00e4 h\u00e4net p\u00e4iv\u00e4\u00e4 ennen t\u00e4m\u00e4n kuolemaa.<\/p>\n<p class=\"paragraph\">Olga Temosta j\u00e4iv\u00e4t kaipaamaan Tuukka-puolison lis\u00e4ksi pariskunnan lapset, Olgan perheenj\u00e4senet ja l\u00e4heiset sek\u00e4 lukuisat suomalaiset. Sosiaalisessa mediassa julkaistiin useita muistokirjoituksia Temosen muistolle.<\/p>\n<p class=\"paragraph\">\u2013 Kyll\u00e4 tiesin, ett\u00e4 Olgalla oli paljon yst\u00e4vi\u00e4 ja h\u00e4n oli eritt\u00e4in pidetty ihminen. Mielest\u00e4ni on hienoa, ett\u00e4 saamme jakaa t\u00e4m\u00e4n menetyksen my\u00f6s muiden kanssa. Se helpottaa ja auttaa minua p\u00e4\u00e4sem\u00e4\u00e4n tilanteesta eteenp\u00e4in, Tuukka kertoi aiemmin.<\/p>\n","protected":false},"excerpt":{"rendered":"Olga Temosen kuolema kosketti lukuisia suomalaisia. Olga Temonen nukkui pois maanantaina kotonaan Iitiss\u00e4. Pete Anikari \u2013 Maanantaina el\u00e4m\u00e4ni&hellip;\n","protected":false},"author":2,"featured_media":94631,"comment_status":"","ping_status":"","sticky":false,"template":"","format":"standard","meta":{"footnotes":""},"categories":[136],"tags":[35,138,407,137,33,31,30,101,408,99,47,98,32,109],"class_list":{"0":"post-94630","1":"post","2":"type-post","3":"status-publish","4":"format-standard","5":"has-post-thumbnail","7":"category-julkkikset","8":"tag-24h","9":"tag-audio","10":"tag-celebrities","11":"tag-entertainment","12":"tag-fi","13":"tag-finland","14":"tag-finnish","15":"tag-ihmissuhteet","16":"tag-julkkikset","17":"tag-lapset","18":"tag-musiikki","19":"tag-perhe","20":"tag-suomi","21":"tag-viihde"},"share_on_mastodon":{"url":"https:\/\/pubeurope.com\/@fi\/115578132602683438","error":""},"_links":{"self":[{"href":"https:\/\/www.europesays.com\/fi\/wp-json\/wp\/v2\/posts\/94630","targetHints":{"allow":["GET"]}}],"collection":[{"href":"https:\/\/www.europesays.com\/fi\/wp-json\/wp\/v2\/posts"}],"about":[{"href":"https:\/\/www.europesays.com\/fi\/wp-json\/wp\/v2\/types\/post"}],"author":[{"embeddable":true,"href":"https:\/\/www.europesays.com\/fi\/wp-json\/wp\/v2\/users\/2"}],"replies":[{"embeddable":true,"href":"https:\/\/www.europesays.com\/fi\/wp-json\/wp\/v2\/comments?post=94630"}],"version-history":[{"count":0,"href":"https:\/\/www.europesays.com\/fi\/wp-json\/wp\/v2\/posts\/94630\/revisions"}],"wp:featuredmedia":[{"embeddable":true,"href":"https:\/\/www.europesays.com\/fi\/wp-json\/wp\/v2\/media\/94631"}],"wp:attachment":[{"href":"https:\/\/www.europesays.com\/fi\/wp-json\/wp\/v2\/media?parent=94630"}],"wp:term":[{"taxonomy":"category","embeddable":true,"href":"https:\/\/www.europesays.com\/fi\/wp-json\/wp\/v2\/categories?post=94630"},{"taxonomy":"post_tag","embeddable":true,"href":"https:\/\/www.europesays.com\/fi\/wp-json\/wp\/v2\/tags?post=94630"}],"curies":[{"name":"wp","href":"https:\/\/api.w.org\/{rel}","templated":true}]}}