{"id":94634,"date":"2025-11-19T20:04:07","date_gmt":"2025-11-19T20:04:07","guid":{"rendered":"https:\/\/www.europesays.com\/fi\/94634\/"},"modified":"2025-11-19T20:04:07","modified_gmt":"2025-11-19T20:04:07","slug":"eetu-koivistoista-piikitellaan-ruotsissa-19-000-e-kk-yksi-maali","status":"publish","type":"post","link":"https:\/\/www.europesays.com\/fi\/94634\/","title":{"rendered":"Eetu Koivistoista piikitell\u00e4\u00e4n Ruotsissa: \u201d19\u202f000 \u20ac\/kk, yksi maali\u201d"},"content":{"rendered":"<p>Suomalaishy\u00f6kk\u00e4\u00e4j\u00e4n anti ei vakuuta ruotsalaismediaa.<\/p>\n<p class=\"article-body mb-nof-24 px-nof-16\">Ruotsalaislehti <a class=\"article-genericlink\" href=\"https:\/\/www.aftonbladet.se\/sportbladet\/hockey\/a\/Rz3kv2\/riktiga-lonerna-sa-mycket-tjanar-shl-spelarna-i-manaden\" rel=\"nofollow noopener\" target=\"_blank\">Aftonbladet<\/a> on selvitt\u00e4nyt maan korkeimman j\u00e4\u00e4kiekkoliigan SHL:n palkkoja.<\/p>\n<p class=\"article-body mb-nof-24 px-nof-16\">Lehti on k\u00e4ynyt l\u00e4pi kaikki pelaajat, joille on tuomittu viime ja t\u00e4m\u00e4n kauden aikana pelikiellon yhteydess\u00e4 sakkorangaistus.<\/p>\n<p class=\"article-body mb-nof-24 px-nof-16\">Sakkosummat on suhteutettu pelaajan palkkaan, joten sakkojen perusteella on mahdollista selvitt\u00e4\u00e4 pelaajien ansiot.<\/p>\n<p class=\"article-body mb-nof-24 px-nof-16\">Suomalaispelaajista Aftonbladet nostaa huonossa valossa esiin Lule\u00e5n <a class=\"article-personlink\" href=\"https:\/\/www.is.fi\/haku\/?query=Eetu%20Koivistoisen\" rel=\"nofollow noopener\" target=\"_blank\">Eetu Koivistoisen<\/a>.<\/p>\n<p class=\"article-body mb-nof-24 px-nof-16\">\u2013\u2009210\u202f000 kruunun kuukausipalkka, mutta h\u00e4n on kyennyt tekem\u00e4\u00e4n vain yhden maalin, lehti kirjoittaa.<\/p>\n<p class=\"article-body mb-nof-24 px-nof-16\">Summa vastaa noin 19\u202f000 euroa.<\/p>\n<p class=\"article-body mb-nof-24 px-nof-16\">Koivistoinen on pelannut t\u00e4ll\u00e4 kaudella 18 ottelua, joissa h\u00e4n on tehnyt varsin vaatimattomat tehot 1+5.<\/p>\n<p class=\"article-body mb-nof-24 px-nof-16\">Koivistoinen ei ole joukkueensa ainoa suomalaispelaaja, jolla on vaikeuksia Ruotsin kentill\u00e4. <a class=\"article-personlink\" href=\"https:\/\/www.is.fi\/haku\/?query=Heikki%20Liedes\" rel=\"nofollow noopener\" target=\"_blank\">Heikki Liedes<\/a> on ker\u00e4nnyt 18 ottelussa vain yhden sy\u00f6tt\u00f6pisteen, vaikka h\u00e4n on aiemmin pelannut SM-liigassa s\u00e4\u00e4nn\u00f6llisesti yli 30 pisteen kausia.<\/p>\n<p class=\"article-body mb-nof-24 px-nof-16\">Tahmeaa on my\u00f6s <a class=\"article-personlink\" href=\"https:\/\/www.is.fi\/haku\/?query=Anton%20Levtchill%C3%A4\" rel=\"nofollow noopener\" target=\"_blank\">Anton Levtchill\u00e4<\/a>. Viime kaudella 35 pistett\u00e4 tehnyt hy\u00f6kk\u00e4\u00e4j\u00e4 on nyt saanut aikaan 20 ottelussa vain tehot 1+2. 17 ottelua pelannut puolustaja <a class=\"article-personlink\" href=\"https:\/\/www.is.fi\/haku\/?query=Kasper%20Kotkansalo\" rel=\"nofollow noopener\" target=\"_blank\">Kasper Kotkansalo<\/a> on nollakerhossa.<\/p>\n<p class=\"article-body mb-nof-24 px-nof-16\">Pistemiesten alavire heijastuu my\u00f6s sarjataulukkoon, jossa kev\u00e4\u00e4ll\u00e4 mestaruuden voittanut Lule\u00e5 viruu 11:nten\u00e4.<\/p>\n<p class=\"article-body mb-nof-24 px-nof-16\">Ruotsissa on toki positiivisempiakin suomalaistarinoita.<\/p>\n<p class=\"article-body mb-nof-24 px-nof-16\">Aftonbladetin mukaan <a class=\"article-personlink\" href=\"https:\/\/www.is.fi\/haku\/?query=Janne%20Kuokkanen\" rel=\"nofollow noopener\" target=\"_blank\">Janne Kuokkanen<\/a> ansaitsee yli 300\u202f000 kruunua eli noin 27\u202f000 euroa kuussa, mutta Malm\u00f6 Redhawks tuskin harmittelee suomalaiseen sijoittamiaan \u00e4yrej\u00e4. Kuokkanen on nakuttanut 15 ottelussa 4+12 pistett\u00e4.<\/p>\n<p class=\"article-body mb-nof-24 px-nof-16\">My\u00f6s Fr\u00f6lunda pit\u00e4nee <a class=\"article-personlink\" href=\"https:\/\/www.is.fi\/haku\/?query=Jere%20Innalaa\" rel=\"nofollow noopener\" target=\"_blank\">Jere Innalaa<\/a> noin 23\u202f600 euron kuukausipalkkansa arvoisena. T\u00e4ksi kaudeksi G\u00f6teborgiin palannut hy\u00f6kk\u00e4\u00e4j\u00e4 on tehnyt 17 ottelussa tehot 7+5 ja on SHL-uransa parhaassa pistetahdissa.<\/p>\n<p class=\"article-body mb-nof-24 px-nof-16\">Aftonbladet on haarukoinut sakkojen perusteella my\u00f6s Link\u00f6ping-puolustaja <a class=\"article-personlink\" href=\"https:\/\/www.is.fi\/haku\/?query=Mikko%20Kokkosen\" rel=\"nofollow noopener\" target=\"_blank\">Mikko Kokkosen<\/a> kuukausipalkan, noin 11\u202f400 euroa. Peruspuolustaja ei ole tehnyt pisteit\u00e4 kauden 12 ottelussaan.<\/p>\n<p class=\"article-body mb-nof-24 px-nof-16\">T\u00e4ksi kaudeksi K\u00e4rppiin palannut <a class=\"article-personlink\" href=\"https:\/\/www.is.fi\/haku\/?query=Tommi%20Tikka\" rel=\"nofollow noopener\" target=\"_blank\">Tommi Tikka<\/a> nautti viime kaudella HV71:ss\u00e4 noin 27\u202f000 euron kuukausipalkkaa ja nykyisin Sveitsiss\u00e4 pelaava <a class=\"article-personlink\" href=\"https:\/\/www.is.fi\/haku\/?query=Hannes%20Bj%C3%B6rninen\" rel=\"nofollow noopener\" target=\"_blank\">Hannes Bj\u00f6rninen<\/a> \u00d6rebrossa noin 24\u202f000 euron liksaa.<\/p>\n","protected":false},"excerpt":{"rendered":"Suomalaishy\u00f6kk\u00e4\u00e4j\u00e4n anti ei vakuuta ruotsalaismediaa. Ruotsalaislehti Aftonbladet on selvitt\u00e4nyt maan korkeimman j\u00e4\u00e4kiekkoliigan SHL:n palkkoja. Lehti on k\u00e4ynyt l\u00e4pi&hellip;\n","protected":false},"author":2,"featured_media":94635,"comment_status":"","ping_status":"","sticky":false,"template":"","format":"standard","meta":{"footnotes":""},"categories":[158],"tags":[33,31,30,34,159,32,160],"class_list":{"0":"post-94634","1":"post","2":"type-post","3":"status-publish","4":"format-standard","5":"has-post-thumbnail","7":"category-urheilu","8":"tag-fi","9":"tag-finland","10":"tag-finnish","11":"tag-ilta-sanomat","12":"tag-sports","13":"tag-suomi","14":"tag-urheilu"},"share_on_mastodon":{"url":"https:\/\/pubeurope.com\/@fi\/115578159963286032","error":""},"_links":{"self":[{"href":"https:\/\/www.europesays.com\/fi\/wp-json\/wp\/v2\/posts\/94634","targetHints":{"allow":["GET"]}}],"collection":[{"href":"https:\/\/www.europesays.com\/fi\/wp-json\/wp\/v2\/posts"}],"about":[{"href":"https:\/\/www.europesays.com\/fi\/wp-json\/wp\/v2\/types\/post"}],"author":[{"embeddable":true,"href":"https:\/\/www.europesays.com\/fi\/wp-json\/wp\/v2\/users\/2"}],"replies":[{"embeddable":true,"href":"https:\/\/www.europesays.com\/fi\/wp-json\/wp\/v2\/comments?post=94634"}],"version-history":[{"count":0,"href":"https:\/\/www.europesays.com\/fi\/wp-json\/wp\/v2\/posts\/94634\/revisions"}],"wp:featuredmedia":[{"embeddable":true,"href":"https:\/\/www.europesays.com\/fi\/wp-json\/wp\/v2\/media\/94635"}],"wp:attachment":[{"href":"https:\/\/www.europesays.com\/fi\/wp-json\/wp\/v2\/media?parent=94634"}],"wp:term":[{"taxonomy":"category","embeddable":true,"href":"https:\/\/www.europesays.com\/fi\/wp-json\/wp\/v2\/categories?post=94634"},{"taxonomy":"post_tag","embeddable":true,"href":"https:\/\/www.europesays.com\/fi\/wp-json\/wp\/v2\/tags?post=94634"}],"curies":[{"name":"wp","href":"https:\/\/api.w.org\/{rel}","templated":true}]}}