{"id":94638,"date":"2025-11-19T20:12:09","date_gmt":"2025-11-19T20:12:09","guid":{"rendered":"https:\/\/www.europesays.com\/fi\/94638\/"},"modified":"2025-11-19T20:12:09","modified_gmt":"2025-11-19T20:12:09","slug":"analyysi-slush-on-nyt-tarkeampi-kuin-koskaan-narikassa-tyoskentelee-nuoria-jotka-eivat-ole-koskaan-nahneet-nousukautta-talous","status":"publish","type":"post","link":"https:\/\/www.europesays.com\/fi\/94638\/","title":{"rendered":"Analyysi: Slush on nyt t\u00e4rke\u00e4mpi kuin koskaan \u2013 narikassa ty\u00f6skentelee nuoria, jotka eiv\u00e4t ole koskaan n\u00e4hneet nousukautta | Talous"},"content":{"rendered":"<p class=\"aw-1gybjub aw-5vja16 kEtdKx kmuxyA yle__article__paragraph\">T\u00e4n\u00e4 vuonna kasvuyhti\u00f6t ovat oppineet kertomaan alastaan vastaansanomattomilla numeroilla, kirjoittaa Ylen taloustoimittaja Juha-Matti M\u00e4ntyl\u00e4. <\/p>\n<p><img decoding=\"async\" alt=\"Ihmisi\u00e4 slush logon edess\u00e4.\" src=\"https:\/\/www.europesays.com\/fi\/wp-content\/uploads\/2025\/11\/39-1556055691d95799242d.jpeg\" class=\"aw-1l9m598 hKVVvP\"\/><\/p>\n<p>Avaa kuvien katselu<\/p>\n<p>Kasvuyhti\u00f6tapahtuma Slushissa vierailee t\u00e4n\u00e4 vuonna noin 13 000 ihmist\u00e4. Sijoittajia ja startup-v\u00e4ke\u00e4 on tapahtumassa enemm\u00e4n kuin koskaan. Kuva: Henrietta Hassinen \/ Yle<img decoding=\"async\" alt=\"Taloustoimittaja Juha-Matti M\u00e4ntyl\u00e4\" src=\"https:\/\/www.europesays.com\/fi\/wp-content\/uploads\/2025\/08\/39-104111263860e8084b2d.jpeg\" class=\"aw-1l9m598 hKVVvP\"\/><\/p>\n<p class=\"aw-1gybjub aw-1p7kakr kEtdKx cEmitX yle__article__paragraph\">Kasvuyhti\u00f6tapahtuma Slushia on j\u00e4rjestetty jo 18 vuotta, ja suunnilleen yht\u00e4 kauan Suomesta on puuttunut talouskasvu. Helsingin Messukeskuksen narikassa ty\u00f6skentelee nuoria Slush-vapaaehtoisia, jotka eiv\u00e4t ole koskaan n\u00e4hneet nousukautta.<\/p>\n<p class=\"aw-1gybjub aw-1p7kakr kEtdKx cEmitX yle__article__paragraph\">T\u00e4m\u00e4 ei kuitenkaan tarkoita, ett\u00e4 startup-vallankumous olisi j\u00e4\u00e4nyt tussahdukseksi. Kaikkea muuta.<\/p>\n<p class=\"aw-1gybjub aw-1p7kakr kEtdKx cEmitX yle__article__paragraph\">Alan j\u00e4rjest\u00f6jen selvityksen mukaan startup-taustaiset yhti\u00f6t tekiv\u00e4t toissa vuonna jo 12,5 miljardin euron liikevaihdon. Se on enemm\u00e4n kuin Suomen suurimpien mets\u00e4yhti\u00f6iden vuosimyynti.<\/p>\n<p class=\"aw-1gybjub aw-1p7kakr kEtdKx cEmitX yle__article__paragraph\">Toisaalta startup-ala ty\u00f6llisti noin 50\u00a0000 ihmist\u00e4 \u2013 eli enemm\u00e4n kuin Suomen suurin ty\u00f6nantaja S-ryhm\u00e4. Ja kannattaa huomata, ett\u00e4 n\u00e4m\u00e4 eurot ja ty\u00f6paikat ovat uusia ty\u00f6paikkoja. T\u00e4m\u00e4 on sit\u00e4 kasvua, jota Suomesta puuttuu.<\/p>\n<p class=\"aw-1gybjub aw-1p7kakr kEtdKx cEmitX yle__article__paragraph\">Tiedot k\u00e4yv\u00e4t ilmi Startup-yhteis\u00f6n, P\u00e4\u00e4omasijoittajat ry:n ja valtio-omisteisen Teollisuussijoituksen kokoamista <a class=\"aw-iao6s4 iHOxEa yle__article__link\" href=\"https:\/\/paaomasijoittajat.fi\/app\/uploads\/20251107-Startup-study-Final.pdf\" role=\"link\" rel=\"nofollow noopener\" target=\"_blank\">tiedoista<\/a>.<\/p>\n<p class=\"aw-1gybjub aw-1p7kakr kEtdKx cEmitX yle__article__paragraph\">Startupien merkityst\u00e4 voi mitata my\u00f6s vientieuroina, kuten yritt\u00e4j\u00e4-sijoittaja-kirjailijat <strong class=\"aw-ak79eh KyCXm yle__article__strong\">Timo Ahopelto<\/strong> ja <strong class=\"aw-ak79eh KyCXm yle__article__strong\">Jyri Engestr\u00f6m<\/strong> tekev\u00e4t t\u00e4n\u00e4 syksyn\u00e4 <a class=\"aw-iao6s4 iHOxEa yle__article__link\" href=\"https:\/\/yle.fi\/a\/74-20187287\" role=\"link\" rel=\"nofollow noopener\" target=\"_blank\">ilmestyneess\u00e4 kirjassaan<\/a>.<\/p>\n<p class=\"aw-1gybjub aw-1p7kakr kEtdKx cEmitX yle__article__paragraph\">Vuonna 2008, jolloin ensimm\u00e4inen Slush j\u00e4rjestettiin, suomalaisten startup-yritysten vienti oli noin 0,3 miljardia euroa. Viime vuonna se oli jo yhdeks\u00e4n miljardia. Ahopelto ja Engestr\u00f6m laskevat, ett\u00e4 yli kolmannes Suomen kokonaisviennin kasvusta on syntynyt startup-yhti\u00f6ist\u00e4.<\/p>\n<p class=\"aw-1gybjub aw-1p7kakr kEtdKx cEmitX yle__article__paragraph\">T\u00e4n\u00e4 vuonna kasvuyhti\u00f6t ovat oppineet kertomaan alastaan vastaansanomattomilla numeroilla. Sellaisilla, joiden avulla yritysten merkityst\u00e4 voidaan arvioida koko Suomen n\u00e4k\u00f6kulmasta.<\/p>\n<p class=\"aw-1gybjub aw-1p7kakr kEtdKx cEmitX yle__article__paragraph\">Pelkk\u00e4 p\u00f6hin\u00e4 ei riit\u00e4 osoittamaan ty\u00f6n arvoa.<\/p>\n<p class=\"aw-1gybjub aw-1p7kakr kEtdKx cEmitX yle__article__paragraph\">\u201dP\u00f6hin\u00e4\u201d on muuten sana, jota alalla inhotaan.<\/p>\n<p class=\"aw-1gybjub aw-1p7kakr kEtdKx cEmitX yle__article__paragraph\">Huippuvuonna 2019 Slushissa vieraili 25\u00a0000 k\u00e4vij\u00e4\u00e4. Kuten yll\u00e4 oleva kuva kertoo, t\u00e4n\u00e4 vuonna v\u00e4ke\u00e4 on noin 13\u00a0000.<\/p>\n<p class=\"aw-1gybjub aw-1p7kakr kEtdKx cEmitX yle__article__paragraph\">T\u00e4m\u00e4 ei kuitenkaan ole ongelma. Kun hyv\u00e4t ideat etsiv\u00e4t rahoittajia, kohderyhm\u00e4 \u201dmuut\u201d ei ole t\u00e4rke\u00e4. Sijoittajia ja startup-v\u00e4ke\u00e4 on tapahtumassa enemm\u00e4n kuin koskaan.<\/p>\n<p class=\"aw-1gybjub aw-1p7kakr kEtdKx cEmitX yle__article__paragraph\">Ja m\u00e4\u00e4r\u00e4 on tasaisella kasvu-uralla, jos j\u00e4t\u00e4mme koronavuodet huomiotta.<\/p>\n<p>Slush on yritt\u00e4j\u00e4tehdas<\/p>\n<p class=\"aw-1gybjub aw-1p7kakr kEtdKx cEmitX yle__article__paragraph\">Kasvuyhti\u00f6tapahtuma Slush on merkitt\u00e4v\u00e4 uuden yritystoiminnan synnytt\u00e4j\u00e4 ja inspiroija.<\/p>\n<p class=\"aw-1gybjub aw-1p7kakr kEtdKx cEmitX yle__article__paragraph\">Yhdysvaltain Piilaaksossa asuvan sijoittajan ei tarvitse poistua kotoaan tai konttoriltaan tavatakseen runsain mitoin laadukkaita kasvuyrityksi\u00e4. Tarvitaan syy l\u00e4hte\u00e4 Eurooppaan, ja viel\u00e4 suurempi syy l\u00e4hte\u00e4 Suomeen.<\/p>\n<p class=\"aw-1gybjub aw-1p7kakr kEtdKx cEmitX yle__article__paragraph\">Slushista on muodostunut syy.<\/p>\n<p class=\"aw-1gybjub aw-1p7kakr kEtdKx cEmitX yle__article__paragraph\">Suomalaisten yksisarvisten joukkoon <a class=\"aw-iao6s4 iHOxEa yle__article__link\" href=\"https:\/\/www.kauppalehti.fi\/uutiset\/a\/1904d236-5184-4350-9c71-2d7613c67295\" role=\"link\" rel=\"nofollow noopener\" target=\"_blank\">kuuluva kasvuyhti\u00f6<\/a> Aiven ei <a class=\"aw-iao6s4 iHOxEa yle__article__link\" href=\"https:\/\/yle.fi\/a\/3-9949733\" role=\"link\" rel=\"nofollow noopener\" target=\"_blank\">suinkaan ole ainoa<\/a>, joka on kertonut l\u00f6yt\u00e4neens\u00e4 ensimm\u00e4isen sijoittajansa juuri Slushista.<\/p>\n<p class=\"aw-1gybjub aw-1p7kakr kEtdKx cEmitX yle__article__paragraph\">Slush on my\u00f6s itsess\u00e4\u00e4n yritt\u00e4j\u00e4tehdas. Tapahtuman sivuilla kerrotaan, ett\u00e4 viisitoista prosenttia kaikista Slushin ty\u00f6ntekij\u00f6ist\u00e4 \u2013 siis niist\u00e4 sadoista, jotka ovat olleet siell\u00e4 p\u00e4\u00e4toimisesti t\u00f6iss\u00e4 v\u00e4hint\u00e4\u00e4n muutaman kuukauden ajan \u2013 on sittemmin perustanut startup-yhti\u00f6n. Suhde on suurempi kuin suomalaisv\u00e4est\u00f6ss\u00e4 keskim\u00e4\u00e4rin.<\/p>\n<p class=\"aw-1gybjub aw-1p7kakr kEtdKx cEmitX yle__article__paragraph\">Tunnetuin Slush-taustainen yritt\u00e4j\u00e4 on tapahtuman entinen toimitusjohtaja <strong class=\"aw-ak79eh KyCXm yle__article__strong\">Miki Kuusi<\/strong>, joka on Wolt-kaupan j\u00e4lkeen komeillut veronmaksulistojen k\u00e4rjess\u00e4 kolmena vuotena per\u00e4kk\u00e4in. Samoilla listoilla ovat my\u00f6s entiset Slush-toimitusjohtajat <strong class=\"aw-ak79eh KyCXm yle__article__strong\">Marianne Vikkula<\/strong> ja <strong class=\"aw-ak79eh KyCXm yle__article__strong\">Riku M\u00e4kel\u00e4<\/strong> \u2013 jotka tosin eiv\u00e4t kuulu Woltin perustajakuusikkoon.<\/p>\n<p class=\"aw-1gybjub aw-1p7kakr kEtdKx cEmitX yle__article__paragraph\">Ja kukaan ei tied\u00e4, millaisen vaikutuksen tapahtuma on tehnyt tuhansiin vapaaehtoisiin. Niihin, jotka ty\u00f6skentelev\u00e4t esimerkiksi narikassa.<\/p>\n","protected":false},"excerpt":{"rendered":"T\u00e4n\u00e4 vuonna kasvuyhti\u00f6t ovat oppineet kertomaan alastaan vastaansanomattomilla numeroilla, kirjoittaa Ylen taloustoimittaja Juha-Matti M\u00e4ntyl\u00e4. Avaa kuvien katselu Kasvuyhti\u00f6tapahtuma&hellip;\n","protected":false},"author":2,"featured_media":94639,"comment_status":"","ping_status":"","sticky":false,"template":"","format":"standard","meta":{"footnotes":""},"categories":[76],"tags":[79,77,33,31,30,18609,16666,32,78,16134,4004],"class_list":{"0":"post-94638","1":"post","2":"type-post","3":"status-publish","4":"format-standard","5":"has-post-thumbnail","7":"category-talous","8":"tag-business","9":"tag-economy","10":"tag-fi","11":"tag-finland","12":"tag-finnish","13":"tag-slush-tapahtuma","14":"tag-startup-yritys","15":"tag-suomi","16":"tag-talous","17":"tag-uudet-yritykset","18":"tag-yrittajyys"},"share_on_mastodon":{"url":"https:\/\/pubeurope.com\/@fi\/115578191668562083","error":""},"_links":{"self":[{"href":"https:\/\/www.europesays.com\/fi\/wp-json\/wp\/v2\/posts\/94638","targetHints":{"allow":["GET"]}}],"collection":[{"href":"https:\/\/www.europesays.com\/fi\/wp-json\/wp\/v2\/posts"}],"about":[{"href":"https:\/\/www.europesays.com\/fi\/wp-json\/wp\/v2\/types\/post"}],"author":[{"embeddable":true,"href":"https:\/\/www.europesays.com\/fi\/wp-json\/wp\/v2\/users\/2"}],"replies":[{"embeddable":true,"href":"https:\/\/www.europesays.com\/fi\/wp-json\/wp\/v2\/comments?post=94638"}],"version-history":[{"count":0,"href":"https:\/\/www.europesays.com\/fi\/wp-json\/wp\/v2\/posts\/94638\/revisions"}],"wp:featuredmedia":[{"embeddable":true,"href":"https:\/\/www.europesays.com\/fi\/wp-json\/wp\/v2\/media\/94639"}],"wp:attachment":[{"href":"https:\/\/www.europesays.com\/fi\/wp-json\/wp\/v2\/media?parent=94638"}],"wp:term":[{"taxonomy":"category","embeddable":true,"href":"https:\/\/www.europesays.com\/fi\/wp-json\/wp\/v2\/categories?post=94638"},{"taxonomy":"post_tag","embeddable":true,"href":"https:\/\/www.europesays.com\/fi\/wp-json\/wp\/v2\/tags?post=94638"}],"curies":[{"name":"wp","href":"https:\/\/api.w.org\/{rel}","templated":true}]}}