{"id":94640,"date":"2025-11-19T20:13:08","date_gmt":"2025-11-19T20:13:08","guid":{"rendered":"https:\/\/www.europesays.com\/fi\/94640\/"},"modified":"2025-11-19T20:13:08","modified_gmt":"2025-11-19T20:13:08","slug":"israel-iskenyt-kuolettavasti-gazaan-mtv-uutiset","status":"publish","type":"post","link":"https:\/\/www.europesays.com\/fi\/94640\/","title":{"rendered":"Israel iskenyt kuolettavasti Gazaan | MTV Uutiset"},"content":{"rendered":"<p><strong class=\"typography-bold\">Israel on jatkanut iskuja my\u00f6s Libanoniin, vaikka maiden v\u00e4lill\u00e4 solmittiin aselepo vuosi sitten.<\/strong><\/p>\n<p>Gazassa ainakin 22 ihmist\u00e4 on kuollut Israelin iskuissa eri paikoissa. Asiasta kertoo Gazan v\u00e4est\u00f6nsuojeluvirasto.<\/p>\n<p>Israelin asevoimat kertoi t\u00e4n\u00e4\u00e4n iskev\u00e4ns\u00e4 Gazassa kohteisiin, jotka sen mukaan kuuluvat \u00e4\u00e4rij\u00e4rjest\u00f6 Hamasille.<\/p>\n<p>Asevoimien mukaan Hamas oli avannut tulen kohti israelilaisjoukkoja etel\u00e4isess\u00e4 Gazassa. Israelin mukaan Hamas on n\u00e4in rikkonut aseleposopimusta.<\/p>\n<p>Lis\u00e4ksi Israelin armeija on keskiviikkona jatkanut iskuja Etel\u00e4-Libanoniin, jossa se kertoo iskeneens\u00e4 useisiin kaupunkeihin.<\/p>\n<p>Iskujen kohteena oli Israelin mukaan \u00e4\u00e4rij\u00e4rjest\u00f6 Hizbollahin sotilasinfrastruktuuri. Libanonin mukaan Israel rikkoo iskuillaan maiden v\u00e4lille solmittua aselepoa.<\/p>\n<p>Libanon on aloittanut Yhdysvaltain voimakkaan painostuksen alaisena Hizbollahin aseistariisumisen, mutta \u00e4\u00e4rij\u00e4rjest\u00f6 ei ole suostunut luovuttamaan aseitaan.<\/p>\n<p>Israel on jatkanut iskuja Libanoniin, vaikka maiden v\u00e4lille solmittiin aselepo vuosi sitten marraskuussa. Ennen aselepoa konflikti Hizbollahin kanssa oli jatkunut yli vuoden ja avointa sotaa oli k\u00e4yty kaksi kuukautta. Hizbollah on Hamasin liittolainen.<\/p>\n<p><strong class=\"typography-bold\">Tiistaina isku pakolaisleiriin<\/strong><\/p>\n<p>Libanonin mukaan ainakin 13 ihmist\u00e4 kuoli tiistaina Israelin tekem\u00e4ss\u00e4 iskussa palestiinalaisten pakolaisleiriin Etel\u00e4-Libanonissa. Useiden kerrottiin my\u00f6s haavoittuneen.<\/p>\n<p>Israelin mukaan tiistaisten iskujen kohteena oli Hamasin koulutuskeskus. Israel sanoi est\u00e4v\u00e4ns\u00e4 sen, ett\u00e4 Gazan kaistaa hallitseva Hamas juurruttaisi toimintaansa Libanoniin.<\/p>\n<p>Israelin iskut Libanonissa ovat p\u00e4\u00e4s\u00e4\u00e4nt\u00f6isesti kohdistuneet Iranin tukeman Hizbollahin toimintaan, mutta silloin t\u00e4ll\u00f6in Israel on kertonut my\u00f6s hy\u00f6k\u00e4nneens\u00e4 Hamasin taistelijoita vastaan Libanonissa. Libanonin valtiollisen uutistoimiston mukaan tiistaisten iskujen kohteina olivat moskeija ja sen l\u00e4hell\u00e4 ollut auto.<\/p>\n<p>Hamas kiisti tiistain iskujen j\u00e4lkeen, ett\u00e4 sill\u00e4 olisi Libanonissa mink\u00e4\u00e4nlaisia sotilaallisia laitoksia.<\/p>\n","protected":false},"excerpt":{"rendered":"Israel on jatkanut iskuja my\u00f6s Libanoniin, vaikka maiden v\u00e4lill\u00e4 solmittiin aselepo vuosi sitten. Gazassa ainakin 22 ihmist\u00e4 on&hellip;\n","protected":false},"author":2,"featured_media":94641,"comment_status":"","ping_status":"","sticky":false,"template":"","format":"standard","meta":{"footnotes":""},"categories":[14],"tags":[22,23,26,27,33,31,30,17,24,25,28,29,15,18,21,32,19,20,56,16,59,60,61],"class_list":{"0":"post-94640","1":"post","2":"type-post","3":"status-publish","4":"format-standard","5":"has-post-thumbnail","7":"category-ulkomaat","8":"tag-breaking-news","9":"tag-breakingnews","10":"tag-featured-news","11":"tag-featurednews","12":"tag-fi","13":"tag-finland","14":"tag-finnish","15":"tag-headlines","16":"tag-latest-news","17":"tag-latestnews","18":"tag-main-news","19":"tag-mainnews","20":"tag-news","21":"tag-otsikot","22":"tag-paauutiset","23":"tag-suomi","24":"tag-top-stories","25":"tag-topstories","26":"tag-ulkomaat","27":"tag-uutiset","28":"tag-world","29":"tag-world-news","30":"tag-worldnews"},"share_on_mastodon":{"url":"https:\/\/pubeurope.com\/@fi\/115578195578159170","error":""},"_links":{"self":[{"href":"https:\/\/www.europesays.com\/fi\/wp-json\/wp\/v2\/posts\/94640","targetHints":{"allow":["GET"]}}],"collection":[{"href":"https:\/\/www.europesays.com\/fi\/wp-json\/wp\/v2\/posts"}],"about":[{"href":"https:\/\/www.europesays.com\/fi\/wp-json\/wp\/v2\/types\/post"}],"author":[{"embeddable":true,"href":"https:\/\/www.europesays.com\/fi\/wp-json\/wp\/v2\/users\/2"}],"replies":[{"embeddable":true,"href":"https:\/\/www.europesays.com\/fi\/wp-json\/wp\/v2\/comments?post=94640"}],"version-history":[{"count":0,"href":"https:\/\/www.europesays.com\/fi\/wp-json\/wp\/v2\/posts\/94640\/revisions"}],"wp:featuredmedia":[{"embeddable":true,"href":"https:\/\/www.europesays.com\/fi\/wp-json\/wp\/v2\/media\/94641"}],"wp:attachment":[{"href":"https:\/\/www.europesays.com\/fi\/wp-json\/wp\/v2\/media?parent=94640"}],"wp:term":[{"taxonomy":"category","embeddable":true,"href":"https:\/\/www.europesays.com\/fi\/wp-json\/wp\/v2\/categories?post=94640"},{"taxonomy":"post_tag","embeddable":true,"href":"https:\/\/www.europesays.com\/fi\/wp-json\/wp\/v2\/tags?post=94640"}],"curies":[{"name":"wp","href":"https:\/\/api.w.org\/{rel}","templated":true}]}}